{"id":151434,"date":"2026-04-30T15:52:21","date_gmt":"2026-04-30T13:52:21","guid":{"rendered":"https:\/\/msk.lodz.pl\/?p=151434"},"modified":"2026-04-30T15:52:25","modified_gmt":"2026-04-30T13:52:25","slug":"maj-na-widzewie-wschodzie","status":"publish","type":"post","link":"http:\/\/msk.lodz.pl\/en\/maj-na-widzewie-wschodzie\/","title":{"rendered":"MAJ NA WIDZEWIE WSCHODZIE"},"content":{"rendered":"<p><\/p>\n\n\n\n<p>Przed nami maj &#8211; jeden z najpi\u0119kniejszych miesi\u0119cy, r\u00f3wnie\u017c w naszym domu kultury. <\/p>\n\n\n\n<p>Zapraszamy Was na nast\u0119puj\u0105ce wydarzenia:<\/p>\n\n\n\n<p><strong>HANAMI &#8211; DZIE\u0143 JAPO\u0143SKI W 502<\/strong><\/p>\n\n\n\n<figure class=\"wp-block-image size-large\"><img fetchpriority=\"high\" decoding=\"async\" width=\"1024\" height=\"736\" src=\"https:\/\/msk.lodz.pl\/wp-content\/uploads\/2026\/04\/JEZYK-WLOSKI-DLA-DOROSLYCH-OD-PODSTAW-1-1024x736.png\" alt=\"\" class=\"wp-image-150540\" srcset=\"https:\/\/msk.lodz.pl\/wp-content\/uploads\/2026\/04\/JEZYK-WLOSKI-DLA-DOROSLYCH-OD-PODSTAW-1-1024x736.png 1024w, https:\/\/msk.lodz.pl\/wp-content\/uploads\/2026\/04\/JEZYK-WLOSKI-DLA-DOROSLYCH-OD-PODSTAW-1-300x216.png 300w, https:\/\/msk.lodz.pl\/wp-content\/uploads\/2026\/04\/JEZYK-WLOSKI-DLA-DOROSLYCH-OD-PODSTAW-1-768x552.png 768w, https:\/\/msk.lodz.pl\/wp-content\/uploads\/2026\/04\/JEZYK-WLOSKI-DLA-DOROSLYCH-OD-PODSTAW-1-18x12.png 18w, https:\/\/msk.lodz.pl\/wp-content\/uploads\/2026\/04\/JEZYK-WLOSKI-DLA-DOROSLYCH-OD-PODSTAW-1-600x431.png 600w, https:\/\/msk.lodz.pl\/wp-content\/uploads\/2026\/04\/JEZYK-WLOSKI-DLA-DOROSLYCH-OD-PODSTAW-1.png 1424w\" sizes=\"(max-width: 1024px) 100vw, 1024px\" \/><\/figure>\n\n\n\n<p>Deadline: <strong>10 maja 2026, godz. 14:00-18:30<\/strong><\/p>\n\n\n\n<p>Miejsce: <strong>MSK: Widzew Wsch\u00f3d &#8211; Dom Kultury 502, ul. Sacharowa 18 w \u0141odzi.<\/strong><\/p>\n\n\n\n<p><strong>Hanami &#8211; Dzie\u0144 Japo\u0144ski w 502<\/strong> to wydarzenie, kt\u00f3re przybli\u017cy kultur\u0119 kraju kwitn\u0105cej wi\u015bni. W programie znajduj\u0105 si\u0119 m.in.: warsztaty kaligrafii, tworzenie origami, ceremonia parzenia herbaty, a tak\u017ce pokazy sztuk walki, wystawa kimon, czy ekskpozycja tradycyjnej broni japo\u0144skiej.<\/p>\n\n\n\n<p>Wst\u0119p na wszystkie wydarzenia w ramach Dnia Japo\u0144skiego jest bezp\u0142atny, jednak ze wzgl\u0119du na ograniczon\u0105 liczb\u0119 miejsc, na warsztaty i zwiedzanie wystawy, obowi\u0105zuj\u0105 zapisy: <a href=\"https:\/\/msk.lodz.pl\/en\/msk\/hanami-dzien-japonski-w-502\/?occurrence=2026-05-10\">online<\/a> lub bezpo\u015brednio w domu kultury.<\/p>\n\n\n\n<figure class=\"wp-block-image size-large\"><img decoding=\"async\" width=\"724\" height=\"1024\" data-src=\"https:\/\/msk.lodz.pl\/wp-content\/uploads\/2026\/04\/program-1-724x1024.png\" alt=\"\" class=\"wp-image-150528 lazyload\" data-srcset=\"https:\/\/msk.lodz.pl\/wp-content\/uploads\/2026\/04\/program-1-724x1024.png 724w, https:\/\/msk.lodz.pl\/wp-content\/uploads\/2026\/04\/program-1-212x300.png 212w, https:\/\/msk.lodz.pl\/wp-content\/uploads\/2026\/04\/program-1-768x1086.png 768w, https:\/\/msk.lodz.pl\/wp-content\/uploads\/2026\/04\/program-1-1086x1536.png 1086w, https:\/\/msk.lodz.pl\/wp-content\/uploads\/2026\/04\/program-1-8x12.png 8w, https:\/\/msk.lodz.pl\/wp-content\/uploads\/2026\/04\/program-1-600x849.png 600w, https:\/\/msk.lodz.pl\/wp-content\/uploads\/2026\/04\/program-1.png 1414w\" data-sizes=\"(max-width: 724px) 100vw, 724px\" src=\"data:image\/gif;base64,R0lGODlhAQABAAAAACH5BAEKAAEALAAAAAABAAEAAAICTAEAOw==\" style=\"--smush-placeholder-width: 724px; --smush-placeholder-aspect-ratio: 724\/1024;\" \/><noscript><img decoding=\"async\" width=\"724\" height=\"1024\" src=\"https:\/\/msk.lodz.pl\/wp-content\/uploads\/2026\/04\/program-1-724x1024.png\" alt=\"\" class=\"wp-image-150528\" srcset=\"https:\/\/msk.lodz.pl\/wp-content\/uploads\/2026\/04\/program-1-724x1024.png 724w, https:\/\/msk.lodz.pl\/wp-content\/uploads\/2026\/04\/program-1-212x300.png 212w, https:\/\/msk.lodz.pl\/wp-content\/uploads\/2026\/04\/program-1-768x1086.png 768w, https:\/\/msk.lodz.pl\/wp-content\/uploads\/2026\/04\/program-1-1086x1536.png 1086w, https:\/\/msk.lodz.pl\/wp-content\/uploads\/2026\/04\/program-1-8x12.png 8w, https:\/\/msk.lodz.pl\/wp-content\/uploads\/2026\/04\/program-1-600x849.png 600w, https:\/\/msk.lodz.pl\/wp-content\/uploads\/2026\/04\/program-1.png 1414w\" sizes=\"(max-width: 724px) 100vw, 724px\" \/><\/noscript><\/figure>\n\n\n\n<p><strong>SPEKTAKL GRUBASKA TEATRU SCENA POCZEKALNIA<\/strong><\/p>\n\n\n\n<p>Deadlines:<strong> 15 maja godz. 19:00, 16 maja godz. 19:00<\/strong><\/p>\n\n\n\n<p>Miejsce: <strong>MSK: Widzew Wsch\u00f3d &#8211; Dom Kultury 502, ul. Sacharowa 18 w \u0141odzi.<\/strong><\/p>\n\n\n\n<figure class=\"wp-block-image size-large\"><img decoding=\"async\" width=\"1024\" height=\"683\" data-src=\"https:\/\/msk.lodz.pl\/wp-content\/uploads\/2026\/03\/Grubaska_foto-2-2-1024x683.jpg\" alt=\"\" class=\"wp-image-145332 lazyload\" data-srcset=\"https:\/\/msk.lodz.pl\/wp-content\/uploads\/2026\/03\/Grubaska_foto-2-2-1024x683.jpg 1024w, https:\/\/msk.lodz.pl\/wp-content\/uploads\/2026\/03\/Grubaska_foto-2-2-300x200.jpg 300w, https:\/\/msk.lodz.pl\/wp-content\/uploads\/2026\/03\/Grubaska_foto-2-2-768x512.jpg 768w, https:\/\/msk.lodz.pl\/wp-content\/uploads\/2026\/03\/Grubaska_foto-2-2-391x260.jpg 391w, https:\/\/msk.lodz.pl\/wp-content\/uploads\/2026\/03\/Grubaska_foto-2-2-1536x1024.jpg 1536w, https:\/\/msk.lodz.pl\/wp-content\/uploads\/2026\/03\/Grubaska_foto-2-2-2048x1365.jpg 2048w, https:\/\/msk.lodz.pl\/wp-content\/uploads\/2026\/03\/Grubaska_foto-2-2-18x12.jpg 18w, https:\/\/msk.lodz.pl\/wp-content\/uploads\/2026\/03\/Grubaska_foto-2-2-600x400.jpg 600w\" data-sizes=\"(max-width: 1024px) 100vw, 1024px\" src=\"data:image\/gif;base64,R0lGODlhAQABAAAAACH5BAEKAAEALAAAAAABAAEAAAICTAEAOw==\" style=\"--smush-placeholder-width: 1024px; --smush-placeholder-aspect-ratio: 1024\/683;\" \/><noscript><img decoding=\"async\" width=\"1024\" height=\"683\" src=\"https:\/\/msk.lodz.pl\/wp-content\/uploads\/2026\/03\/Grubaska_foto-2-2-1024x683.jpg\" alt=\"\" class=\"wp-image-145332\" srcset=\"https:\/\/msk.lodz.pl\/wp-content\/uploads\/2026\/03\/Grubaska_foto-2-2-1024x683.jpg 1024w, https:\/\/msk.lodz.pl\/wp-content\/uploads\/2026\/03\/Grubaska_foto-2-2-300x200.jpg 300w, https:\/\/msk.lodz.pl\/wp-content\/uploads\/2026\/03\/Grubaska_foto-2-2-768x512.jpg 768w, https:\/\/msk.lodz.pl\/wp-content\/uploads\/2026\/03\/Grubaska_foto-2-2-391x260.jpg 391w, https:\/\/msk.lodz.pl\/wp-content\/uploads\/2026\/03\/Grubaska_foto-2-2-1536x1024.jpg 1536w, https:\/\/msk.lodz.pl\/wp-content\/uploads\/2026\/03\/Grubaska_foto-2-2-2048x1365.jpg 2048w, https:\/\/msk.lodz.pl\/wp-content\/uploads\/2026\/03\/Grubaska_foto-2-2-18x12.jpg 18w, https:\/\/msk.lodz.pl\/wp-content\/uploads\/2026\/03\/Grubaska_foto-2-2-600x400.jpg 600w\" sizes=\"(max-width: 1024px) 100vw, 1024px\" \/><\/noscript><\/figure>\n\n\n\n<p>Niezwykle pogodna i pe\u0142na humoru opowie\u015b\u0107, podczas kt\u00f3rej niejednokrotnie b\u0119dziecie \u015bmia\u0107 si\u0119 razem z g\u0142\u00f3wn\u0105 bohaterk\u0105, gran\u0105 przez Izabel\u0119 Noszczyk &#8211; aktork\u0119 Teatru Jaracza w \u0141odzi.<\/p>\n\n\n\n<p>Tekst Wandy Szymanowskiej, na podstawie kt\u00f3rego powsta\u0142a sztuka, to historia kobiety, postanawiaj\u0105cej zmieni\u0107 swoje \u017cycie i straci\u0107 na wadze &#8211; nie trac\u0105c przy tym poczucia w\u0142asnej warto\u015bci. W maju zapraszamy Was na dwa pokazy Grubaski &#8211; lekkiej i wci\u0105gaj\u0105cej opowie\u015bci o \u201cwielkiej wadze\u201d i zwi\u0105zanych z ni\u0105 wyzwaniach.<\/p>\n\n\n\n<p><strong>Zabierz mam\u0119 do teatru! &#8211; bilety na majowe spektakle &#8222;Grubaski&#8221; w promocyjnej cenie 30 z\u0142<\/strong>:<\/p>\n\n\n\n<p><a href=\"https:\/\/msk.lodz.pl\/en\/msk\/spektakl-grubaska-scena-poczekalnia-985-693\/?occurrence=2026-05-15\">Zarezerwuj bilet na 15 maja.<\/a><\/p>\n\n\n\n<p><a href=\"https:\/\/msk.lodz.pl\/en\/msk\/spektakl-grubaska-scena-poczekalnia-985-693-235\/?occurrence=2026-05-16\">Zarezerwuj bilet na 16 maja.<\/a><\/p>\n\n\n\n<figure class=\"wp-block-image size-large\"><img loading=\"lazy\" decoding=\"async\" width=\"724\" height=\"1024\" data-src=\"https:\/\/msk.lodz.pl\/wp-content\/uploads\/2026\/04\/grubaska-maj-724x1024.jpg\" alt=\"\" class=\"wp-image-151447 lazyload\" data-srcset=\"https:\/\/msk.lodz.pl\/wp-content\/uploads\/2026\/04\/grubaska-maj-724x1024.jpg 724w, https:\/\/msk.lodz.pl\/wp-content\/uploads\/2026\/04\/grubaska-maj-212x300.jpg 212w, https:\/\/msk.lodz.pl\/wp-content\/uploads\/2026\/04\/grubaska-maj-768x1086.jpg 768w, https:\/\/msk.lodz.pl\/wp-content\/uploads\/2026\/04\/grubaska-maj-1086x1536.jpg 1086w, https:\/\/msk.lodz.pl\/wp-content\/uploads\/2026\/04\/grubaska-maj-8x12.jpg 8w, https:\/\/msk.lodz.pl\/wp-content\/uploads\/2026\/04\/grubaska-maj-600x849.jpg 600w, https:\/\/msk.lodz.pl\/wp-content\/uploads\/2026\/04\/grubaska-maj.jpg 1414w\" data-sizes=\"(max-width: 724px) 100vw, 724px\" src=\"data:image\/gif;base64,R0lGODlhAQABAAAAACH5BAEKAAEALAAAAAABAAEAAAICTAEAOw==\" style=\"--smush-placeholder-width: 724px; --smush-placeholder-aspect-ratio: 724\/1024;\" \/><noscript><img loading=\"lazy\" decoding=\"async\" width=\"724\" height=\"1024\" src=\"https:\/\/msk.lodz.pl\/wp-content\/uploads\/2026\/04\/grubaska-maj-724x1024.jpg\" alt=\"\" class=\"wp-image-151447\" srcset=\"https:\/\/msk.lodz.pl\/wp-content\/uploads\/2026\/04\/grubaska-maj-724x1024.jpg 724w, https:\/\/msk.lodz.pl\/wp-content\/uploads\/2026\/04\/grubaska-maj-212x300.jpg 212w, https:\/\/msk.lodz.pl\/wp-content\/uploads\/2026\/04\/grubaska-maj-768x1086.jpg 768w, https:\/\/msk.lodz.pl\/wp-content\/uploads\/2026\/04\/grubaska-maj-1086x1536.jpg 1086w, https:\/\/msk.lodz.pl\/wp-content\/uploads\/2026\/04\/grubaska-maj-8x12.jpg 8w, https:\/\/msk.lodz.pl\/wp-content\/uploads\/2026\/04\/grubaska-maj-600x849.jpg 600w, https:\/\/msk.lodz.pl\/wp-content\/uploads\/2026\/04\/grubaska-maj.jpg 1414w\" sizes=\"(max-width: 724px) 100vw, 724px\" \/><\/noscript><\/figure>\n\n\n\n<p><strong>LALKOWE SPOTKANIA TEATRALNE IM. WALDEMARA PRESI<\/strong><\/p>\n\n\n\n<p>Deadline: <strong>20 maja godz. 9:00 (przegl\u0105d), 29 maja godz. 11:00 (fina\u0142)<\/strong><\/p>\n\n\n\n<p>Miejsce: <strong>MSK: Widzew Wsch\u00f3d &#8211; Dom Kultury 502, ul. Sacharowa 18 w \u0141odzi.<\/strong><\/p>\n\n\n\n<figure class=\"wp-block-image size-large\"><img loading=\"lazy\" decoding=\"async\" width=\"1024\" height=\"736\" data-src=\"https:\/\/msk.lodz.pl\/wp-content\/uploads\/2026\/04\/JEZYK-WLOSKI-DLA-DOROSLYCH-OD-PODSTAW-1-1-1024x736.png\" alt=\"\" class=\"wp-image-151132 lazyload\" data-srcset=\"https:\/\/msk.lodz.pl\/wp-content\/uploads\/2026\/04\/JEZYK-WLOSKI-DLA-DOROSLYCH-OD-PODSTAW-1-1-1024x736.png 1024w, https:\/\/msk.lodz.pl\/wp-content\/uploads\/2026\/04\/JEZYK-WLOSKI-DLA-DOROSLYCH-OD-PODSTAW-1-1-300x216.png 300w, https:\/\/msk.lodz.pl\/wp-content\/uploads\/2026\/04\/JEZYK-WLOSKI-DLA-DOROSLYCH-OD-PODSTAW-1-1-768x552.png 768w, https:\/\/msk.lodz.pl\/wp-content\/uploads\/2026\/04\/JEZYK-WLOSKI-DLA-DOROSLYCH-OD-PODSTAW-1-1-18x12.png 18w, https:\/\/msk.lodz.pl\/wp-content\/uploads\/2026\/04\/JEZYK-WLOSKI-DLA-DOROSLYCH-OD-PODSTAW-1-1-600x431.png 600w, https:\/\/msk.lodz.pl\/wp-content\/uploads\/2026\/04\/JEZYK-WLOSKI-DLA-DOROSLYCH-OD-PODSTAW-1-1.png 1424w\" data-sizes=\"(max-width: 1024px) 100vw, 1024px\" src=\"data:image\/gif;base64,R0lGODlhAQABAAAAACH5BAEKAAEALAAAAAABAAEAAAICTAEAOw==\" style=\"--smush-placeholder-width: 1024px; --smush-placeholder-aspect-ratio: 1024\/736;\" \/><noscript><img loading=\"lazy\" decoding=\"async\" width=\"1024\" height=\"736\" src=\"https:\/\/msk.lodz.pl\/wp-content\/uploads\/2026\/04\/JEZYK-WLOSKI-DLA-DOROSLYCH-OD-PODSTAW-1-1-1024x736.png\" alt=\"\" class=\"wp-image-151132\" srcset=\"https:\/\/msk.lodz.pl\/wp-content\/uploads\/2026\/04\/JEZYK-WLOSKI-DLA-DOROSLYCH-OD-PODSTAW-1-1-1024x736.png 1024w, https:\/\/msk.lodz.pl\/wp-content\/uploads\/2026\/04\/JEZYK-WLOSKI-DLA-DOROSLYCH-OD-PODSTAW-1-1-300x216.png 300w, https:\/\/msk.lodz.pl\/wp-content\/uploads\/2026\/04\/JEZYK-WLOSKI-DLA-DOROSLYCH-OD-PODSTAW-1-1-768x552.png 768w, https:\/\/msk.lodz.pl\/wp-content\/uploads\/2026\/04\/JEZYK-WLOSKI-DLA-DOROSLYCH-OD-PODSTAW-1-1-18x12.png 18w, https:\/\/msk.lodz.pl\/wp-content\/uploads\/2026\/04\/JEZYK-WLOSKI-DLA-DOROSLYCH-OD-PODSTAW-1-1-600x431.png 600w, https:\/\/msk.lodz.pl\/wp-content\/uploads\/2026\/04\/JEZYK-WLOSKI-DLA-DOROSLYCH-OD-PODSTAW-1-1.png 1424w\" sizes=\"(max-width: 1024px) 100vw, 1024px\" \/><\/noscript><\/figure>\n\n\n\n<p>W 2026 roku<strong>&nbsp;Lalkowe Spotkania Teatralne im. Waldemara Presi&nbsp;<\/strong>\u015bwi\u0119tuj\u0105 sw\u00f3j wyj\u0105tkowy jubileusz \u2013 dwudziest\u0105 edycj\u0119. Wydarzenie organizowane jest przez SP nr 23 w \u0141odzi we wsp\u00f3\u0142pracy z MSK: Widzew Wsch\u00f3d \u2013 Domem Kultury 502.<\/p>\n\n\n\n<p>Lalkowe Spotkania Teatralne to jedna z nielicznych w \u0141odzi imprez dla dzieci, kt\u00f3ra propaguje i popularyzuje teatr lalki. Ma ona charakter konkursu, kt\u00f3ry rozgrywa si\u0119 w dw\u00f3ch niezale\u017cnych od siebie kategoriach:&nbsp;<strong>plastycznej&nbsp;<\/strong>(wykonanie lalki inspirowanej produkcjami Studia Filmowego Se-Ma-For w \u0141odzi) i kategorii&nbsp;<strong>teatralnej&nbsp;<\/strong>(zaprezentowanie sztuki, w kt\u00f3rej wyst\u0105pi\u0142y elementy animacji lalki lub maski). 29 maja odb\u0119dzie si\u0119 fina\u0142, podczas kt\u00f3rego zostan\u0105 og\u0142oszeni zwyci\u0119zcy.<\/p>\n\n\n\n<p><a href=\"https:\/\/msk.lodz.pl\/en\/20-edycja-lalkowych-spotkan-teatralnych-im-waldemara-presi\/\">Wst\u0119p wolny, regulaminy i karta zg\u0142oszenia do pobrania.<\/a><\/p>\n\n\n\n<p><strong>MI\u0141OSNY LABIRYNT IWASZKIEWICZA &#8211; SPOTKANIE W CIENIU PANIEN Z WILKA<\/strong><\/p>\n\n\n\n<p>Deadline: <strong>21 maja, godz. 11:00<\/strong><\/p>\n\n\n\n<p>Miejsce: <strong>MSK: Widzew Wsch\u00f3d &#8211; Dom Kultury 502, ul. Sacharowa 18 w \u0141odzi.<\/strong><\/p>\n\n\n\n<p>W ramach <strong>Seniorali\u00f3w 2026<\/strong> zaprezentujemy film \u201eLato w Byszewach\u201d, kt\u00f3ry powsta\u0142 z inspiracji s\u0142ynnym opowiadaniem Jaros\u0142awa Iwaszkiewicza \u201ePanny z Wilka\u201d. Wst\u0119pem do filmu b\u0119dzie prelekcja przedstawiaj\u0105ca ciekawostki z \u017cycia autora, Jaros\u0142awa Iwaszkiewicza. Wyg\u0142osi j\u0105 Masza Bogucka, aktorka odtwarzaj\u0105ca jedn\u0105 z r\u00f3l, animatorka kultury, edukatorka MSK.<\/p>\n\n\n\n<p>Po seansie zapraszamy na mini warsztat r\u0119kodzie\u0142a \u2013 samodzielne wykonanie mi\u0142osnego amuletu.<\/p>\n\n\n\n<p><strong>Wst\u0119p wolny \u2013 obowi\u0105zuj\u0105 zapisy<\/strong> mailowo: domkultury502@msk.lodz.pl, pod numerem telefonu 574190682, lub bezpo\u015brednio w MSK: Widzew Wsch\u00f3d DK 502 ul. Sacharowa 18.<\/p>\n\n\n\n<p><strong>TRZEWIA. ZAPISKI Z PR\u00d3B &#8211; SPEKTAKL STUDIA SATURATOR W RE\u017b. MASZY BOGUCKIEJ<\/strong><\/p>\n\n\n\n<figure class=\"wp-block-image size-large\"><img loading=\"lazy\" decoding=\"async\" width=\"683\" height=\"1024\" data-src=\"https:\/\/msk.lodz.pl\/wp-content\/uploads\/2026\/04\/597766945_1292440652915489_7392876204231760426_n-683x1024.jpg\" alt=\"\" class=\"wp-image-150305 lazyload\" data-srcset=\"https:\/\/msk.lodz.pl\/wp-content\/uploads\/2026\/04\/597766945_1292440652915489_7392876204231760426_n-683x1024.jpg 683w, https:\/\/msk.lodz.pl\/wp-content\/uploads\/2026\/04\/597766945_1292440652915489_7392876204231760426_n-200x300.jpg 200w, https:\/\/msk.lodz.pl\/wp-content\/uploads\/2026\/04\/597766945_1292440652915489_7392876204231760426_n-768x1151.jpg 768w, https:\/\/msk.lodz.pl\/wp-content\/uploads\/2026\/04\/597766945_1292440652915489_7392876204231760426_n-1025x1536.jpg 1025w, https:\/\/msk.lodz.pl\/wp-content\/uploads\/2026\/04\/597766945_1292440652915489_7392876204231760426_n-8x12.jpg 8w, https:\/\/msk.lodz.pl\/wp-content\/uploads\/2026\/04\/597766945_1292440652915489_7392876204231760426_n-600x900.jpg 600w, https:\/\/msk.lodz.pl\/wp-content\/uploads\/2026\/04\/597766945_1292440652915489_7392876204231760426_n.jpg 1366w\" data-sizes=\"(max-width: 683px) 100vw, 683px\" src=\"data:image\/gif;base64,R0lGODlhAQABAAAAACH5BAEKAAEALAAAAAABAAEAAAICTAEAOw==\" style=\"--smush-placeholder-width: 683px; --smush-placeholder-aspect-ratio: 683\/1024;\" \/><noscript><img loading=\"lazy\" decoding=\"async\" width=\"683\" height=\"1024\" src=\"https:\/\/msk.lodz.pl\/wp-content\/uploads\/2026\/04\/597766945_1292440652915489_7392876204231760426_n-683x1024.jpg\" alt=\"\" class=\"wp-image-150305\" srcset=\"https:\/\/msk.lodz.pl\/wp-content\/uploads\/2026\/04\/597766945_1292440652915489_7392876204231760426_n-683x1024.jpg 683w, https:\/\/msk.lodz.pl\/wp-content\/uploads\/2026\/04\/597766945_1292440652915489_7392876204231760426_n-200x300.jpg 200w, https:\/\/msk.lodz.pl\/wp-content\/uploads\/2026\/04\/597766945_1292440652915489_7392876204231760426_n-768x1151.jpg 768w, https:\/\/msk.lodz.pl\/wp-content\/uploads\/2026\/04\/597766945_1292440652915489_7392876204231760426_n-1025x1536.jpg 1025w, https:\/\/msk.lodz.pl\/wp-content\/uploads\/2026\/04\/597766945_1292440652915489_7392876204231760426_n-8x12.jpg 8w, https:\/\/msk.lodz.pl\/wp-content\/uploads\/2026\/04\/597766945_1292440652915489_7392876204231760426_n-600x900.jpg 600w, https:\/\/msk.lodz.pl\/wp-content\/uploads\/2026\/04\/597766945_1292440652915489_7392876204231760426_n.jpg 1366w\" sizes=\"(max-width: 683px) 100vw, 683px\" \/><\/noscript><\/figure>\n\n\n\n<p>Deadline: <strong>22 maja, godz. 19:00<\/strong>, <strong>31 maja godz. 19:00<\/strong><\/p>\n\n\n\n<p>Miejsce: <strong>MSK: Widzew Wsch\u00f3d &#8211; Dom Kultury 502, ul. Sacharowa 18 w \u0141odzi.<\/strong><\/p>\n\n\n\n<p>To spektakl nie spektakl. Raczej opowie\u015b\u0107, rodzaj dokumentu tworzonego w spos\u00f3b ca\u0142kowicie autorski przez aktor\u00f3w i liderk\u0119 zespo\u0142u. Kilkunastomiesi\u0119czny proces pr\u00f3b bazuj\u0105cy na aktorskiej improwizacji i zespo\u0142owym pisaniu dialog\u00f3w, poprowadzi\u0142 tw\u00f3rc\u00f3w do historii o ludziach takich jak oni sami. Takich, kt\u00f3rzy w teatrze \u201enie umiej\u0105 ju\u017c nie by\u0107\u201d.<\/p>\n\n\n\n<p>Zapraszamy do wej\u015bcia w przestrzenie, do kt\u00f3rych widz zwykle nie ma wst\u0119pu. Podgl\u0105dajcie, pods\u0142uchujcie, b\u0105d\u017acie niemymi \u015bwiadkami stwarzania \u015bwiat\u00f3w tylko z pozoru wyobra\u017conych. Bo na sali pr\u00f3b r\u00f3\u017cnica pomi\u0119dzy teatrem a \u017cyciem zaciera si\u0119. Pozostaje tylko prawda.<\/p>\n\n\n\n<figure class=\"wp-block-image size-large\"><img loading=\"lazy\" decoding=\"async\" width=\"1024\" height=\"683\" data-src=\"https:\/\/msk.lodz.pl\/wp-content\/uploads\/2026\/03\/d081297a-1897-47de-9b8e-43232fdf7123-1024x683.jpg\" alt=\"\" class=\"wp-image-143962 lazyload\" data-srcset=\"https:\/\/msk.lodz.pl\/wp-content\/uploads\/2026\/03\/d081297a-1897-47de-9b8e-43232fdf7123-1024x683.jpg 1024w, https:\/\/msk.lodz.pl\/wp-content\/uploads\/2026\/03\/d081297a-1897-47de-9b8e-43232fdf7123-300x200.jpg 300w, https:\/\/msk.lodz.pl\/wp-content\/uploads\/2026\/03\/d081297a-1897-47de-9b8e-43232fdf7123-768x512.jpg 768w, https:\/\/msk.lodz.pl\/wp-content\/uploads\/2026\/03\/d081297a-1897-47de-9b8e-43232fdf7123-391x260.jpg 391w, https:\/\/msk.lodz.pl\/wp-content\/uploads\/2026\/03\/d081297a-1897-47de-9b8e-43232fdf7123-1536x1024.jpg 1536w, https:\/\/msk.lodz.pl\/wp-content\/uploads\/2026\/03\/d081297a-1897-47de-9b8e-43232fdf7123-18x12.jpg 18w, https:\/\/msk.lodz.pl\/wp-content\/uploads\/2026\/03\/d081297a-1897-47de-9b8e-43232fdf7123-600x400.jpg 600w, https:\/\/msk.lodz.pl\/wp-content\/uploads\/2026\/03\/d081297a-1897-47de-9b8e-43232fdf7123.jpg 1920w\" data-sizes=\"(max-width: 1024px) 100vw, 1024px\" src=\"data:image\/gif;base64,R0lGODlhAQABAAAAACH5BAEKAAEALAAAAAABAAEAAAICTAEAOw==\" style=\"--smush-placeholder-width: 1024px; --smush-placeholder-aspect-ratio: 1024\/683;\" \/><noscript><img loading=\"lazy\" decoding=\"async\" width=\"1024\" height=\"683\" src=\"https:\/\/msk.lodz.pl\/wp-content\/uploads\/2026\/03\/d081297a-1897-47de-9b8e-43232fdf7123-1024x683.jpg\" alt=\"\" class=\"wp-image-143962\" srcset=\"https:\/\/msk.lodz.pl\/wp-content\/uploads\/2026\/03\/d081297a-1897-47de-9b8e-43232fdf7123-1024x683.jpg 1024w, https:\/\/msk.lodz.pl\/wp-content\/uploads\/2026\/03\/d081297a-1897-47de-9b8e-43232fdf7123-300x200.jpg 300w, https:\/\/msk.lodz.pl\/wp-content\/uploads\/2026\/03\/d081297a-1897-47de-9b8e-43232fdf7123-768x512.jpg 768w, https:\/\/msk.lodz.pl\/wp-content\/uploads\/2026\/03\/d081297a-1897-47de-9b8e-43232fdf7123-391x260.jpg 391w, https:\/\/msk.lodz.pl\/wp-content\/uploads\/2026\/03\/d081297a-1897-47de-9b8e-43232fdf7123-1536x1024.jpg 1536w, https:\/\/msk.lodz.pl\/wp-content\/uploads\/2026\/03\/d081297a-1897-47de-9b8e-43232fdf7123-18x12.jpg 18w, https:\/\/msk.lodz.pl\/wp-content\/uploads\/2026\/03\/d081297a-1897-47de-9b8e-43232fdf7123-600x400.jpg 600w, https:\/\/msk.lodz.pl\/wp-content\/uploads\/2026\/03\/d081297a-1897-47de-9b8e-43232fdf7123.jpg 1920w\" sizes=\"(max-width: 1024px) 100vw, 1024px\" \/><\/noscript><\/figure>\n\n\n\n<p>Bilety w cenie 30 z\u0142 dost\u0119pne online i na miejscu.<\/p>\n\n\n\n<p><a href=\"https:\/\/msk.lodz.pl\/en\/msk\/spektakl-trzewia-zapiski-z-prob\/?occurrence=2026-05-22\">Zarezerwuj bilety na 22 maja.<\/a><\/p>\n\n\n\n<p><a href=\"https:\/\/msk.lodz.pl\/en\/msk\/spektakl-trzewia-zapiski-z-prob-307\/?occurrence=2026-05-31\">Zarezerwuj bilety na 31 maja.<\/a><\/p>\n\n\n\n<p><\/p>","protected":false},"excerpt":{"rendered":"<p>Przed nami maj &#8211; jeden z najpi\u0119kniejszych miesi\u0119cy, r\u00f3wnie\u017c w naszym domu kultury. Zapraszamy Was na nast\u0119puj\u0105ce wydarzenia: HANAMI &#8211; DZIE\u0143 JAPO\u0143SKI W 502 Termin: 10 maja 2026, godz. 14:00-18:30 Miejsce: MSK: Widzew Wsch\u00f3d &#8211; Dom Kultury 502, ul. Sacharowa 18 w \u0141odzi. Hanami &#8211; Dzie\u0144 Japo\u0144ski w 502 to wydarzenie, kt\u00f3re przybli\u017cy kultur\u0119 kraju [&hellip;]<\/p>","protected":false},"author":111,"featured_media":151469,"comment_status":"closed","ping_status":"closed","sticky":false,"template":"","format":"standard","meta":{"footnotes":""},"categories":[227],"tags":[965,296,743,522],"class_list":["post-151434","post","type-post","status-publish","format-standard","has-post-thumbnail","hentry","category-aktualnosci-msk-widzew-wschod","tag-dzien-japonski","tag-film","tag-senioralia","tag-wydarzenia"],"yoast_head":"<!-- This site is optimized with the Yoast SEO plugin v26.5 - https:\/\/yoast.com\/wordpress\/plugins\/seo\/ -->\n<title>MAJ NA WIDZEWIE WSCHODZIE - MSK<\/title>\n<meta name=\"robots\" content=\"index, follow, max-snippet:-1, max-image-preview:large, max-video-preview:-1\" \/>\n<link rel=\"canonical\" href=\"https:\/\/msk.lodz.pl\/en\/maj-na-widzewie-wschodzie\/\" \/>\n<meta property=\"og:locale\" content=\"en_GB\" \/>\n<meta property=\"og:type\" content=\"article\" \/>\n<meta property=\"og:title\" content=\"MAJ NA WIDZEWIE WSCHODZIE - MSK\" \/>\n<meta property=\"og:description\" content=\"Przed nami maj &#8211; jeden z najpi\u0119kniejszych miesi\u0119cy, r\u00f3wnie\u017c w naszym domu kultury. Zapraszamy Was na nast\u0119puj\u0105ce wydarzenia: HANAMI &#8211; DZIE\u0143 JAPO\u0143SKI W 502 Termin: 10 maja 2026, godz. 14:00-18:30 Miejsce: MSK: Widzew Wsch\u00f3d &#8211; Dom Kultury 502, ul. Sacharowa 18 w \u0141odzi. Hanami &#8211; Dzie\u0144 Japo\u0144ski w 502 to wydarzenie, kt\u00f3re przybli\u017cy kultur\u0119 kraju [&hellip;]\" \/>\n<meta property=\"og:url\" content=\"https:\/\/msk.lodz.pl\/en\/maj-na-widzewie-wschodzie\/\" \/>\n<meta property=\"og:site_name\" content=\"MSK\" \/>\n<meta property=\"article:published_time\" content=\"2026-04-30T13:52:21+00:00\" \/>\n<meta property=\"article:modified_time\" content=\"2026-04-30T13:52:25+00:00\" \/>\n<meta property=\"og:image\" content=\"https:\/\/msk.lodz.pl\/wp-content\/uploads\/2026\/04\/MAJ-2026r.jpg\" \/>\n\t<meta property=\"og:image:width\" content=\"1340\" \/>\n\t<meta property=\"og:image:height\" content=\"810\" \/>\n\t<meta property=\"og:image:type\" content=\"image\/jpeg\" \/>\n<meta name=\"author\" content=\"Irmina Roter-Gawlowska\" \/>\n<meta name=\"twitter:card\" content=\"summary_large_image\" \/>\n<meta name=\"twitter:label1\" content=\"Written by\" \/>\n\t<meta name=\"twitter:data1\" content=\"Irmina Roter-Gawlowska\" \/>\n\t<meta name=\"twitter:label2\" content=\"Estimated reading time\" \/>\n\t<meta name=\"twitter:data2\" content=\"6 minutes\" \/>\n<script type=\"application\/ld+json\" class=\"yoast-schema-graph\">{\"@context\":\"https:\/\/schema.org\",\"@graph\":[{\"@type\":\"Article\",\"@id\":\"https:\/\/msk.lodz.pl\/maj-na-widzewie-wschodzie\/#article\",\"isPartOf\":{\"@id\":\"https:\/\/msk.lodz.pl\/maj-na-widzewie-wschodzie\/\"},\"author\":{\"name\":\"Irmina Roter-Gawlowska\",\"@id\":\"https:\/\/msk.lodz.pl\/#\/schema\/person\/c8bd14914498164f73a777a9927264c3\"},\"headline\":\"MAJ NA WIDZEWIE WSCHODZIE\",\"datePublished\":\"2026-04-30T13:52:21+00:00\",\"dateModified\":\"2026-04-30T13:52:25+00:00\",\"mainEntityOfPage\":{\"@id\":\"https:\/\/msk.lodz.pl\/maj-na-widzewie-wschodzie\/\"},\"wordCount\":690,\"publisher\":{\"@id\":\"https:\/\/msk.lodz.pl\/#organization\"},\"image\":{\"@id\":\"https:\/\/msk.lodz.pl\/maj-na-widzewie-wschodzie\/#primaryimage\"},\"thumbnailUrl\":\"https:\/\/msk.lodz.pl\/wp-content\/uploads\/2026\/04\/MAJ-2026r.jpg\",\"keywords\":[\"dzie\u0144 japo\u0144ski\",\"film\",\"senioralia\",\"Wydarzenia\"],\"articleSection\":[\"Aktualno\u015bci\"],\"inLanguage\":\"en-GB\"},{\"@type\":\"WebPage\",\"@id\":\"https:\/\/msk.lodz.pl\/maj-na-widzewie-wschodzie\/\",\"url\":\"https:\/\/msk.lodz.pl\/maj-na-widzewie-wschodzie\/\",\"name\":\"MAJ NA WIDZEWIE WSCHODZIE - MSK\",\"isPartOf\":{\"@id\":\"https:\/\/msk.lodz.pl\/#website\"},\"primaryImageOfPage\":{\"@id\":\"https:\/\/msk.lodz.pl\/maj-na-widzewie-wschodzie\/#primaryimage\"},\"image\":{\"@id\":\"https:\/\/msk.lodz.pl\/maj-na-widzewie-wschodzie\/#primaryimage\"},\"thumbnailUrl\":\"https:\/\/msk.lodz.pl\/wp-content\/uploads\/2026\/04\/MAJ-2026r.jpg\",\"datePublished\":\"2026-04-30T13:52:21+00:00\",\"dateModified\":\"2026-04-30T13:52:25+00:00\",\"breadcrumb\":{\"@id\":\"https:\/\/msk.lodz.pl\/maj-na-widzewie-wschodzie\/#breadcrumb\"},\"inLanguage\":\"en-GB\",\"potentialAction\":[{\"@type\":\"ReadAction\",\"target\":[\"https:\/\/msk.lodz.pl\/maj-na-widzewie-wschodzie\/\"]}]},{\"@type\":\"ImageObject\",\"inLanguage\":\"en-GB\",\"@id\":\"https:\/\/msk.lodz.pl\/maj-na-widzewie-wschodzie\/#primaryimage\",\"url\":\"https:\/\/msk.lodz.pl\/wp-content\/uploads\/2026\/04\/MAJ-2026r.jpg\",\"contentUrl\":\"https:\/\/msk.lodz.pl\/wp-content\/uploads\/2026\/04\/MAJ-2026r.jpg\",\"width\":1340,\"height\":810,\"caption\":\"MAJ, 2026r - 1\"},{\"@type\":\"BreadcrumbList\",\"@id\":\"https:\/\/msk.lodz.pl\/maj-na-widzewie-wschodzie\/#breadcrumb\",\"itemListElement\":[{\"@type\":\"ListItem\",\"position\":1,\"name\":\"Strona g\u0142\u00f3wna\",\"item\":\"http:\/\/msk.lodz.pl\/en\/\"},{\"@type\":\"ListItem\",\"position\":2,\"name\":\"MAJ NA WIDZEWIE WSCHODZIE\"}]},{\"@type\":\"WebSite\",\"@id\":\"https:\/\/msk.lodz.pl\/#website\",\"url\":\"https:\/\/msk.lodz.pl\/\",\"name\":\"MSK - \u0141\u00f3d\u017a\",\"description\":\"\",\"publisher\":{\"@id\":\"https:\/\/msk.lodz.pl\/#organization\"},\"potentialAction\":[{\"@type\":\"SearchAction\",\"target\":{\"@type\":\"EntryPoint\",\"urlTemplate\":\"https:\/\/msk.lodz.pl\/?s={search_term_string}\"},\"query-input\":{\"@type\":\"PropertyValueSpecification\",\"valueRequired\":true,\"valueName\":\"search_term_string\"}}],\"inLanguage\":\"en-GB\"},{\"@type\":\"Organization\",\"@id\":\"https:\/\/msk.lodz.pl\/#organization\",\"name\":\"MSK - \u0141\u00f3d\u017a\",\"url\":\"https:\/\/msk.lodz.pl\/\",\"logo\":{\"@type\":\"ImageObject\",\"inLanguage\":\"en-GB\",\"@id\":\"https:\/\/msk.lodz.pl\/#\/schema\/logo\/image\/\",\"url\":\"https:\/\/msk.lodz.pl\/wp-content\/uploads\/2023\/04\/cropped-Fav_icon_MSK.png\",\"contentUrl\":\"https:\/\/msk.lodz.pl\/wp-content\/uploads\/2023\/04\/cropped-Fav_icon_MSK.png\",\"width\":512,\"height\":512,\"caption\":\"MSK - \u0141\u00f3d\u017a\"},\"image\":{\"@id\":\"https:\/\/msk.lodz.pl\/#\/schema\/logo\/image\/\"}},{\"@type\":\"Person\",\"@id\":\"https:\/\/msk.lodz.pl\/#\/schema\/person\/c8bd14914498164f73a777a9927264c3\",\"name\":\"Irmina Roter-Gawlowska\",\"image\":{\"@type\":\"ImageObject\",\"inLanguage\":\"en-GB\",\"@id\":\"https:\/\/msk.lodz.pl\/#\/schema\/person\/image\/\",\"url\":\"https:\/\/secure.gravatar.com\/avatar\/19115b5d24aae3e22d3d31a78586e7509f8fede168c818b959e7487887af22c5?s=96&d=mm&r=g\",\"contentUrl\":\"https:\/\/secure.gravatar.com\/avatar\/19115b5d24aae3e22d3d31a78586e7509f8fede168c818b959e7487887af22c5?s=96&d=mm&r=g\",\"caption\":\"Irmina Roter-Gawlowska\"},\"url\":\"http:\/\/msk.lodz.pl\/en\/author\/irmina-roter-gawlowska\/\"}]}<\/script>\n<!-- \/ Yoast SEO plugin. -->","yoast_head_json":{"title":"MAJ NA WIDZEWIE WSCHODZIE - MSK","robots":{"index":"index","follow":"follow","max-snippet":"max-snippet:-1","max-image-preview":"max-image-preview:large","max-video-preview":"max-video-preview:-1"},"canonical":"https:\/\/msk.lodz.pl\/en\/maj-na-widzewie-wschodzie\/","og_locale":"en_GB","og_type":"article","og_title":"MAJ NA WIDZEWIE WSCHODZIE - MSK","og_description":"Przed nami maj &#8211; jeden z najpi\u0119kniejszych miesi\u0119cy, r\u00f3wnie\u017c w naszym domu kultury. Zapraszamy Was na nast\u0119puj\u0105ce wydarzenia: HANAMI &#8211; DZIE\u0143 JAPO\u0143SKI W 502 Termin: 10 maja 2026, godz. 14:00-18:30 Miejsce: MSK: Widzew Wsch\u00f3d &#8211; Dom Kultury 502, ul. Sacharowa 18 w \u0141odzi. Hanami &#8211; Dzie\u0144 Japo\u0144ski w 502 to wydarzenie, kt\u00f3re przybli\u017cy kultur\u0119 kraju [&hellip;]","og_url":"https:\/\/msk.lodz.pl\/en\/maj-na-widzewie-wschodzie\/","og_site_name":"MSK","article_published_time":"2026-04-30T13:52:21+00:00","article_modified_time":"2026-04-30T13:52:25+00:00","og_image":[{"width":1340,"height":810,"url":"https:\/\/msk.lodz.pl\/wp-content\/uploads\/2026\/04\/MAJ-2026r.jpg","type":"image\/jpeg"}],"author":"Irmina Roter-Gawlowska","twitter_card":"summary_large_image","twitter_misc":{"Written by":"Irmina Roter-Gawlowska","Estimated reading time":"6 minutes"},"schema":{"@context":"https:\/\/schema.org","@graph":[{"@type":"Article","@id":"https:\/\/msk.lodz.pl\/maj-na-widzewie-wschodzie\/#article","isPartOf":{"@id":"https:\/\/msk.lodz.pl\/maj-na-widzewie-wschodzie\/"},"author":{"name":"Irmina Roter-Gawlowska","@id":"https:\/\/msk.lodz.pl\/#\/schema\/person\/c8bd14914498164f73a777a9927264c3"},"headline":"MAJ NA WIDZEWIE WSCHODZIE","datePublished":"2026-04-30T13:52:21+00:00","dateModified":"2026-04-30T13:52:25+00:00","mainEntityOfPage":{"@id":"https:\/\/msk.lodz.pl\/maj-na-widzewie-wschodzie\/"},"wordCount":690,"publisher":{"@id":"https:\/\/msk.lodz.pl\/#organization"},"image":{"@id":"https:\/\/msk.lodz.pl\/maj-na-widzewie-wschodzie\/#primaryimage"},"thumbnailUrl":"https:\/\/msk.lodz.pl\/wp-content\/uploads\/2026\/04\/MAJ-2026r.jpg","keywords":["dzie\u0144 japo\u0144ski","film","senioralia","Wydarzenia"],"articleSection":["Aktualno\u015bci"],"inLanguage":"en-GB"},{"@type":"WebPage","@id":"https:\/\/msk.lodz.pl\/maj-na-widzewie-wschodzie\/","url":"https:\/\/msk.lodz.pl\/maj-na-widzewie-wschodzie\/","name":"MAJ NA WIDZEWIE WSCHODZIE - MSK","isPartOf":{"@id":"https:\/\/msk.lodz.pl\/#website"},"primaryImageOfPage":{"@id":"https:\/\/msk.lodz.pl\/maj-na-widzewie-wschodzie\/#primaryimage"},"image":{"@id":"https:\/\/msk.lodz.pl\/maj-na-widzewie-wschodzie\/#primaryimage"},"thumbnailUrl":"https:\/\/msk.lodz.pl\/wp-content\/uploads\/2026\/04\/MAJ-2026r.jpg","datePublished":"2026-04-30T13:52:21+00:00","dateModified":"2026-04-30T13:52:25+00:00","breadcrumb":{"@id":"https:\/\/msk.lodz.pl\/maj-na-widzewie-wschodzie\/#breadcrumb"},"inLanguage":"en-GB","potentialAction":[{"@type":"ReadAction","target":["https:\/\/msk.lodz.pl\/maj-na-widzewie-wschodzie\/"]}]},{"@type":"ImageObject","inLanguage":"en-GB","@id":"https:\/\/msk.lodz.pl\/maj-na-widzewie-wschodzie\/#primaryimage","url":"https:\/\/msk.lodz.pl\/wp-content\/uploads\/2026\/04\/MAJ-2026r.jpg","contentUrl":"https:\/\/msk.lodz.pl\/wp-content\/uploads\/2026\/04\/MAJ-2026r.jpg","width":1340,"height":810,"caption":"MAJ, 2026r - 1"},{"@type":"BreadcrumbList","@id":"https:\/\/msk.lodz.pl\/maj-na-widzewie-wschodzie\/#breadcrumb","itemListElement":[{"@type":"ListItem","position":1,"name":"Strona g\u0142\u00f3wna","item":"http:\/\/msk.lodz.pl\/en\/"},{"@type":"ListItem","position":2,"name":"MAJ NA WIDZEWIE WSCHODZIE"}]},{"@type":"WebSite","@id":"https:\/\/msk.lodz.pl\/#website","url":"https:\/\/msk.lodz.pl\/","name":"MSK - \u0141\u00f3d\u017a","description":"","publisher":{"@id":"https:\/\/msk.lodz.pl\/#organization"},"potentialAction":[{"@type":"SearchAction","target":{"@type":"EntryPoint","urlTemplate":"https:\/\/msk.lodz.pl\/?s={search_term_string}"},"query-input":{"@type":"PropertyValueSpecification","valueRequired":true,"valueName":"search_term_string"}}],"inLanguage":"en-GB"},{"@type":"Organization","@id":"https:\/\/msk.lodz.pl\/#organization","name":"MSK - \u0141\u00f3d\u017a","url":"https:\/\/msk.lodz.pl\/","logo":{"@type":"ImageObject","inLanguage":"en-GB","@id":"https:\/\/msk.lodz.pl\/#\/schema\/logo\/image\/","url":"https:\/\/msk.lodz.pl\/wp-content\/uploads\/2023\/04\/cropped-Fav_icon_MSK.png","contentUrl":"https:\/\/msk.lodz.pl\/wp-content\/uploads\/2023\/04\/cropped-Fav_icon_MSK.png","width":512,"height":512,"caption":"MSK - \u0141\u00f3d\u017a"},"image":{"@id":"https:\/\/msk.lodz.pl\/#\/schema\/logo\/image\/"}},{"@type":"Person","@id":"https:\/\/msk.lodz.pl\/#\/schema\/person\/c8bd14914498164f73a777a9927264c3","name":"Irmina Roter-Gawlowska","image":{"@type":"ImageObject","inLanguage":"en-GB","@id":"https:\/\/msk.lodz.pl\/#\/schema\/person\/image\/","url":"https:\/\/secure.gravatar.com\/avatar\/19115b5d24aae3e22d3d31a78586e7509f8fede168c818b959e7487887af22c5?s=96&d=mm&r=g","contentUrl":"https:\/\/secure.gravatar.com\/avatar\/19115b5d24aae3e22d3d31a78586e7509f8fede168c818b959e7487887af22c5?s=96&d=mm&r=g","caption":"Irmina Roter-Gawlowska"},"url":"http:\/\/msk.lodz.pl\/en\/author\/irmina-roter-gawlowska\/"}]}},"_links":{"self":[{"href":"http:\/\/msk.lodz.pl\/en\/wp-json\/wp\/v2\/posts\/151434","targetHints":{"allow":["GET"]}}],"collection":[{"href":"http:\/\/msk.lodz.pl\/en\/wp-json\/wp\/v2\/posts"}],"about":[{"href":"http:\/\/msk.lodz.pl\/en\/wp-json\/wp\/v2\/types\/post"}],"author":[{"embeddable":true,"href":"http:\/\/msk.lodz.pl\/en\/wp-json\/wp\/v2\/users\/111"}],"replies":[{"embeddable":true,"href":"http:\/\/msk.lodz.pl\/en\/wp-json\/wp\/v2\/comments?post=151434"}],"version-history":[{"count":0,"href":"http:\/\/msk.lodz.pl\/en\/wp-json\/wp\/v2\/posts\/151434\/revisions"}],"wp:featuredmedia":[{"embeddable":true,"href":"http:\/\/msk.lodz.pl\/en\/wp-json\/wp\/v2\/media\/151469"}],"wp:attachment":[{"href":"http:\/\/msk.lodz.pl\/en\/wp-json\/wp\/v2\/media?parent=151434"}],"wp:term":[{"taxonomy":"category","embeddable":true,"href":"http:\/\/msk.lodz.pl\/en\/wp-json\/wp\/v2\/categories?post=151434"},{"taxonomy":"post_tag","embeddable":true,"href":"http:\/\/msk.lodz.pl\/en\/wp-json\/wp\/v2\/tags?post=151434"}],"curies":[{"name":"wp","href":"https:\/\/api.w.org\/{rel}","templated":true}]}}