{"id":102042,"date":"2025-05-29T10:46:43","date_gmt":"2025-05-29T08:46:43","guid":{"rendered":"https:\/\/msk.lodz.pl\/?p=102042"},"modified":"2025-05-29T10:46:43","modified_gmt":"2025-05-29T08:46:43","slug":"platnosci-za-czerwcowe-zajecia","status":"publish","type":"post","link":"https:\/\/msk.lodz.pl\/en\/platnosci-za-czerwcowe-zajecia\/","title":{"rendered":"P\u0142atno\u015bci za czerwcowe zaj\u0119cia"},"content":{"rendered":"<p><\/p>\n\n\n\n<p>Przypominamy, \u017ce p\u0142atno\u015bci przez stron\u0119 internetow\u0105, za czerwcowe zaj\u0119cia w MSK: Widzew Wsch\u00f3d &#8211; Domu Kultury 502, rozpoczn\u0105 si\u0119 1.06.2025.<\/p>\n\n\n\n<p><\/p>\n\n\n\n<figure class=\"wp-block-image size-large\"><img fetchpriority=\"high\" decoding=\"async\" width=\"1024\" height=\"724\" src=\"https:\/\/msk.lodz.pl\/wp-content\/uploads\/2025\/05\/1-1024x724.png\" alt=\"\" class=\"wp-image-102046\" srcset=\"https:\/\/msk.lodz.pl\/wp-content\/uploads\/2025\/05\/1-1024x724.png 1024w, https:\/\/msk.lodz.pl\/wp-content\/uploads\/2025\/05\/1-300x212.png 300w, https:\/\/msk.lodz.pl\/wp-content\/uploads\/2025\/05\/1-768x543.png 768w, https:\/\/msk.lodz.pl\/wp-content\/uploads\/2025\/05\/1-1536x1086.png 1536w, https:\/\/msk.lodz.pl\/wp-content\/uploads\/2025\/05\/1-18x12.png 18w, https:\/\/msk.lodz.pl\/wp-content\/uploads\/2025\/05\/1-600x424.png 600w, https:\/\/msk.lodz.pl\/wp-content\/uploads\/2025\/05\/1.png 2000w\" sizes=\"(max-width: 1024px) 100vw, 1024px\" \/><\/figure>\n\n\n\n<figure class=\"wp-block-image size-large\"><img decoding=\"async\" width=\"1024\" height=\"724\" data-src=\"https:\/\/msk.lodz.pl\/wp-content\/uploads\/2025\/05\/2-2-1024x724.png\" alt=\"\" class=\"wp-image-102047 lazyload\" data-srcset=\"https:\/\/msk.lodz.pl\/wp-content\/uploads\/2025\/05\/2-2-1024x724.png 1024w, https:\/\/msk.lodz.pl\/wp-content\/uploads\/2025\/05\/2-2-300x212.png 300w, https:\/\/msk.lodz.pl\/wp-content\/uploads\/2025\/05\/2-2-768x543.png 768w, https:\/\/msk.lodz.pl\/wp-content\/uploads\/2025\/05\/2-2-1536x1086.png 1536w, https:\/\/msk.lodz.pl\/wp-content\/uploads\/2025\/05\/2-2-18x12.png 18w, https:\/\/msk.lodz.pl\/wp-content\/uploads\/2025\/05\/2-2-600x424.png 600w, https:\/\/msk.lodz.pl\/wp-content\/uploads\/2025\/05\/2-2.png 2000w\" data-sizes=\"(max-width: 1024px) 100vw, 1024px\" src=\"data:image\/gif;base64,R0lGODlhAQABAAAAACH5BAEKAAEALAAAAAABAAEAAAICTAEAOw==\" style=\"--smush-placeholder-width: 1024px; --smush-placeholder-aspect-ratio: 1024\/724;\" \/><noscript><img decoding=\"async\" width=\"1024\" height=\"724\" src=\"https:\/\/msk.lodz.pl\/wp-content\/uploads\/2025\/05\/2-2-1024x724.png\" alt=\"\" class=\"wp-image-102047\" srcset=\"https:\/\/msk.lodz.pl\/wp-content\/uploads\/2025\/05\/2-2-1024x724.png 1024w, https:\/\/msk.lodz.pl\/wp-content\/uploads\/2025\/05\/2-2-300x212.png 300w, https:\/\/msk.lodz.pl\/wp-content\/uploads\/2025\/05\/2-2-768x543.png 768w, https:\/\/msk.lodz.pl\/wp-content\/uploads\/2025\/05\/2-2-1536x1086.png 1536w, https:\/\/msk.lodz.pl\/wp-content\/uploads\/2025\/05\/2-2-18x12.png 18w, https:\/\/msk.lodz.pl\/wp-content\/uploads\/2025\/05\/2-2-600x424.png 600w, https:\/\/msk.lodz.pl\/wp-content\/uploads\/2025\/05\/2-2.png 2000w\" sizes=\"(max-width: 1024px) 100vw, 1024px\" \/><\/noscript><\/figure>","protected":false},"excerpt":{"rendered":"<p>Przypominamy, \u017ce p\u0142atno\u015bci przez stron\u0119 internetow\u0105, za czerwcowe zaj\u0119cia w MSK: Widzew Wsch\u00f3d &#8211; Domu Kultury 502, rozpoczn\u0105 si\u0119 1.06.2025.<\/p>","protected":false},"author":111,"featured_media":102049,"comment_status":"closed","ping_status":"","sticky":false,"template":"","format":"standard","meta":{"footnotes":""},"categories":[227],"tags":[750,748,303],"class_list":["post-102042","post","type-post","status-publish","format-standard","has-post-thumbnail","hentry","category-aktualnosci-msk-widzew-wschod","tag-czerwiec","tag-platnosci","tag-zajecia"],"yoast_head":"<!-- This site is optimized with the Yoast SEO plugin v26.5 - https:\/\/yoast.com\/wordpress\/plugins\/seo\/ -->\n<title>P\u0142atno\u015bci za czerwcowe zaj\u0119cia - MSK<\/title>\n<meta name=\"robots\" content=\"index, follow, max-snippet:-1, max-image-preview:large, max-video-preview:-1\" \/>\n<link rel=\"canonical\" href=\"https:\/\/msk.lodz.pl\/en\/platnosci-za-czerwcowe-zajecia\/\" \/>\n<meta property=\"og:locale\" content=\"en_GB\" \/>\n<meta property=\"og:type\" content=\"article\" \/>\n<meta property=\"og:title\" content=\"P\u0142atno\u015bci za czerwcowe zaj\u0119cia - MSK\" \/>\n<meta property=\"og:description\" content=\"Przypominamy, \u017ce p\u0142atno\u015bci przez stron\u0119 internetow\u0105, za czerwcowe zaj\u0119cia w MSK: Widzew Wsch\u00f3d &#8211; Domu Kultury 502, rozpoczn\u0105 si\u0119 1.06.2025.\" \/>\n<meta property=\"og:url\" content=\"https:\/\/msk.lodz.pl\/en\/platnosci-za-czerwcowe-zajecia\/\" \/>\n<meta property=\"og:site_name\" content=\"MSK\" \/>\n<meta property=\"article:published_time\" content=\"2025-05-29T08:46:43+00:00\" \/>\n<meta property=\"og:image\" content=\"https:\/\/msk.lodz.pl\/wp-content\/uploads\/2025\/05\/mini.jpg\" \/>\n\t<meta property=\"og:image:width\" content=\"1536\" \/>\n\t<meta property=\"og:image:height\" content=\"2048\" \/>\n\t<meta property=\"og:image:type\" content=\"image\/jpeg\" \/>\n<meta name=\"author\" content=\"Irmina Roter-Gawlowska\" \/>\n<meta name=\"twitter:card\" content=\"summary_large_image\" \/>\n<meta name=\"twitter:label1\" content=\"Written by\" \/>\n\t<meta name=\"twitter:data1\" content=\"Irmina Roter-Gawlowska\" \/>\n<script type=\"application\/ld+json\" class=\"yoast-schema-graph\">{\"@context\":\"https:\/\/schema.org\",\"@graph\":[{\"@type\":\"Article\",\"@id\":\"https:\/\/msk.lodz.pl\/en\/platnosci-za-czerwcowe-zajecia\/#article\",\"isPartOf\":{\"@id\":\"https:\/\/msk.lodz.pl\/en\/platnosci-za-czerwcowe-zajecia\/\"},\"author\":{\"name\":\"Irmina Roter-Gawlowska\",\"@id\":\"https:\/\/msk.lodz.pl\/#\/schema\/person\/c8bd14914498164f73a777a9927264c3\"},\"headline\":\"P\u0142atno\u015bci za czerwcowe zaj\u0119cia\",\"datePublished\":\"2025-05-29T08:46:43+00:00\",\"mainEntityOfPage\":{\"@id\":\"https:\/\/msk.lodz.pl\/en\/platnosci-za-czerwcowe-zajecia\/\"},\"wordCount\":29,\"publisher\":{\"@id\":\"https:\/\/msk.lodz.pl\/#organization\"},\"image\":{\"@id\":\"https:\/\/msk.lodz.pl\/en\/platnosci-za-czerwcowe-zajecia\/#primaryimage\"},\"thumbnailUrl\":\"https:\/\/msk.lodz.pl\/wp-content\/uploads\/2025\/05\/mini.jpg\",\"keywords\":[\"czerwiec\",\"p\u0142atno\u015bci\",\"zaj\u0119cia\"],\"articleSection\":[\"Aktualno\u015bci\"],\"inLanguage\":\"en-GB\"},{\"@type\":\"WebPage\",\"@id\":\"https:\/\/msk.lodz.pl\/en\/platnosci-za-czerwcowe-zajecia\/\",\"url\":\"https:\/\/msk.lodz.pl\/en\/platnosci-za-czerwcowe-zajecia\/\",\"name\":\"P\u0142atno\u015bci za czerwcowe zaj\u0119cia - MSK\",\"isPartOf\":{\"@id\":\"https:\/\/msk.lodz.pl\/#website\"},\"primaryImageOfPage\":{\"@id\":\"https:\/\/msk.lodz.pl\/en\/platnosci-za-czerwcowe-zajecia\/#primaryimage\"},\"image\":{\"@id\":\"https:\/\/msk.lodz.pl\/en\/platnosci-za-czerwcowe-zajecia\/#primaryimage\"},\"thumbnailUrl\":\"https:\/\/msk.lodz.pl\/wp-content\/uploads\/2025\/05\/mini.jpg\",\"datePublished\":\"2025-05-29T08:46:43+00:00\",\"breadcrumb\":{\"@id\":\"https:\/\/msk.lodz.pl\/en\/platnosci-za-czerwcowe-zajecia\/#breadcrumb\"},\"inLanguage\":\"en-GB\",\"potentialAction\":[{\"@type\":\"ReadAction\",\"target\":[\"https:\/\/msk.lodz.pl\/en\/platnosci-za-czerwcowe-zajecia\/\"]}]},{\"@type\":\"ImageObject\",\"inLanguage\":\"en-GB\",\"@id\":\"https:\/\/msk.lodz.pl\/en\/platnosci-za-czerwcowe-zajecia\/#primaryimage\",\"url\":\"https:\/\/msk.lodz.pl\/wp-content\/uploads\/2025\/05\/mini.jpg\",\"contentUrl\":\"https:\/\/msk.lodz.pl\/wp-content\/uploads\/2025\/05\/mini.jpg\",\"width\":1536,\"height\":2048},{\"@type\":\"BreadcrumbList\",\"@id\":\"https:\/\/msk.lodz.pl\/en\/platnosci-za-czerwcowe-zajecia\/#breadcrumb\",\"itemListElement\":[{\"@type\":\"ListItem\",\"position\":1,\"name\":\"Strona g\u0142\u00f3wna\",\"item\":\"http:\/\/msk.lodz.pl\/en\/\"},{\"@type\":\"ListItem\",\"position\":2,\"name\":\"P\u0142atno\u015bci za czerwcowe zaj\u0119cia\"}]},{\"@type\":\"WebSite\",\"@id\":\"https:\/\/msk.lodz.pl\/#website\",\"url\":\"https:\/\/msk.lodz.pl\/\",\"name\":\"MSK - \u0141\u00f3d\u017a\",\"description\":\"\",\"publisher\":{\"@id\":\"https:\/\/msk.lodz.pl\/#organization\"},\"potentialAction\":[{\"@type\":\"SearchAction\",\"target\":{\"@type\":\"EntryPoint\",\"urlTemplate\":\"https:\/\/msk.lodz.pl\/?s={search_term_string}\"},\"query-input\":{\"@type\":\"PropertyValueSpecification\",\"valueRequired\":true,\"valueName\":\"search_term_string\"}}],\"inLanguage\":\"en-GB\"},{\"@type\":\"Organization\",\"@id\":\"https:\/\/msk.lodz.pl\/#organization\",\"name\":\"MSK - \u0141\u00f3d\u017a\",\"url\":\"https:\/\/msk.lodz.pl\/\",\"logo\":{\"@type\":\"ImageObject\",\"inLanguage\":\"en-GB\",\"@id\":\"https:\/\/msk.lodz.pl\/#\/schema\/logo\/image\/\",\"url\":\"https:\/\/msk.lodz.pl\/wp-content\/uploads\/2023\/04\/cropped-Fav_icon_MSK.png\",\"contentUrl\":\"https:\/\/msk.lodz.pl\/wp-content\/uploads\/2023\/04\/cropped-Fav_icon_MSK.png\",\"width\":512,\"height\":512,\"caption\":\"MSK - \u0141\u00f3d\u017a\"},\"image\":{\"@id\":\"https:\/\/msk.lodz.pl\/#\/schema\/logo\/image\/\"}},{\"@type\":\"Person\",\"@id\":\"https:\/\/msk.lodz.pl\/#\/schema\/person\/c8bd14914498164f73a777a9927264c3\",\"name\":\"Irmina Roter-Gawlowska\",\"image\":{\"@type\":\"ImageObject\",\"inLanguage\":\"en-GB\",\"@id\":\"https:\/\/msk.lodz.pl\/#\/schema\/person\/image\/\",\"url\":\"https:\/\/secure.gravatar.com\/avatar\/19115b5d24aae3e22d3d31a78586e7509f8fede168c818b959e7487887af22c5?s=96&d=mm&r=g\",\"contentUrl\":\"https:\/\/secure.gravatar.com\/avatar\/19115b5d24aae3e22d3d31a78586e7509f8fede168c818b959e7487887af22c5?s=96&d=mm&r=g\",\"caption\":\"Irmina Roter-Gawlowska\"},\"url\":\"https:\/\/msk.lodz.pl\/en\/author\/irmina-roter-gawlowska\/\"}]}<\/script>\n<!-- \/ Yoast SEO plugin. -->","yoast_head_json":{"title":"P\u0142atno\u015bci za czerwcowe zaj\u0119cia - MSK","robots":{"index":"index","follow":"follow","max-snippet":"max-snippet:-1","max-image-preview":"max-image-preview:large","max-video-preview":"max-video-preview:-1"},"canonical":"https:\/\/msk.lodz.pl\/en\/platnosci-za-czerwcowe-zajecia\/","og_locale":"en_GB","og_type":"article","og_title":"P\u0142atno\u015bci za czerwcowe zaj\u0119cia - MSK","og_description":"Przypominamy, \u017ce p\u0142atno\u015bci przez stron\u0119 internetow\u0105, za czerwcowe zaj\u0119cia w MSK: Widzew Wsch\u00f3d &#8211; Domu Kultury 502, rozpoczn\u0105 si\u0119 1.06.2025.","og_url":"https:\/\/msk.lodz.pl\/en\/platnosci-za-czerwcowe-zajecia\/","og_site_name":"MSK","article_published_time":"2025-05-29T08:46:43+00:00","og_image":[{"width":1536,"height":2048,"url":"https:\/\/msk.lodz.pl\/wp-content\/uploads\/2025\/05\/mini.jpg","type":"image\/jpeg"}],"author":"Irmina Roter-Gawlowska","twitter_card":"summary_large_image","twitter_misc":{"Written by":"Irmina Roter-Gawlowska"},"schema":{"@context":"https:\/\/schema.org","@graph":[{"@type":"Article","@id":"https:\/\/msk.lodz.pl\/en\/platnosci-za-czerwcowe-zajecia\/#article","isPartOf":{"@id":"https:\/\/msk.lodz.pl\/en\/platnosci-za-czerwcowe-zajecia\/"},"author":{"name":"Irmina Roter-Gawlowska","@id":"https:\/\/msk.lodz.pl\/#\/schema\/person\/c8bd14914498164f73a777a9927264c3"},"headline":"P\u0142atno\u015bci za czerwcowe zaj\u0119cia","datePublished":"2025-05-29T08:46:43+00:00","mainEntityOfPage":{"@id":"https:\/\/msk.lodz.pl\/en\/platnosci-za-czerwcowe-zajecia\/"},"wordCount":29,"publisher":{"@id":"https:\/\/msk.lodz.pl\/#organization"},"image":{"@id":"https:\/\/msk.lodz.pl\/en\/platnosci-za-czerwcowe-zajecia\/#primaryimage"},"thumbnailUrl":"https:\/\/msk.lodz.pl\/wp-content\/uploads\/2025\/05\/mini.jpg","keywords":["czerwiec","p\u0142atno\u015bci","zaj\u0119cia"],"articleSection":["Aktualno\u015bci"],"inLanguage":"en-GB"},{"@type":"WebPage","@id":"https:\/\/msk.lodz.pl\/en\/platnosci-za-czerwcowe-zajecia\/","url":"https:\/\/msk.lodz.pl\/en\/platnosci-za-czerwcowe-zajecia\/","name":"P\u0142atno\u015bci za czerwcowe zaj\u0119cia - MSK","isPartOf":{"@id":"https:\/\/msk.lodz.pl\/#website"},"primaryImageOfPage":{"@id":"https:\/\/msk.lodz.pl\/en\/platnosci-za-czerwcowe-zajecia\/#primaryimage"},"image":{"@id":"https:\/\/msk.lodz.pl\/en\/platnosci-za-czerwcowe-zajecia\/#primaryimage"},"thumbnailUrl":"https:\/\/msk.lodz.pl\/wp-content\/uploads\/2025\/05\/mini.jpg","datePublished":"2025-05-29T08:46:43+00:00","breadcrumb":{"@id":"https:\/\/msk.lodz.pl\/en\/platnosci-za-czerwcowe-zajecia\/#breadcrumb"},"inLanguage":"en-GB","potentialAction":[{"@type":"ReadAction","target":["https:\/\/msk.lodz.pl\/en\/platnosci-za-czerwcowe-zajecia\/"]}]},{"@type":"ImageObject","inLanguage":"en-GB","@id":"https:\/\/msk.lodz.pl\/en\/platnosci-za-czerwcowe-zajecia\/#primaryimage","url":"https:\/\/msk.lodz.pl\/wp-content\/uploads\/2025\/05\/mini.jpg","contentUrl":"https:\/\/msk.lodz.pl\/wp-content\/uploads\/2025\/05\/mini.jpg","width":1536,"height":2048},{"@type":"BreadcrumbList","@id":"https:\/\/msk.lodz.pl\/en\/platnosci-za-czerwcowe-zajecia\/#breadcrumb","itemListElement":[{"@type":"ListItem","position":1,"name":"Strona g\u0142\u00f3wna","item":"http:\/\/msk.lodz.pl\/en\/"},{"@type":"ListItem","position":2,"name":"P\u0142atno\u015bci za czerwcowe zaj\u0119cia"}]},{"@type":"WebSite","@id":"https:\/\/msk.lodz.pl\/#website","url":"https:\/\/msk.lodz.pl\/","name":"MSK - \u0141\u00f3d\u017a","description":"","publisher":{"@id":"https:\/\/msk.lodz.pl\/#organization"},"potentialAction":[{"@type":"SearchAction","target":{"@type":"EntryPoint","urlTemplate":"https:\/\/msk.lodz.pl\/?s={search_term_string}"},"query-input":{"@type":"PropertyValueSpecification","valueRequired":true,"valueName":"search_term_string"}}],"inLanguage":"en-GB"},{"@type":"Organization","@id":"https:\/\/msk.lodz.pl\/#organization","name":"MSK - \u0141\u00f3d\u017a","url":"https:\/\/msk.lodz.pl\/","logo":{"@type":"ImageObject","inLanguage":"en-GB","@id":"https:\/\/msk.lodz.pl\/#\/schema\/logo\/image\/","url":"https:\/\/msk.lodz.pl\/wp-content\/uploads\/2023\/04\/cropped-Fav_icon_MSK.png","contentUrl":"https:\/\/msk.lodz.pl\/wp-content\/uploads\/2023\/04\/cropped-Fav_icon_MSK.png","width":512,"height":512,"caption":"MSK - \u0141\u00f3d\u017a"},"image":{"@id":"https:\/\/msk.lodz.pl\/#\/schema\/logo\/image\/"}},{"@type":"Person","@id":"https:\/\/msk.lodz.pl\/#\/schema\/person\/c8bd14914498164f73a777a9927264c3","name":"Irmina Roter-Gawlowska","image":{"@type":"ImageObject","inLanguage":"en-GB","@id":"https:\/\/msk.lodz.pl\/#\/schema\/person\/image\/","url":"https:\/\/secure.gravatar.com\/avatar\/19115b5d24aae3e22d3d31a78586e7509f8fede168c818b959e7487887af22c5?s=96&d=mm&r=g","contentUrl":"https:\/\/secure.gravatar.com\/avatar\/19115b5d24aae3e22d3d31a78586e7509f8fede168c818b959e7487887af22c5?s=96&d=mm&r=g","caption":"Irmina Roter-Gawlowska"},"url":"https:\/\/msk.lodz.pl\/en\/author\/irmina-roter-gawlowska\/"}]}},"_links":{"self":[{"href":"https:\/\/msk.lodz.pl\/en\/wp-json\/wp\/v2\/posts\/102042","targetHints":{"allow":["GET"]}}],"collection":[{"href":"https:\/\/msk.lodz.pl\/en\/wp-json\/wp\/v2\/posts"}],"about":[{"href":"https:\/\/msk.lodz.pl\/en\/wp-json\/wp\/v2\/types\/post"}],"author":[{"embeddable":true,"href":"https:\/\/msk.lodz.pl\/en\/wp-json\/wp\/v2\/users\/111"}],"replies":[{"embeddable":true,"href":"https:\/\/msk.lodz.pl\/en\/wp-json\/wp\/v2\/comments?post=102042"}],"version-history":[{"count":0,"href":"https:\/\/msk.lodz.pl\/en\/wp-json\/wp\/v2\/posts\/102042\/revisions"}],"wp:featuredmedia":[{"embeddable":true,"href":"https:\/\/msk.lodz.pl\/en\/wp-json\/wp\/v2\/media\/102049"}],"wp:attachment":[{"href":"https:\/\/msk.lodz.pl\/en\/wp-json\/wp\/v2\/media?parent=102042"}],"wp:term":[{"taxonomy":"category","embeddable":true,"href":"https:\/\/msk.lodz.pl\/en\/wp-json\/wp\/v2\/categories?post=102042"},{"taxonomy":"post_tag","embeddable":true,"href":"https:\/\/msk.lodz.pl\/en\/wp-json\/wp\/v2\/tags?post=102042"}],"curies":[{"name":"wp","href":"https:\/\/api.w.org\/{rel}","templated":true}]}}