{"id":108765,"date":"2025-08-27T15:54:00","date_gmt":"2025-08-27T13:54:00","guid":{"rendered":"https:\/\/msk.lodz.pl\/?p=108765"},"modified":"2025-09-01T12:35:40","modified_gmt":"2025-09-01T10:35:40","slug":"wieczor-poezji-i-muzyki","status":"publish","type":"post","link":"https:\/\/msk.lodz.pl\/en\/wieczor-poezji-i-muzyki\/","title":{"rendered":"Wiecz\u00f3r poezji i muzyki"},"content":{"rendered":"<p>Zapraszamy <img decoding=\"async\" height=\"16\" width=\"16\" data-src=\"https:\/\/static.xx.fbcdn.net\/images\/emoji.php\/v9\/t51\/1\/16\/1f449.png\" alt=\"\ud83d\udc49\" src=\"data:image\/gif;base64,R0lGODlhAQABAAAAACH5BAEKAAEALAAAAAABAAEAAAICTAEAOw==\" class=\"lazyload\" style=\"--smush-placeholder-width: 16px; --smush-placeholder-aspect-ratio: 16\/16;\"><noscript><img decoding=\"async\" height=\"16\" width=\"16\" src=\"https:\/\/static.xx.fbcdn.net\/images\/emoji.php\/v9\/t51\/1\/16\/1f449.png\" alt=\"\ud83d\udc49\"><\/noscript> 2 wrze\u015bnia o godz. 18:00 do Klubu D\u0105browa (ul. D\u0105browskiego 93) na wyj\u0105tkowy wiecz\u00f3r <img decoding=\"async\" height=\"16\" width=\"16\" data-src=\"https:\/\/static.xx.fbcdn.net\/images\/emoji.php\/v9\/t5d\/1\/16\/1f31c.png\" alt=\"\ud83c\udf1c\" src=\"data:image\/gif;base64,R0lGODlhAQABAAAAACH5BAEKAAEALAAAAAABAAEAAAICTAEAOw==\" class=\"lazyload\" style=\"--smush-placeholder-width: 16px; --smush-placeholder-aspect-ratio: 16\/16;\"><noscript><img decoding=\"async\" height=\"16\" width=\"16\" src=\"https:\/\/static.xx.fbcdn.net\/images\/emoji.php\/v9\/t5d\/1\/16\/1f31c.png\" alt=\"\ud83c\udf1c\"><\/noscript><img decoding=\"async\" height=\"16\" width=\"16\" data-src=\"https:\/\/static.xx.fbcdn.net\/images\/emoji.php\/v9\/t9e\/1\/16\/1f3b5.png\" alt=\"\ud83c\udfb5\" src=\"data:image\/gif;base64,R0lGODlhAQABAAAAACH5BAEKAAEALAAAAAABAAEAAAICTAEAOw==\" class=\"lazyload\" style=\"--smush-placeholder-width: 16px; --smush-placeholder-aspect-ratio: 16\/16;\"><noscript><img decoding=\"async\" height=\"16\" width=\"16\" src=\"https:\/\/static.xx.fbcdn.net\/images\/emoji.php\/v9\/t9e\/1\/16\/1f3b5.png\" alt=\"\ud83c\udfb5\"><\/noscript> poezji i muzyki z zespo\u0142em poetycko-muzycznym Vena!<\/p>\n\n\n\n<p><a><\/a>Zesp\u00f3\u0142 Vena, dzia\u0142aj\u0105cy od 2 lat i maj\u0105cy na koncie <img loading=\"lazy\" decoding=\"async\" height=\"16\" width=\"16\" alt=\"4\ufe0f\u20e3\" data-src=\"https:\/\/static.xx.fbcdn.net\/images\/emoji.php\/v9\/td7\/1\/16\/34_20e3.png\" src=\"data:image\/gif;base64,R0lGODlhAQABAAAAACH5BAEKAAEALAAAAAABAAEAAAICTAEAOw==\" class=\"lazyload\" style=\"--smush-placeholder-width: 16px; --smush-placeholder-aspect-ratio: 16\/16;\"><noscript><img loading=\"lazy\" decoding=\"async\" height=\"16\" width=\"16\" alt=\"4\ufe0f\u20e3\" src=\"https:\/\/static.xx.fbcdn.net\/images\/emoji.php\/v9\/td7\/1\/16\/34_20e3.png\"><\/noscript> udane spektakle na scenie Teatru Piccolo, zaprezentuje program \u201ePodr\u00f3\u017c w g\u0142\u0105b siebie\u201d \u2014 pe\u0142en emocji, refleksji i muzycznych wra\u017ce\u0144.<\/p>\n\n\n\n<p>Wyst\u0105pi\u0105:<\/p>\n\n\n\n<p><img loading=\"lazy\" decoding=\"async\" height=\"16\" width=\"16\" alt=\"\u25b6\ufe0f\" data-src=\"https:\/\/static.xx.fbcdn.net\/images\/emoji.php\/v9\/t40\/1\/16\/25b6.png\" src=\"data:image\/gif;base64,R0lGODlhAQABAAAAACH5BAEKAAEALAAAAAABAAEAAAICTAEAOw==\" class=\"lazyload\" style=\"--smush-placeholder-width: 16px; --smush-placeholder-aspect-ratio: 16\/16;\"><noscript><img loading=\"lazy\" decoding=\"async\" height=\"16\" width=\"16\" alt=\"\u25b6\ufe0f\" data-src=\"https:\/\/static.xx.fbcdn.net\/images\/emoji.php\/v9\/t40\/1\/16\/25b6.png\" src=\"data:image\/gif;base64,R0lGODlhAQABAAAAACH5BAEKAAEALAAAAAABAAEAAAICTAEAOw==\" class=\"lazyload\" style=\"--smush-placeholder-width: 16px; --smush-placeholder-aspect-ratio: 16\/16;\"><noscript><img loading=\"lazy\" decoding=\"async\" height=\"16\" width=\"16\" alt=\"\u25b6\ufe0f\" data-src=\"https:\/\/static.xx.fbcdn.net\/images\/emoji.php\/v9\/t40\/1\/16\/25b6.png\" src=\"data:image\/gif;base64,R0lGODlhAQABAAAAACH5BAEKAAEALAAAAAABAAEAAAICTAEAOw==\" class=\"lazyload\" style=\"--smush-placeholder-width: 16px; --smush-placeholder-aspect-ratio: 16\/16;\"><noscript><img loading=\"lazy\" decoding=\"async\" height=\"16\" width=\"16\" alt=\"\u25b6\ufe0f\" src=\"https:\/\/static.xx.fbcdn.net\/images\/emoji.php\/v9\/t40\/1\/16\/25b6.png\"><\/noscript><\/noscript><\/noscript> Urszula Kowalska \u2013 poetka i pisarka, autorka 15 publikacji dla dzieci i doros\u0142ych, tw\u00f3rczyni tekst\u00f3w do konkursu \u0141\u00f3dzkie Skrzyd\u0142a, ekonomistka z pasj\u0105 do psychologii i ludzkich zachowa\u0144.<\/p>\n\n\n\n<p><img loading=\"lazy\" decoding=\"async\" height=\"16\" width=\"16\" alt=\"\u25b6\ufe0f\" data-src=\"https:\/\/static.xx.fbcdn.net\/images\/emoji.php\/v9\/t40\/1\/16\/25b6.png\" src=\"data:image\/gif;base64,R0lGODlhAQABAAAAACH5BAEKAAEALAAAAAABAAEAAAICTAEAOw==\" class=\"lazyload\" style=\"--smush-placeholder-width: 16px; --smush-placeholder-aspect-ratio: 16\/16;\"><noscript><img loading=\"lazy\" decoding=\"async\" height=\"16\" width=\"16\" alt=\"\u25b6\ufe0f\" data-src=\"https:\/\/static.xx.fbcdn.net\/images\/emoji.php\/v9\/t40\/1\/16\/25b6.png\" src=\"data:image\/gif;base64,R0lGODlhAQABAAAAACH5BAEKAAEALAAAAAABAAEAAAICTAEAOw==\" class=\"lazyload\" style=\"--smush-placeholder-width: 16px; --smush-placeholder-aspect-ratio: 16\/16;\"><noscript><img loading=\"lazy\" decoding=\"async\" height=\"16\" width=\"16\" alt=\"\u25b6\ufe0f\" data-src=\"https:\/\/static.xx.fbcdn.net\/images\/emoji.php\/v9\/t40\/1\/16\/25b6.png\" src=\"data:image\/gif;base64,R0lGODlhAQABAAAAACH5BAEKAAEALAAAAAABAAEAAAICTAEAOw==\" class=\"lazyload\" style=\"--smush-placeholder-width: 16px; --smush-placeholder-aspect-ratio: 16\/16;\"><noscript><img loading=\"lazy\" decoding=\"async\" height=\"16\" width=\"16\" alt=\"\u25b6\ufe0f\" src=\"https:\/\/static.xx.fbcdn.net\/images\/emoji.php\/v9\/t40\/1\/16\/25b6.png\"><\/noscript><\/noscript><\/noscript>Bogus\u0142aw Prze\u015bniacki \u2013 poeta i prozaik, autor nowel i sztuk teatralnych, animator kultury, kt\u00f3ry zaprosi Was do zmierzenia si\u0119 z rzeczywisto\u015bci\u0105 i odkrycia siebie poprzez swoje wiersze z tomiku \u201eJa obserwuj\u0119 mnie\u201d.<\/p>\n\n\n\n<p><img loading=\"lazy\" decoding=\"async\" height=\"16\" width=\"16\" alt=\"\u25b6\ufe0f\" data-src=\"https:\/\/static.xx.fbcdn.net\/images\/emoji.php\/v9\/t40\/1\/16\/25b6.png\" src=\"data:image\/gif;base64,R0lGODlhAQABAAAAACH5BAEKAAEALAAAAAABAAEAAAICTAEAOw==\" class=\"lazyload\" style=\"--smush-placeholder-width: 16px; --smush-placeholder-aspect-ratio: 16\/16;\"><noscript><img loading=\"lazy\" decoding=\"async\" height=\"16\" width=\"16\" alt=\"\u25b6\ufe0f\" data-src=\"https:\/\/static.xx.fbcdn.net\/images\/emoji.php\/v9\/t40\/1\/16\/25b6.png\" src=\"data:image\/gif;base64,R0lGODlhAQABAAAAACH5BAEKAAEALAAAAAABAAEAAAICTAEAOw==\" class=\"lazyload\" style=\"--smush-placeholder-width: 16px; --smush-placeholder-aspect-ratio: 16\/16;\"><noscript><img loading=\"lazy\" decoding=\"async\" height=\"16\" width=\"16\" alt=\"\u25b6\ufe0f\" data-src=\"https:\/\/static.xx.fbcdn.net\/images\/emoji.php\/v9\/t40\/1\/16\/25b6.png\" src=\"data:image\/gif;base64,R0lGODlhAQABAAAAACH5BAEKAAEALAAAAAABAAEAAAICTAEAOw==\" class=\"lazyload\" style=\"--smush-placeholder-width: 16px; --smush-placeholder-aspect-ratio: 16\/16;\"><noscript><img loading=\"lazy\" decoding=\"async\" height=\"16\" width=\"16\" alt=\"\u25b6\ufe0f\" src=\"https:\/\/static.xx.fbcdn.net\/images\/emoji.php\/v9\/t40\/1\/16\/25b6.png\"><\/noscript><\/noscript><\/noscript> Marzena \u015aliwi\u0144ska \u2013 muzyczka i poetka, kt\u00f3ra tworzy nastrojowe ballady, inspiruj\u0105c si\u0119 Bu\u0142atem Okud\u017caw\u0105 i Agnieszk\u0105 Osieck\u0105. Pasjonatka sztuki, przyrody i g\u00f3rskich w\u0119dr\u00f3wek.<\/p>\n\n\n\n<p><\/p>","protected":false},"excerpt":{"rendered":"<p>Zapraszamy 2 wrze\u015bnia o godz. 18:00 do Klubu D\u0105browa (ul. D\u0105browskiego 93) na wyj\u0105tkowy wiecz\u00f3r poezji i muzyki z zespo\u0142em poetycko-muzycznym Vena! Zesp\u00f3\u0142 Vena, dzia\u0142aj\u0105cy od 2 lat i maj\u0105cy na koncie udane spektakle na scenie Teatru Piccolo, zaprezentuje program \u201ePodr\u00f3\u017c w g\u0142\u0105b siebie\u201d \u2014 pe\u0142en emocji, refleksji i muzycznych wra\u017ce\u0144. Wyst\u0105pi\u0105: Urszula Kowalska \u2013 [&hellip;]<\/p>","protected":false},"author":35,"featured_media":109140,"comment_status":"closed","ping_status":"closed","sticky":false,"template":"","format":"standard","meta":{"footnotes":""},"categories":[217,1],"tags":[],"class_list":["post-108765","post","type-post","status-publish","format-standard","has-post-thumbnail","hentry","category-aktualnosci-msk-dabrowa","category-nieprzypisane"],"yoast_head":"<!-- This site is optimized with the Yoast SEO plugin v26.5 - https:\/\/yoast.com\/wordpress\/plugins\/seo\/ -->\n<title>Wiecz\u00f3r poezji i muzyki - MSK<\/title>\n<meta name=\"robots\" content=\"index, follow, max-snippet:-1, max-image-preview:large, max-video-preview:-1\" \/>\n<link rel=\"canonical\" href=\"https:\/\/msk.lodz.pl\/en\/wieczor-poezji-i-muzyki\/\" \/>\n<meta property=\"og:locale\" content=\"en_GB\" \/>\n<meta property=\"og:type\" content=\"article\" \/>\n<meta property=\"og:title\" content=\"Wiecz\u00f3r poezji i muzyki - MSK\" \/>\n<meta property=\"og:description\" content=\"Zapraszamy 2 wrze\u015bnia o godz. 18:00 do Klubu D\u0105browa (ul. D\u0105browskiego 93) na wyj\u0105tkowy wiecz\u00f3r poezji i muzyki z zespo\u0142em poetycko-muzycznym Vena! Zesp\u00f3\u0142 Vena, dzia\u0142aj\u0105cy od 2 lat i maj\u0105cy na koncie udane spektakle na scenie Teatru Piccolo, zaprezentuje program \u201ePodr\u00f3\u017c w g\u0142\u0105b siebie\u201d \u2014 pe\u0142en emocji, refleksji i muzycznych wra\u017ce\u0144. Wyst\u0105pi\u0105: Urszula Kowalska \u2013 [&hellip;]\" \/>\n<meta property=\"og:url\" content=\"https:\/\/msk.lodz.pl\/en\/wieczor-poezji-i-muzyki\/\" \/>\n<meta property=\"og:site_name\" content=\"MSK\" \/>\n<meta property=\"article:published_time\" content=\"2025-08-27T13:54:00+00:00\" \/>\n<meta property=\"article:modified_time\" content=\"2025-09-01T10:35:40+00:00\" \/>\n<meta property=\"og:image\" content=\"https:\/\/msk.lodz.pl\/wp-content\/uploads\/2025\/08\/wieczor-poezji1-scaled.jpg\" \/>\n\t<meta property=\"og:image:width\" content=\"2560\" \/>\n\t<meta property=\"og:image:height\" content=\"1841\" \/>\n\t<meta property=\"og:image:type\" content=\"image\/jpeg\" \/>\n<meta name=\"author\" content=\"ola test roli uzytkownika\" \/>\n<meta name=\"twitter:card\" content=\"summary_large_image\" \/>\n<meta name=\"twitter:label1\" content=\"Written by\" \/>\n\t<meta name=\"twitter:data1\" content=\"ola test roli uzytkownika\" \/>\n\t<meta name=\"twitter:label2\" content=\"Estimated reading time\" \/>\n\t<meta name=\"twitter:data2\" content=\"1 minute\" \/>\n<script type=\"application\/ld+json\" class=\"yoast-schema-graph\">{\"@context\":\"https:\/\/schema.org\",\"@graph\":[{\"@type\":\"Article\",\"@id\":\"https:\/\/msk.lodz.pl\/wieczor-poezji-i-muzyki\/#article\",\"isPartOf\":{\"@id\":\"https:\/\/msk.lodz.pl\/wieczor-poezji-i-muzyki\/\"},\"author\":{\"name\":\"ola test roli uzytkownika\",\"@id\":\"https:\/\/msk.lodz.pl\/#\/schema\/person\/cffd6ce75eb48ce35df7076fa7a0512e\"},\"headline\":\"Wiecz\u00f3r poezji i muzyki\",\"datePublished\":\"2025-08-27T13:54:00+00:00\",\"dateModified\":\"2025-09-01T10:35:40+00:00\",\"mainEntityOfPage\":{\"@id\":\"https:\/\/msk.lodz.pl\/wieczor-poezji-i-muzyki\/\"},\"wordCount\":159,\"publisher\":{\"@id\":\"https:\/\/msk.lodz.pl\/#organization\"},\"image\":{\"@id\":\"https:\/\/msk.lodz.pl\/wieczor-poezji-i-muzyki\/#primaryimage\"},\"thumbnailUrl\":\"https:\/\/msk.lodz.pl\/wp-content\/uploads\/2025\/08\/wieczor-poezji1-scaled.jpg\",\"articleSection\":[\"Aktualno\u015bci\",\"Nie przypisane\"],\"inLanguage\":\"en-GB\"},{\"@type\":\"WebPage\",\"@id\":\"https:\/\/msk.lodz.pl\/wieczor-poezji-i-muzyki\/\",\"url\":\"https:\/\/msk.lodz.pl\/wieczor-poezji-i-muzyki\/\",\"name\":\"Wiecz\u00f3r poezji i muzyki - MSK\",\"isPartOf\":{\"@id\":\"https:\/\/msk.lodz.pl\/#website\"},\"primaryImageOfPage\":{\"@id\":\"https:\/\/msk.lodz.pl\/wieczor-poezji-i-muzyki\/#primaryimage\"},\"image\":{\"@id\":\"https:\/\/msk.lodz.pl\/wieczor-poezji-i-muzyki\/#primaryimage\"},\"thumbnailUrl\":\"https:\/\/msk.lodz.pl\/wp-content\/uploads\/2025\/08\/wieczor-poezji1-scaled.jpg\",\"datePublished\":\"2025-08-27T13:54:00+00:00\",\"dateModified\":\"2025-09-01T10:35:40+00:00\",\"breadcrumb\":{\"@id\":\"https:\/\/msk.lodz.pl\/wieczor-poezji-i-muzyki\/#breadcrumb\"},\"inLanguage\":\"en-GB\",\"potentialAction\":[{\"@type\":\"ReadAction\",\"target\":[\"https:\/\/msk.lodz.pl\/wieczor-poezji-i-muzyki\/\"]}]},{\"@type\":\"ImageObject\",\"inLanguage\":\"en-GB\",\"@id\":\"https:\/\/msk.lodz.pl\/wieczor-poezji-i-muzyki\/#primaryimage\",\"url\":\"https:\/\/msk.lodz.pl\/wp-content\/uploads\/2025\/08\/wieczor-poezji1-scaled.jpg\",\"contentUrl\":\"https:\/\/msk.lodz.pl\/wp-content\/uploads\/2025\/08\/wieczor-poezji1-scaled.jpg\",\"width\":2560,\"height\":1841},{\"@type\":\"BreadcrumbList\",\"@id\":\"https:\/\/msk.lodz.pl\/wieczor-poezji-i-muzyki\/#breadcrumb\",\"itemListElement\":[{\"@type\":\"ListItem\",\"position\":1,\"name\":\"Strona g\u0142\u00f3wna\",\"item\":\"http:\/\/msk.lodz.pl\/en\/\"},{\"@type\":\"ListItem\",\"position\":2,\"name\":\"Wiecz\u00f3r poezji i muzyki\"}]},{\"@type\":\"WebSite\",\"@id\":\"https:\/\/msk.lodz.pl\/#website\",\"url\":\"https:\/\/msk.lodz.pl\/\",\"name\":\"MSK - \u0141\u00f3d\u017a\",\"description\":\"\",\"publisher\":{\"@id\":\"https:\/\/msk.lodz.pl\/#organization\"},\"potentialAction\":[{\"@type\":\"SearchAction\",\"target\":{\"@type\":\"EntryPoint\",\"urlTemplate\":\"https:\/\/msk.lodz.pl\/?s={search_term_string}\"},\"query-input\":{\"@type\":\"PropertyValueSpecification\",\"valueRequired\":true,\"valueName\":\"search_term_string\"}}],\"inLanguage\":\"en-GB\"},{\"@type\":\"Organization\",\"@id\":\"https:\/\/msk.lodz.pl\/#organization\",\"name\":\"MSK - \u0141\u00f3d\u017a\",\"url\":\"https:\/\/msk.lodz.pl\/\",\"logo\":{\"@type\":\"ImageObject\",\"inLanguage\":\"en-GB\",\"@id\":\"https:\/\/msk.lodz.pl\/#\/schema\/logo\/image\/\",\"url\":\"https:\/\/msk.lodz.pl\/wp-content\/uploads\/2023\/04\/cropped-Fav_icon_MSK.png\",\"contentUrl\":\"https:\/\/msk.lodz.pl\/wp-content\/uploads\/2023\/04\/cropped-Fav_icon_MSK.png\",\"width\":512,\"height\":512,\"caption\":\"MSK - \u0141\u00f3d\u017a\"},\"image\":{\"@id\":\"https:\/\/msk.lodz.pl\/#\/schema\/logo\/image\/\"}},{\"@type\":\"Person\",\"@id\":\"https:\/\/msk.lodz.pl\/#\/schema\/person\/cffd6ce75eb48ce35df7076fa7a0512e\",\"name\":\"ola test roli uzytkownika\",\"image\":{\"@type\":\"ImageObject\",\"inLanguage\":\"en-GB\",\"@id\":\"https:\/\/msk.lodz.pl\/#\/schema\/person\/image\/\",\"url\":\"https:\/\/secure.gravatar.com\/avatar\/71d3e77f9bce51ec51e6c2a261588e6a5c0ce07befceafdde7dbe75517c0b10d?s=96&d=mm&r=g\",\"contentUrl\":\"https:\/\/secure.gravatar.com\/avatar\/71d3e77f9bce51ec51e6c2a261588e6a5c0ce07befceafdde7dbe75517c0b10d?s=96&d=mm&r=g\",\"caption\":\"ola test roli uzytkownika\"},\"url\":\"https:\/\/msk.lodz.pl\/en\/author\/ola-test-roli-uzytkownika\/\"}]}<\/script>\n<!-- \/ Yoast SEO plugin. -->","yoast_head_json":{"title":"Wiecz\u00f3r poezji i muzyki - MSK","robots":{"index":"index","follow":"follow","max-snippet":"max-snippet:-1","max-image-preview":"max-image-preview:large","max-video-preview":"max-video-preview:-1"},"canonical":"https:\/\/msk.lodz.pl\/en\/wieczor-poezji-i-muzyki\/","og_locale":"en_GB","og_type":"article","og_title":"Wiecz\u00f3r poezji i muzyki - MSK","og_description":"Zapraszamy 2 wrze\u015bnia o godz. 18:00 do Klubu D\u0105browa (ul. D\u0105browskiego 93) na wyj\u0105tkowy wiecz\u00f3r poezji i muzyki z zespo\u0142em poetycko-muzycznym Vena! Zesp\u00f3\u0142 Vena, dzia\u0142aj\u0105cy od 2 lat i maj\u0105cy na koncie udane spektakle na scenie Teatru Piccolo, zaprezentuje program \u201ePodr\u00f3\u017c w g\u0142\u0105b siebie\u201d \u2014 pe\u0142en emocji, refleksji i muzycznych wra\u017ce\u0144. Wyst\u0105pi\u0105: Urszula Kowalska \u2013 [&hellip;]","og_url":"https:\/\/msk.lodz.pl\/en\/wieczor-poezji-i-muzyki\/","og_site_name":"MSK","article_published_time":"2025-08-27T13:54:00+00:00","article_modified_time":"2025-09-01T10:35:40+00:00","og_image":[{"width":2560,"height":1841,"url":"https:\/\/msk.lodz.pl\/wp-content\/uploads\/2025\/08\/wieczor-poezji1-scaled.jpg","type":"image\/jpeg"}],"author":"ola test roli uzytkownika","twitter_card":"summary_large_image","twitter_misc":{"Written by":"ola test roli uzytkownika","Estimated reading time":"1 minute"},"schema":{"@context":"https:\/\/schema.org","@graph":[{"@type":"Article","@id":"https:\/\/msk.lodz.pl\/wieczor-poezji-i-muzyki\/#article","isPartOf":{"@id":"https:\/\/msk.lodz.pl\/wieczor-poezji-i-muzyki\/"},"author":{"name":"ola test roli uzytkownika","@id":"https:\/\/msk.lodz.pl\/#\/schema\/person\/cffd6ce75eb48ce35df7076fa7a0512e"},"headline":"Wiecz\u00f3r poezji i muzyki","datePublished":"2025-08-27T13:54:00+00:00","dateModified":"2025-09-01T10:35:40+00:00","mainEntityOfPage":{"@id":"https:\/\/msk.lodz.pl\/wieczor-poezji-i-muzyki\/"},"wordCount":159,"publisher":{"@id":"https:\/\/msk.lodz.pl\/#organization"},"image":{"@id":"https:\/\/msk.lodz.pl\/wieczor-poezji-i-muzyki\/#primaryimage"},"thumbnailUrl":"https:\/\/msk.lodz.pl\/wp-content\/uploads\/2025\/08\/wieczor-poezji1-scaled.jpg","articleSection":["Aktualno\u015bci","Nie przypisane"],"inLanguage":"en-GB"},{"@type":"WebPage","@id":"https:\/\/msk.lodz.pl\/wieczor-poezji-i-muzyki\/","url":"https:\/\/msk.lodz.pl\/wieczor-poezji-i-muzyki\/","name":"Wiecz\u00f3r poezji i muzyki - MSK","isPartOf":{"@id":"https:\/\/msk.lodz.pl\/#website"},"primaryImageOfPage":{"@id":"https:\/\/msk.lodz.pl\/wieczor-poezji-i-muzyki\/#primaryimage"},"image":{"@id":"https:\/\/msk.lodz.pl\/wieczor-poezji-i-muzyki\/#primaryimage"},"thumbnailUrl":"https:\/\/msk.lodz.pl\/wp-content\/uploads\/2025\/08\/wieczor-poezji1-scaled.jpg","datePublished":"2025-08-27T13:54:00+00:00","dateModified":"2025-09-01T10:35:40+00:00","breadcrumb":{"@id":"https:\/\/msk.lodz.pl\/wieczor-poezji-i-muzyki\/#breadcrumb"},"inLanguage":"en-GB","potentialAction":[{"@type":"ReadAction","target":["https:\/\/msk.lodz.pl\/wieczor-poezji-i-muzyki\/"]}]},{"@type":"ImageObject","inLanguage":"en-GB","@id":"https:\/\/msk.lodz.pl\/wieczor-poezji-i-muzyki\/#primaryimage","url":"https:\/\/msk.lodz.pl\/wp-content\/uploads\/2025\/08\/wieczor-poezji1-scaled.jpg","contentUrl":"https:\/\/msk.lodz.pl\/wp-content\/uploads\/2025\/08\/wieczor-poezji1-scaled.jpg","width":2560,"height":1841},{"@type":"BreadcrumbList","@id":"https:\/\/msk.lodz.pl\/wieczor-poezji-i-muzyki\/#breadcrumb","itemListElement":[{"@type":"ListItem","position":1,"name":"Strona g\u0142\u00f3wna","item":"http:\/\/msk.lodz.pl\/en\/"},{"@type":"ListItem","position":2,"name":"Wiecz\u00f3r poezji i muzyki"}]},{"@type":"WebSite","@id":"https:\/\/msk.lodz.pl\/#website","url":"https:\/\/msk.lodz.pl\/","name":"MSK - \u0141\u00f3d\u017a","description":"","publisher":{"@id":"https:\/\/msk.lodz.pl\/#organization"},"potentialAction":[{"@type":"SearchAction","target":{"@type":"EntryPoint","urlTemplate":"https:\/\/msk.lodz.pl\/?s={search_term_string}"},"query-input":{"@type":"PropertyValueSpecification","valueRequired":true,"valueName":"search_term_string"}}],"inLanguage":"en-GB"},{"@type":"Organization","@id":"https:\/\/msk.lodz.pl\/#organization","name":"MSK - \u0141\u00f3d\u017a","url":"https:\/\/msk.lodz.pl\/","logo":{"@type":"ImageObject","inLanguage":"en-GB","@id":"https:\/\/msk.lodz.pl\/#\/schema\/logo\/image\/","url":"https:\/\/msk.lodz.pl\/wp-content\/uploads\/2023\/04\/cropped-Fav_icon_MSK.png","contentUrl":"https:\/\/msk.lodz.pl\/wp-content\/uploads\/2023\/04\/cropped-Fav_icon_MSK.png","width":512,"height":512,"caption":"MSK - \u0141\u00f3d\u017a"},"image":{"@id":"https:\/\/msk.lodz.pl\/#\/schema\/logo\/image\/"}},{"@type":"Person","@id":"https:\/\/msk.lodz.pl\/#\/schema\/person\/cffd6ce75eb48ce35df7076fa7a0512e","name":"ola test roli uzytkownika","image":{"@type":"ImageObject","inLanguage":"en-GB","@id":"https:\/\/msk.lodz.pl\/#\/schema\/person\/image\/","url":"https:\/\/secure.gravatar.com\/avatar\/71d3e77f9bce51ec51e6c2a261588e6a5c0ce07befceafdde7dbe75517c0b10d?s=96&d=mm&r=g","contentUrl":"https:\/\/secure.gravatar.com\/avatar\/71d3e77f9bce51ec51e6c2a261588e6a5c0ce07befceafdde7dbe75517c0b10d?s=96&d=mm&r=g","caption":"ola test roli uzytkownika"},"url":"https:\/\/msk.lodz.pl\/en\/author\/ola-test-roli-uzytkownika\/"}]}},"_links":{"self":[{"href":"https:\/\/msk.lodz.pl\/en\/wp-json\/wp\/v2\/posts\/108765","targetHints":{"allow":["GET"]}}],"collection":[{"href":"https:\/\/msk.lodz.pl\/en\/wp-json\/wp\/v2\/posts"}],"about":[{"href":"https:\/\/msk.lodz.pl\/en\/wp-json\/wp\/v2\/types\/post"}],"author":[{"embeddable":true,"href":"https:\/\/msk.lodz.pl\/en\/wp-json\/wp\/v2\/users\/35"}],"replies":[{"embeddable":true,"href":"https:\/\/msk.lodz.pl\/en\/wp-json\/wp\/v2\/comments?post=108765"}],"version-history":[{"count":0,"href":"https:\/\/msk.lodz.pl\/en\/wp-json\/wp\/v2\/posts\/108765\/revisions"}],"wp:featuredmedia":[{"embeddable":true,"href":"https:\/\/msk.lodz.pl\/en\/wp-json\/wp\/v2\/media\/109140"}],"wp:attachment":[{"href":"https:\/\/msk.lodz.pl\/en\/wp-json\/wp\/v2\/media?parent=108765"}],"wp:term":[{"taxonomy":"category","embeddable":true,"href":"https:\/\/msk.lodz.pl\/en\/wp-json\/wp\/v2\/categories?post=108765"},{"taxonomy":"post_tag","embeddable":true,"href":"https:\/\/msk.lodz.pl\/en\/wp-json\/wp\/v2\/tags?post=108765"}],"curies":[{"name":"wp","href":"https:\/\/api.w.org\/{rel}","templated":true}]}}