{"id":110341,"date":"2025-09-07T23:07:26","date_gmt":"2025-09-07T21:07:26","guid":{"rendered":"https:\/\/msk.lodz.pl\/?p=110341"},"modified":"2025-09-23T12:18:33","modified_gmt":"2025-09-23T10:18:33","slug":"zapraszamy-na-wielki-piknik-msk-13-09-w-parku-staromiejskim","status":"publish","type":"post","link":"https:\/\/msk.lodz.pl\/en\/zapraszamy-na-wielki-piknik-msk-13-09-w-parku-staromiejskim\/","title":{"rendered":"Zapraszamy na bezp\u0142atne zaj\u0119cia dzieci w wieku 7-12 lat do Dzieci\u0119cego Zespo\u0142u Pie\u015bni i Ta\u0144ca &#8222;\u0141\u00d3DECZKI&#8221; &#8211; rozpocznij swoj\u0105 przygod\u0119 z ta\u0144cem ludowym"},"content":{"rendered":"<p class=\"has-medium-font-size\"><strong>Dzieci\u0119cy Zesp\u00f3\u0142 Pie\u015bni i Ta\u0144ca \u201e\u0141\u00f3deczki\u201d<\/strong>&nbsp;powsta\u0142 w 1987 roku i dzia\u0142a przy MSK: Chojny &#8211; Centrum Kultury M\u0142odych w \u0141odzi. Ciekawy repertuar, pi\u0119kne, oryginalne kostiumy ludowe, akompaniament kapeli-muzyka na \u017cywo, to niekt\u00f3re z atut\u00f3w naszego zespo\u0142u tanecznego.<\/p>\n\n\n\n<p class=\"has-medium-font-size\"><strong>Naszym celem jest:<\/strong><\/p>\n\n\n\n<ul class=\"wp-block-list\">\n<li class=\"has-medium-font-size\">pobudzenie inicjatywy, aktywno\u015bci, samodzielno\u015bci oraz wra\u017cliwo\u015bci dziecka<\/li>\n\n\n\n<li class=\"has-medium-font-size\">poznawanie ro\u017cnych technik ta\u0144ca, w tym podstaw ta\u0144ca klasycznego<\/li>\n\n\n\n<li class=\"has-medium-font-size\">propagowanie folkloru polskiego poprzez wyst\u0119py artystyczne na r\u00f3\u017cnych scenach (teatry, domy kultury, itp.) oraz w plenerze<\/li>\n\n\n\n<li class=\"has-medium-font-size\">przygotowanie uk\u0142ad\u00f3w choreograficznych i opracowanie repertuaru \u015bpiewanego<\/li>\n\n\n\n<li class=\"has-medium-font-size\">integracja w grupie r\u00f3wie\u015bnik\u00f3w<\/li>\n\n\n\n<li class=\"has-medium-font-size\">mo\u017cliwo\u015b\u0107 kontynuacji przygody z ta\u0144cem w kolejnych grupach wiekowych: m\u0142odzie\u017cowej i reprezentacyjnej<\/li>\n\n\n\n<li class=\"has-medium-font-size\">gwarantujemy: wyst\u0119py w Polsce i zagranic\u0105, udzia\u0142 w konkursach og\u00f3lnopolskich i festiwalach mi\u0119dzynarodowych i przede wszystkim ciep\u0142\u0105, sprzyjaj\u0105c\u0105 tw\u00f3rczemu rozwojowi, atmosfer\u0119<\/li>\n<\/ul>\n\n\n\n<p class=\"has-medium-font-size\"><strong>Zapraszamy na zaj\u0119cia dzieci<\/strong>\u00a0<strong>w wieku 7 \u2013 12 lat<\/strong>\u2013 sala widowiskowa MSK: Chojny &#8211; Centrum Kultury M\u0142odych \u2013 \u0141\u00f3d\u017a, ul. Lokatorska 13<\/p>\n\n\n\n<p class=\"has-medium-font-size\"><strong>Pr\u00f3by taneczno-wokalne:<\/strong><\/p>\n\n\n\n<p class=\"has-medium-font-size\">Poniedzia\u0142ek godz.16.30-18.00&nbsp;&nbsp;&nbsp;<\/p>\n\n\n\n<p class=\"has-medium-font-size\">\u015aroda godz. 16.30 \u2013 18.00<\/p>\n\n\n\n<p class=\"has-medium-font-size\">We wrze\u015bniu udzia\u0142 w zaj\u0119ciach jest bezp\u0142atny<\/p>\n\n\n\n<p class=\"has-medium-font-size\"><strong>Informacje i zapisy<\/strong>&nbsp;tel. 795&nbsp;505 861 lub na 15 min. przed zaj\u0119ciami<\/p>\n\n\n\n<p class=\"has-medium-font-size\">Wi\u0119cej informacji o dzia\u0142alno\u015bci naszych zespo\u0142\u00f3w znajdziecie na:\u00a0<a href=\"https:\/\/www.facebook.com\/zpitlodz\" target=\"_blank\" rel=\"noreferrer noopener\">https:\/\/www.facebook.com\/zpitlodz<\/a><\/p>\n\n\n\n<p class=\"has-medium-font-size\"><\/p>\n\n\n\n<p><\/p>","protected":false},"excerpt":{"rendered":"<p>Dzieci\u0119cy Zesp\u00f3\u0142 Pie\u015bni i Ta\u0144ca \u201e\u0141\u00f3deczki\u201d&nbsp;powsta\u0142 w 1987 roku i dzia\u0142a przy MSK: Chojny &#8211; Centrum Kultury M\u0142odych w \u0141odzi. Ciekawy repertuar, pi\u0119kne, oryginalne kostiumy ludowe, akompaniament kapeli-muzyka na \u017cywo, to niekt\u00f3re z atut\u00f3w naszego zespo\u0142u tanecznego. Naszym celem jest: Zapraszamy na zaj\u0119cia dzieci\u00a0w wieku 7 \u2013 12 lat\u2013 sala widowiskowa MSK: Chojny &#8211; Centrum [&hellip;]<\/p>","protected":false},"author":3,"featured_media":108648,"comment_status":"closed","ping_status":"closed","sticky":false,"template":"","format":"standard","meta":{"footnotes":""},"categories":[212,211],"tags":[],"class_list":["post-110341","post","type-post","status-publish","format-standard","has-post-thumbnail","hentry","category-aktualnosci-msk-chojny","category-msk-chojny"],"yoast_head":"<!-- This site is optimized with the Yoast SEO plugin v26.5 - https:\/\/yoast.com\/wordpress\/plugins\/seo\/ -->\n<title>Zapraszamy na bezp\u0142atne zaj\u0119cia dzieci w wieku 7-12 lat do Dzieci\u0119cego Zespo\u0142u Pie\u015bni i Ta\u0144ca &quot;\u0141\u00d3DECZKI&quot; - rozpocznij swoj\u0105 przygod\u0119 z ta\u0144cem ludowym - MSK<\/title>\n<meta name=\"robots\" content=\"index, follow, max-snippet:-1, max-image-preview:large, max-video-preview:-1\" \/>\n<link rel=\"canonical\" href=\"https:\/\/msk.lodz.pl\/en\/zapraszamy-na-wielki-piknik-msk-13-09-w-parku-staromiejskim\/\" \/>\n<meta property=\"og:locale\" content=\"en_GB\" \/>\n<meta property=\"og:type\" content=\"article\" \/>\n<meta property=\"og:title\" content=\"Zapraszamy na bezp\u0142atne zaj\u0119cia dzieci w wieku 7-12 lat do Dzieci\u0119cego Zespo\u0142u Pie\u015bni i Ta\u0144ca &quot;\u0141\u00d3DECZKI&quot; - rozpocznij swoj\u0105 przygod\u0119 z ta\u0144cem ludowym - MSK\" \/>\n<meta property=\"og:description\" content=\"Dzieci\u0119cy Zesp\u00f3\u0142 Pie\u015bni i Ta\u0144ca \u201e\u0141\u00f3deczki\u201d&nbsp;powsta\u0142 w 1987 roku i dzia\u0142a przy MSK: Chojny &#8211; Centrum Kultury M\u0142odych w \u0141odzi. Ciekawy repertuar, pi\u0119kne, oryginalne kostiumy ludowe, akompaniament kapeli-muzyka na \u017cywo, to niekt\u00f3re z atut\u00f3w naszego zespo\u0142u tanecznego. Naszym celem jest: Zapraszamy na zaj\u0119cia dzieci\u00a0w wieku 7 \u2013 12 lat\u2013 sala widowiskowa MSK: Chojny &#8211; Centrum [&hellip;]\" \/>\n<meta property=\"og:url\" content=\"https:\/\/msk.lodz.pl\/en\/zapraszamy-na-wielki-piknik-msk-13-09-w-parku-staromiejskim\/\" \/>\n<meta property=\"og:site_name\" content=\"MSK\" \/>\n<meta property=\"article:published_time\" content=\"2025-09-07T21:07:26+00:00\" \/>\n<meta property=\"article:modified_time\" content=\"2025-09-23T10:18:33+00:00\" \/>\n<meta property=\"og:image\" content=\"https:\/\/msk.lodz.pl\/wp-content\/uploads\/2025\/08\/taniec-ludowy-1.png\" \/>\n\t<meta property=\"og:image:width\" content=\"1424\" \/>\n\t<meta property=\"og:image:height\" content=\"1024\" \/>\n\t<meta property=\"og:image:type\" content=\"image\/png\" \/>\n<meta name=\"author\" content=\"Aleksandra Sowa\" \/>\n<meta name=\"twitter:card\" content=\"summary_large_image\" \/>\n<meta name=\"twitter:label1\" content=\"Written by\" \/>\n\t<meta name=\"twitter:data1\" content=\"Aleksandra Sowa\" \/>\n\t<meta name=\"twitter:label2\" content=\"Estimated reading time\" \/>\n\t<meta name=\"twitter:data2\" content=\"1 minute\" \/>\n<script type=\"application\/ld+json\" class=\"yoast-schema-graph\">{\"@context\":\"https:\/\/schema.org\",\"@graph\":[{\"@type\":\"Article\",\"@id\":\"https:\/\/msk.lodz.pl\/zapraszamy-na-wielki-piknik-msk-13-09-w-parku-staromiejskim\/#article\",\"isPartOf\":{\"@id\":\"https:\/\/msk.lodz.pl\/zapraszamy-na-wielki-piknik-msk-13-09-w-parku-staromiejskim\/\"},\"author\":{\"name\":\"Aleksandra Sowa\",\"@id\":\"https:\/\/msk.lodz.pl\/#\/schema\/person\/7a397b10f9bac91b62bc4836aff6fed8\"},\"headline\":\"Zapraszamy na bezp\u0142atne zaj\u0119cia dzieci w wieku 7-12 lat do Dzieci\u0119cego Zespo\u0142u Pie\u015bni i Ta\u0144ca &#8222;\u0141\u00d3DECZKI&#8221; &#8211; rozpocznij swoj\u0105 przygod\u0119 z ta\u0144cem ludowym\",\"datePublished\":\"2025-09-07T21:07:26+00:00\",\"dateModified\":\"2025-09-23T10:18:33+00:00\",\"mainEntityOfPage\":{\"@id\":\"https:\/\/msk.lodz.pl\/zapraszamy-na-wielki-piknik-msk-13-09-w-parku-staromiejskim\/\"},\"wordCount\":250,\"publisher\":{\"@id\":\"https:\/\/msk.lodz.pl\/#organization\"},\"image\":{\"@id\":\"https:\/\/msk.lodz.pl\/zapraszamy-na-wielki-piknik-msk-13-09-w-parku-staromiejskim\/#primaryimage\"},\"thumbnailUrl\":\"https:\/\/msk.lodz.pl\/wp-content\/uploads\/2025\/08\/taniec-ludowy-1.png\",\"articleSection\":[\"Aktualno\u015bci\",\"MSK: Chojny\"],\"inLanguage\":\"en-GB\"},{\"@type\":\"WebPage\",\"@id\":\"https:\/\/msk.lodz.pl\/zapraszamy-na-wielki-piknik-msk-13-09-w-parku-staromiejskim\/\",\"url\":\"https:\/\/msk.lodz.pl\/zapraszamy-na-wielki-piknik-msk-13-09-w-parku-staromiejskim\/\",\"name\":\"Zapraszamy na bezp\u0142atne zaj\u0119cia dzieci w wieku 7-12 lat do Dzieci\u0119cego Zespo\u0142u Pie\u015bni i Ta\u0144ca \\\"\u0141\u00d3DECZKI\\\" - rozpocznij swoj\u0105 przygod\u0119 z ta\u0144cem ludowym - MSK\",\"isPartOf\":{\"@id\":\"https:\/\/msk.lodz.pl\/#website\"},\"primaryImageOfPage\":{\"@id\":\"https:\/\/msk.lodz.pl\/zapraszamy-na-wielki-piknik-msk-13-09-w-parku-staromiejskim\/#primaryimage\"},\"image\":{\"@id\":\"https:\/\/msk.lodz.pl\/zapraszamy-na-wielki-piknik-msk-13-09-w-parku-staromiejskim\/#primaryimage\"},\"thumbnailUrl\":\"https:\/\/msk.lodz.pl\/wp-content\/uploads\/2025\/08\/taniec-ludowy-1.png\",\"datePublished\":\"2025-09-07T21:07:26+00:00\",\"dateModified\":\"2025-09-23T10:18:33+00:00\",\"breadcrumb\":{\"@id\":\"https:\/\/msk.lodz.pl\/zapraszamy-na-wielki-piknik-msk-13-09-w-parku-staromiejskim\/#breadcrumb\"},\"inLanguage\":\"en-GB\",\"potentialAction\":[{\"@type\":\"ReadAction\",\"target\":[\"https:\/\/msk.lodz.pl\/zapraszamy-na-wielki-piknik-msk-13-09-w-parku-staromiejskim\/\"]}]},{\"@type\":\"ImageObject\",\"inLanguage\":\"en-GB\",\"@id\":\"https:\/\/msk.lodz.pl\/zapraszamy-na-wielki-piknik-msk-13-09-w-parku-staromiejskim\/#primaryimage\",\"url\":\"https:\/\/msk.lodz.pl\/wp-content\/uploads\/2025\/08\/taniec-ludowy-1.png\",\"contentUrl\":\"https:\/\/msk.lodz.pl\/wp-content\/uploads\/2025\/08\/taniec-ludowy-1.png\",\"width\":1424,\"height\":1024},{\"@type\":\"BreadcrumbList\",\"@id\":\"https:\/\/msk.lodz.pl\/zapraszamy-na-wielki-piknik-msk-13-09-w-parku-staromiejskim\/#breadcrumb\",\"itemListElement\":[{\"@type\":\"ListItem\",\"position\":1,\"name\":\"Strona g\u0142\u00f3wna\",\"item\":\"http:\/\/msk.lodz.pl\/en\/\"},{\"@type\":\"ListItem\",\"position\":2,\"name\":\"Zapraszamy na bezp\u0142atne zaj\u0119cia dzieci w wieku 7-12 lat do Dzieci\u0119cego Zespo\u0142u Pie\u015bni i Ta\u0144ca &#8222;\u0141\u00d3DECZKI&#8221; &#8211; rozpocznij swoj\u0105 przygod\u0119 z ta\u0144cem ludowym\"}]},{\"@type\":\"WebSite\",\"@id\":\"https:\/\/msk.lodz.pl\/#website\",\"url\":\"https:\/\/msk.lodz.pl\/\",\"name\":\"MSK - \u0141\u00f3d\u017a\",\"description\":\"\",\"publisher\":{\"@id\":\"https:\/\/msk.lodz.pl\/#organization\"},\"potentialAction\":[{\"@type\":\"SearchAction\",\"target\":{\"@type\":\"EntryPoint\",\"urlTemplate\":\"https:\/\/msk.lodz.pl\/?s={search_term_string}\"},\"query-input\":{\"@type\":\"PropertyValueSpecification\",\"valueRequired\":true,\"valueName\":\"search_term_string\"}}],\"inLanguage\":\"en-GB\"},{\"@type\":\"Organization\",\"@id\":\"https:\/\/msk.lodz.pl\/#organization\",\"name\":\"MSK - \u0141\u00f3d\u017a\",\"url\":\"https:\/\/msk.lodz.pl\/\",\"logo\":{\"@type\":\"ImageObject\",\"inLanguage\":\"en-GB\",\"@id\":\"https:\/\/msk.lodz.pl\/#\/schema\/logo\/image\/\",\"url\":\"https:\/\/msk.lodz.pl\/wp-content\/uploads\/2023\/04\/cropped-Fav_icon_MSK.png\",\"contentUrl\":\"https:\/\/msk.lodz.pl\/wp-content\/uploads\/2023\/04\/cropped-Fav_icon_MSK.png\",\"width\":512,\"height\":512,\"caption\":\"MSK - \u0141\u00f3d\u017a\"},\"image\":{\"@id\":\"https:\/\/msk.lodz.pl\/#\/schema\/logo\/image\/\"}},{\"@type\":\"Person\",\"@id\":\"https:\/\/msk.lodz.pl\/#\/schema\/person\/7a397b10f9bac91b62bc4836aff6fed8\",\"name\":\"Aleksandra Sowa\",\"image\":{\"@type\":\"ImageObject\",\"inLanguage\":\"en-GB\",\"@id\":\"https:\/\/msk.lodz.pl\/#\/schema\/person\/image\/\",\"url\":\"https:\/\/secure.gravatar.com\/avatar\/7d16c1079266eae429b8725d6b8f490a80ccf7fbb4e3b6223f499aa34088ea85?s=96&d=mm&r=g\",\"contentUrl\":\"https:\/\/secure.gravatar.com\/avatar\/7d16c1079266eae429b8725d6b8f490a80ccf7fbb4e3b6223f499aa34088ea85?s=96&d=mm&r=g\",\"caption\":\"Aleksandra Sowa\"},\"url\":\"https:\/\/msk.lodz.pl\/en\/author\/a-sowa\/\"}]}<\/script>\n<!-- \/ Yoast SEO plugin. -->","yoast_head_json":{"title":"Zapraszamy na bezp\u0142atne zaj\u0119cia dzieci w wieku 7-12 lat do Dzieci\u0119cego Zespo\u0142u Pie\u015bni i Ta\u0144ca \"\u0141\u00d3DECZKI\" - rozpocznij swoj\u0105 przygod\u0119 z ta\u0144cem ludowym - MSK","robots":{"index":"index","follow":"follow","max-snippet":"max-snippet:-1","max-image-preview":"max-image-preview:large","max-video-preview":"max-video-preview:-1"},"canonical":"https:\/\/msk.lodz.pl\/en\/zapraszamy-na-wielki-piknik-msk-13-09-w-parku-staromiejskim\/","og_locale":"en_GB","og_type":"article","og_title":"Zapraszamy na bezp\u0142atne zaj\u0119cia dzieci w wieku 7-12 lat do Dzieci\u0119cego Zespo\u0142u Pie\u015bni i Ta\u0144ca \"\u0141\u00d3DECZKI\" - rozpocznij swoj\u0105 przygod\u0119 z ta\u0144cem ludowym - MSK","og_description":"Dzieci\u0119cy Zesp\u00f3\u0142 Pie\u015bni i Ta\u0144ca \u201e\u0141\u00f3deczki\u201d&nbsp;powsta\u0142 w 1987 roku i dzia\u0142a przy MSK: Chojny &#8211; Centrum Kultury M\u0142odych w \u0141odzi. Ciekawy repertuar, pi\u0119kne, oryginalne kostiumy ludowe, akompaniament kapeli-muzyka na \u017cywo, to niekt\u00f3re z atut\u00f3w naszego zespo\u0142u tanecznego. Naszym celem jest: Zapraszamy na zaj\u0119cia dzieci\u00a0w wieku 7 \u2013 12 lat\u2013 sala widowiskowa MSK: Chojny &#8211; Centrum [&hellip;]","og_url":"https:\/\/msk.lodz.pl\/en\/zapraszamy-na-wielki-piknik-msk-13-09-w-parku-staromiejskim\/","og_site_name":"MSK","article_published_time":"2025-09-07T21:07:26+00:00","article_modified_time":"2025-09-23T10:18:33+00:00","og_image":[{"width":1424,"height":1024,"url":"https:\/\/msk.lodz.pl\/wp-content\/uploads\/2025\/08\/taniec-ludowy-1.png","type":"image\/png"}],"author":"Aleksandra Sowa","twitter_card":"summary_large_image","twitter_misc":{"Written by":"Aleksandra Sowa","Estimated reading time":"1 minute"},"schema":{"@context":"https:\/\/schema.org","@graph":[{"@type":"Article","@id":"https:\/\/msk.lodz.pl\/zapraszamy-na-wielki-piknik-msk-13-09-w-parku-staromiejskim\/#article","isPartOf":{"@id":"https:\/\/msk.lodz.pl\/zapraszamy-na-wielki-piknik-msk-13-09-w-parku-staromiejskim\/"},"author":{"name":"Aleksandra Sowa","@id":"https:\/\/msk.lodz.pl\/#\/schema\/person\/7a397b10f9bac91b62bc4836aff6fed8"},"headline":"Zapraszamy na bezp\u0142atne zaj\u0119cia dzieci w wieku 7-12 lat do Dzieci\u0119cego Zespo\u0142u Pie\u015bni i Ta\u0144ca &#8222;\u0141\u00d3DECZKI&#8221; &#8211; rozpocznij swoj\u0105 przygod\u0119 z ta\u0144cem ludowym","datePublished":"2025-09-07T21:07:26+00:00","dateModified":"2025-09-23T10:18:33+00:00","mainEntityOfPage":{"@id":"https:\/\/msk.lodz.pl\/zapraszamy-na-wielki-piknik-msk-13-09-w-parku-staromiejskim\/"},"wordCount":250,"publisher":{"@id":"https:\/\/msk.lodz.pl\/#organization"},"image":{"@id":"https:\/\/msk.lodz.pl\/zapraszamy-na-wielki-piknik-msk-13-09-w-parku-staromiejskim\/#primaryimage"},"thumbnailUrl":"https:\/\/msk.lodz.pl\/wp-content\/uploads\/2025\/08\/taniec-ludowy-1.png","articleSection":["Aktualno\u015bci","MSK: Chojny"],"inLanguage":"en-GB"},{"@type":"WebPage","@id":"https:\/\/msk.lodz.pl\/zapraszamy-na-wielki-piknik-msk-13-09-w-parku-staromiejskim\/","url":"https:\/\/msk.lodz.pl\/zapraszamy-na-wielki-piknik-msk-13-09-w-parku-staromiejskim\/","name":"Zapraszamy na bezp\u0142atne zaj\u0119cia dzieci w wieku 7-12 lat do Dzieci\u0119cego Zespo\u0142u Pie\u015bni i Ta\u0144ca \"\u0141\u00d3DECZKI\" - rozpocznij swoj\u0105 przygod\u0119 z ta\u0144cem ludowym - MSK","isPartOf":{"@id":"https:\/\/msk.lodz.pl\/#website"},"primaryImageOfPage":{"@id":"https:\/\/msk.lodz.pl\/zapraszamy-na-wielki-piknik-msk-13-09-w-parku-staromiejskim\/#primaryimage"},"image":{"@id":"https:\/\/msk.lodz.pl\/zapraszamy-na-wielki-piknik-msk-13-09-w-parku-staromiejskim\/#primaryimage"},"thumbnailUrl":"https:\/\/msk.lodz.pl\/wp-content\/uploads\/2025\/08\/taniec-ludowy-1.png","datePublished":"2025-09-07T21:07:26+00:00","dateModified":"2025-09-23T10:18:33+00:00","breadcrumb":{"@id":"https:\/\/msk.lodz.pl\/zapraszamy-na-wielki-piknik-msk-13-09-w-parku-staromiejskim\/#breadcrumb"},"inLanguage":"en-GB","potentialAction":[{"@type":"ReadAction","target":["https:\/\/msk.lodz.pl\/zapraszamy-na-wielki-piknik-msk-13-09-w-parku-staromiejskim\/"]}]},{"@type":"ImageObject","inLanguage":"en-GB","@id":"https:\/\/msk.lodz.pl\/zapraszamy-na-wielki-piknik-msk-13-09-w-parku-staromiejskim\/#primaryimage","url":"https:\/\/msk.lodz.pl\/wp-content\/uploads\/2025\/08\/taniec-ludowy-1.png","contentUrl":"https:\/\/msk.lodz.pl\/wp-content\/uploads\/2025\/08\/taniec-ludowy-1.png","width":1424,"height":1024},{"@type":"BreadcrumbList","@id":"https:\/\/msk.lodz.pl\/zapraszamy-na-wielki-piknik-msk-13-09-w-parku-staromiejskim\/#breadcrumb","itemListElement":[{"@type":"ListItem","position":1,"name":"Strona g\u0142\u00f3wna","item":"http:\/\/msk.lodz.pl\/en\/"},{"@type":"ListItem","position":2,"name":"Zapraszamy na bezp\u0142atne zaj\u0119cia dzieci w wieku 7-12 lat do Dzieci\u0119cego Zespo\u0142u Pie\u015bni i Ta\u0144ca &#8222;\u0141\u00d3DECZKI&#8221; &#8211; rozpocznij swoj\u0105 przygod\u0119 z ta\u0144cem ludowym"}]},{"@type":"WebSite","@id":"https:\/\/msk.lodz.pl\/#website","url":"https:\/\/msk.lodz.pl\/","name":"MSK - \u0141\u00f3d\u017a","description":"","publisher":{"@id":"https:\/\/msk.lodz.pl\/#organization"},"potentialAction":[{"@type":"SearchAction","target":{"@type":"EntryPoint","urlTemplate":"https:\/\/msk.lodz.pl\/?s={search_term_string}"},"query-input":{"@type":"PropertyValueSpecification","valueRequired":true,"valueName":"search_term_string"}}],"inLanguage":"en-GB"},{"@type":"Organization","@id":"https:\/\/msk.lodz.pl\/#organization","name":"MSK - \u0141\u00f3d\u017a","url":"https:\/\/msk.lodz.pl\/","logo":{"@type":"ImageObject","inLanguage":"en-GB","@id":"https:\/\/msk.lodz.pl\/#\/schema\/logo\/image\/","url":"https:\/\/msk.lodz.pl\/wp-content\/uploads\/2023\/04\/cropped-Fav_icon_MSK.png","contentUrl":"https:\/\/msk.lodz.pl\/wp-content\/uploads\/2023\/04\/cropped-Fav_icon_MSK.png","width":512,"height":512,"caption":"MSK - \u0141\u00f3d\u017a"},"image":{"@id":"https:\/\/msk.lodz.pl\/#\/schema\/logo\/image\/"}},{"@type":"Person","@id":"https:\/\/msk.lodz.pl\/#\/schema\/person\/7a397b10f9bac91b62bc4836aff6fed8","name":"Aleksandra Sowa","image":{"@type":"ImageObject","inLanguage":"en-GB","@id":"https:\/\/msk.lodz.pl\/#\/schema\/person\/image\/","url":"https:\/\/secure.gravatar.com\/avatar\/7d16c1079266eae429b8725d6b8f490a80ccf7fbb4e3b6223f499aa34088ea85?s=96&d=mm&r=g","contentUrl":"https:\/\/secure.gravatar.com\/avatar\/7d16c1079266eae429b8725d6b8f490a80ccf7fbb4e3b6223f499aa34088ea85?s=96&d=mm&r=g","caption":"Aleksandra Sowa"},"url":"https:\/\/msk.lodz.pl\/en\/author\/a-sowa\/"}]}},"_links":{"self":[{"href":"https:\/\/msk.lodz.pl\/en\/wp-json\/wp\/v2\/posts\/110341","targetHints":{"allow":["GET"]}}],"collection":[{"href":"https:\/\/msk.lodz.pl\/en\/wp-json\/wp\/v2\/posts"}],"about":[{"href":"https:\/\/msk.lodz.pl\/en\/wp-json\/wp\/v2\/types\/post"}],"author":[{"embeddable":true,"href":"https:\/\/msk.lodz.pl\/en\/wp-json\/wp\/v2\/users\/3"}],"replies":[{"embeddable":true,"href":"https:\/\/msk.lodz.pl\/en\/wp-json\/wp\/v2\/comments?post=110341"}],"version-history":[{"count":0,"href":"https:\/\/msk.lodz.pl\/en\/wp-json\/wp\/v2\/posts\/110341\/revisions"}],"wp:featuredmedia":[{"embeddable":true,"href":"https:\/\/msk.lodz.pl\/en\/wp-json\/wp\/v2\/media\/108648"}],"wp:attachment":[{"href":"https:\/\/msk.lodz.pl\/en\/wp-json\/wp\/v2\/media?parent=110341"}],"wp:term":[{"taxonomy":"category","embeddable":true,"href":"https:\/\/msk.lodz.pl\/en\/wp-json\/wp\/v2\/categories?post=110341"},{"taxonomy":"post_tag","embeddable":true,"href":"https:\/\/msk.lodz.pl\/en\/wp-json\/wp\/v2\/tags?post=110341"}],"curies":[{"name":"wp","href":"https:\/\/api.w.org\/{rel}","templated":true}]}}