{"id":112912,"date":"2025-09-23T13:21:29","date_gmt":"2025-09-23T11:21:29","guid":{"rendered":"https:\/\/msk.lodz.pl\/?p=112912"},"modified":"2025-09-25T15:33:35","modified_gmt":"2025-09-25T13:33:35","slug":"weekned-seniora-z-kultura","status":"publish","type":"post","link":"https:\/\/msk.lodz.pl\/en\/weekned-seniora-z-kultura\/","title":{"rendered":"WEEKEND SENIORA Z KULTUR\u0104"},"content":{"rendered":"<p class=\"has-medium-font-size\">Zapraszamy na Weekend Seniora z Kultur\u0105!!<\/p>\n\n\n\n<p class=\"has-medium-font-size\"><strong>04.10.2025r. (sobota)<\/strong><\/p>\n\n\n\n<p class=\"has-medium-font-size\">Serdecznie zach\u0119camy do udzia\u0142u w wyj\u0105tkowych wydarzeniach przygotowanych specjalnie z my\u015bl\u0105 o seniorach:<\/p>\n\n\n\n<p class=\"has-medium-font-size\">\u2728 <strong>godz. 10.00 MAGICZNY KR\u0104G<\/strong> &#8211; warsztaty ta\u0144ca w kr\u0119gu \u2013 wsp\u00f3lna zabawa, ruch i rado\u015b\u0107 w atmosferze integracji.<br>\u2728 <strong>godz. 11.30 SPOTKANIE \u201eNieoczywiste oblicza zapachu&#8221;<\/strong> \u2013 niezwyk\u0142a podr\u00f3\u017c w \u015bwiat aromat\u00f3w i zmys\u0142\u00f3w. B\u0119dziemy tropi\u0107 \u015blady zapachu w r\u00f3\u017cnych kulturach i sztuce.<br>\u2728 <strong>godz. 16.30 KONCERT Zespo\u0142u Pie\u015bni i Ta\u0144ca \u201e\u0141\u00f3d\u017a&#8221; oraz Dzieci\u0119cego Zespo\u0142u Pie\u015bni i Ta\u0144ca \u201e\u0141\u00f3deczki&#8221;<\/strong> pt. \u201eW barwach jesieni&#8221; \u2013 tradycja, taniec i muzyka w pi\u0119knej jesiennej oprawie.<\/p>\n\n\n\n<p class=\"has-medium-font-size\">To doskona\u0142a okazja do wsp\u00f3lnego sp\u0119dzenia czasu, poznania nowych os\u00f3b i odkrycia, jak wiele rado\u015bci mo\u017ce dawa\u0107 kultura!<\/p>\n\n\n\n<p class=\"has-medium-font-size\"><strong>SERDECZNIE ZAPRASZAMY<\/strong><br>MSK: CHOJNY \u2013 \u0141\u00f3d\u017a, ul. Lokatorska 13<\/p>\n\n\n\n<p class=\"has-medium-font-size\"><strong>Wst\u0119p wolny!<\/strong><br>Niech ten weekend stanie si\u0119 czasem spotka\u0144, u\u015bmiechu i dobrej energii.<\/p>","protected":false},"excerpt":{"rendered":"<p>Zapraszamy na Weekend Seniora z Kultur\u0105!! 04.10.2025r. (sobota) Serdecznie zach\u0119camy do udzia\u0142u w wyj\u0105tkowych wydarzeniach przygotowanych specjalnie z my\u015bl\u0105 o seniorach: \u2728 godz. 10.00 MAGICZNY KR\u0104G &#8211; warsztaty ta\u0144ca w kr\u0119gu \u2013 wsp\u00f3lna zabawa, ruch i rado\u015b\u0107 w atmosferze integracji.\u2728 godz. 11.30 SPOTKANIE \u201eNieoczywiste oblicza zapachu&#8221; \u2013 niezwyk\u0142a podr\u00f3\u017c w \u015bwiat aromat\u00f3w i zmys\u0142\u00f3w. B\u0119dziemy [&hellip;]<\/p>","protected":false},"author":25,"featured_media":112926,"comment_status":"closed","ping_status":"closed","sticky":false,"template":"","format":"standard","meta":{"footnotes":""},"categories":[212,211],"tags":[],"class_list":["post-112912","post","type-post","status-publish","format-standard","has-post-thumbnail","hentry","category-aktualnosci-msk-chojny","category-msk-chojny"],"yoast_head":"<!-- This site is optimized with the Yoast SEO plugin v26.5 - https:\/\/yoast.com\/wordpress\/plugins\/seo\/ -->\n<title>WEEKEND SENIORA Z KULTUR\u0104 - MSK<\/title>\n<meta name=\"robots\" content=\"index, follow, max-snippet:-1, max-image-preview:large, max-video-preview:-1\" \/>\n<link rel=\"canonical\" href=\"https:\/\/msk.lodz.pl\/en\/weekned-seniora-z-kultura\/\" \/>\n<meta property=\"og:locale\" content=\"en_GB\" \/>\n<meta property=\"og:type\" content=\"article\" \/>\n<meta property=\"og:title\" content=\"WEEKEND SENIORA Z KULTUR\u0104 - MSK\" \/>\n<meta property=\"og:description\" content=\"Zapraszamy na Weekend Seniora z Kultur\u0105!! 04.10.2025r. (sobota) Serdecznie zach\u0119camy do udzia\u0142u w wyj\u0105tkowych wydarzeniach przygotowanych specjalnie z my\u015bl\u0105 o seniorach: \u2728 godz. 10.00 MAGICZNY KR\u0104G &#8211; warsztaty ta\u0144ca w kr\u0119gu \u2013 wsp\u00f3lna zabawa, ruch i rado\u015b\u0107 w atmosferze integracji.\u2728 godz. 11.30 SPOTKANIE \u201eNieoczywiste oblicza zapachu&#8221; \u2013 niezwyk\u0142a podr\u00f3\u017c w \u015bwiat aromat\u00f3w i zmys\u0142\u00f3w. B\u0119dziemy [&hellip;]\" \/>\n<meta property=\"og:url\" content=\"https:\/\/msk.lodz.pl\/en\/weekned-seniora-z-kultura\/\" \/>\n<meta property=\"og:site_name\" content=\"MSK\" \/>\n<meta property=\"article:published_time\" content=\"2025-09-23T11:21:29+00:00\" \/>\n<meta property=\"article:modified_time\" content=\"2025-09-25T13:33:35+00:00\" \/>\n<meta property=\"og:image\" content=\"https:\/\/msk.lodz.pl\/wp-content\/uploads\/2025\/09\/weekend-seniora-aktualnosci.png\" \/>\n\t<meta property=\"og:image:width\" content=\"1424\" \/>\n\t<meta property=\"og:image:height\" content=\"1024\" \/>\n\t<meta property=\"og:image:type\" content=\"image\/png\" \/>\n<meta name=\"author\" content=\"Beata Stelmach\" \/>\n<meta name=\"twitter:card\" content=\"summary_large_image\" \/>\n<meta name=\"twitter:label1\" content=\"Written by\" \/>\n\t<meta name=\"twitter:data1\" content=\"Beata Stelmach\" \/>\n\t<meta name=\"twitter:label2\" content=\"Estimated reading time\" \/>\n\t<meta name=\"twitter:data2\" content=\"1 minute\" \/>\n<script type=\"application\/ld+json\" class=\"yoast-schema-graph\">{\"@context\":\"https:\/\/schema.org\",\"@graph\":[{\"@type\":\"Article\",\"@id\":\"https:\/\/msk.lodz.pl\/weekned-seniora-z-kultura\/#article\",\"isPartOf\":{\"@id\":\"https:\/\/msk.lodz.pl\/weekned-seniora-z-kultura\/\"},\"author\":{\"name\":\"Beata Stelmach\",\"@id\":\"https:\/\/msk.lodz.pl\/#\/schema\/person\/9ca48f944abede884e6acd413ab27d0f\"},\"headline\":\"WEEKEND SENIORA Z KULTUR\u0104\",\"datePublished\":\"2025-09-23T11:21:29+00:00\",\"dateModified\":\"2025-09-25T13:33:35+00:00\",\"mainEntityOfPage\":{\"@id\":\"https:\/\/msk.lodz.pl\/weekned-seniora-z-kultura\/\"},\"wordCount\":155,\"publisher\":{\"@id\":\"https:\/\/msk.lodz.pl\/#organization\"},\"image\":{\"@id\":\"https:\/\/msk.lodz.pl\/weekned-seniora-z-kultura\/#primaryimage\"},\"thumbnailUrl\":\"https:\/\/msk.lodz.pl\/wp-content\/uploads\/2025\/09\/weekend-seniora-aktualnosci.png\",\"articleSection\":[\"Aktualno\u015bci\",\"MSK: Chojny\"],\"inLanguage\":\"en-GB\"},{\"@type\":\"WebPage\",\"@id\":\"https:\/\/msk.lodz.pl\/weekned-seniora-z-kultura\/\",\"url\":\"https:\/\/msk.lodz.pl\/weekned-seniora-z-kultura\/\",\"name\":\"WEEKEND SENIORA Z KULTUR\u0104 - MSK\",\"isPartOf\":{\"@id\":\"https:\/\/msk.lodz.pl\/#website\"},\"primaryImageOfPage\":{\"@id\":\"https:\/\/msk.lodz.pl\/weekned-seniora-z-kultura\/#primaryimage\"},\"image\":{\"@id\":\"https:\/\/msk.lodz.pl\/weekned-seniora-z-kultura\/#primaryimage\"},\"thumbnailUrl\":\"https:\/\/msk.lodz.pl\/wp-content\/uploads\/2025\/09\/weekend-seniora-aktualnosci.png\",\"datePublished\":\"2025-09-23T11:21:29+00:00\",\"dateModified\":\"2025-09-25T13:33:35+00:00\",\"breadcrumb\":{\"@id\":\"https:\/\/msk.lodz.pl\/weekned-seniora-z-kultura\/#breadcrumb\"},\"inLanguage\":\"en-GB\",\"potentialAction\":[{\"@type\":\"ReadAction\",\"target\":[\"https:\/\/msk.lodz.pl\/weekned-seniora-z-kultura\/\"]}]},{\"@type\":\"ImageObject\",\"inLanguage\":\"en-GB\",\"@id\":\"https:\/\/msk.lodz.pl\/weekned-seniora-z-kultura\/#primaryimage\",\"url\":\"https:\/\/msk.lodz.pl\/wp-content\/uploads\/2025\/09\/weekend-seniora-aktualnosci.png\",\"contentUrl\":\"https:\/\/msk.lodz.pl\/wp-content\/uploads\/2025\/09\/weekend-seniora-aktualnosci.png\",\"width\":1424,\"height\":1024},{\"@type\":\"BreadcrumbList\",\"@id\":\"https:\/\/msk.lodz.pl\/weekned-seniora-z-kultura\/#breadcrumb\",\"itemListElement\":[{\"@type\":\"ListItem\",\"position\":1,\"name\":\"Strona g\u0142\u00f3wna\",\"item\":\"http:\/\/msk.lodz.pl\/en\/\"},{\"@type\":\"ListItem\",\"position\":2,\"name\":\"WEEKEND SENIORA Z KULTUR\u0104\"}]},{\"@type\":\"WebSite\",\"@id\":\"https:\/\/msk.lodz.pl\/#website\",\"url\":\"https:\/\/msk.lodz.pl\/\",\"name\":\"MSK - \u0141\u00f3d\u017a\",\"description\":\"\",\"publisher\":{\"@id\":\"https:\/\/msk.lodz.pl\/#organization\"},\"potentialAction\":[{\"@type\":\"SearchAction\",\"target\":{\"@type\":\"EntryPoint\",\"urlTemplate\":\"https:\/\/msk.lodz.pl\/?s={search_term_string}\"},\"query-input\":{\"@type\":\"PropertyValueSpecification\",\"valueRequired\":true,\"valueName\":\"search_term_string\"}}],\"inLanguage\":\"en-GB\"},{\"@type\":\"Organization\",\"@id\":\"https:\/\/msk.lodz.pl\/#organization\",\"name\":\"MSK - \u0141\u00f3d\u017a\",\"url\":\"https:\/\/msk.lodz.pl\/\",\"logo\":{\"@type\":\"ImageObject\",\"inLanguage\":\"en-GB\",\"@id\":\"https:\/\/msk.lodz.pl\/#\/schema\/logo\/image\/\",\"url\":\"https:\/\/msk.lodz.pl\/wp-content\/uploads\/2023\/04\/cropped-Fav_icon_MSK.png\",\"contentUrl\":\"https:\/\/msk.lodz.pl\/wp-content\/uploads\/2023\/04\/cropped-Fav_icon_MSK.png\",\"width\":512,\"height\":512,\"caption\":\"MSK - \u0141\u00f3d\u017a\"},\"image\":{\"@id\":\"https:\/\/msk.lodz.pl\/#\/schema\/logo\/image\/\"}},{\"@type\":\"Person\",\"@id\":\"https:\/\/msk.lodz.pl\/#\/schema\/person\/9ca48f944abede884e6acd413ab27d0f\",\"name\":\"Beata Stelmach\",\"image\":{\"@type\":\"ImageObject\",\"inLanguage\":\"en-GB\",\"@id\":\"https:\/\/msk.lodz.pl\/#\/schema\/person\/image\/\",\"url\":\"https:\/\/secure.gravatar.com\/avatar\/07dba2b4e3c4585ac0f2ecb9bea6785f1e276c16aac674da70dde71deae98156?s=96&d=mm&r=g\",\"contentUrl\":\"https:\/\/secure.gravatar.com\/avatar\/07dba2b4e3c4585ac0f2ecb9bea6785f1e276c16aac674da70dde71deae98156?s=96&d=mm&r=g\",\"caption\":\"Beata Stelmach\"},\"url\":\"https:\/\/msk.lodz.pl\/en\/author\/beata-stelmach\/\"}]}<\/script>\n<!-- \/ Yoast SEO plugin. -->","yoast_head_json":{"title":"WEEKEND SENIORA Z KULTUR\u0104 - MSK","robots":{"index":"index","follow":"follow","max-snippet":"max-snippet:-1","max-image-preview":"max-image-preview:large","max-video-preview":"max-video-preview:-1"},"canonical":"https:\/\/msk.lodz.pl\/en\/weekned-seniora-z-kultura\/","og_locale":"en_GB","og_type":"article","og_title":"WEEKEND SENIORA Z KULTUR\u0104 - MSK","og_description":"Zapraszamy na Weekend Seniora z Kultur\u0105!! 04.10.2025r. (sobota) Serdecznie zach\u0119camy do udzia\u0142u w wyj\u0105tkowych wydarzeniach przygotowanych specjalnie z my\u015bl\u0105 o seniorach: \u2728 godz. 10.00 MAGICZNY KR\u0104G &#8211; warsztaty ta\u0144ca w kr\u0119gu \u2013 wsp\u00f3lna zabawa, ruch i rado\u015b\u0107 w atmosferze integracji.\u2728 godz. 11.30 SPOTKANIE \u201eNieoczywiste oblicza zapachu&#8221; \u2013 niezwyk\u0142a podr\u00f3\u017c w \u015bwiat aromat\u00f3w i zmys\u0142\u00f3w. B\u0119dziemy [&hellip;]","og_url":"https:\/\/msk.lodz.pl\/en\/weekned-seniora-z-kultura\/","og_site_name":"MSK","article_published_time":"2025-09-23T11:21:29+00:00","article_modified_time":"2025-09-25T13:33:35+00:00","og_image":[{"width":1424,"height":1024,"url":"https:\/\/msk.lodz.pl\/wp-content\/uploads\/2025\/09\/weekend-seniora-aktualnosci.png","type":"image\/png"}],"author":"Beata Stelmach","twitter_card":"summary_large_image","twitter_misc":{"Written by":"Beata Stelmach","Estimated reading time":"1 minute"},"schema":{"@context":"https:\/\/schema.org","@graph":[{"@type":"Article","@id":"https:\/\/msk.lodz.pl\/weekned-seniora-z-kultura\/#article","isPartOf":{"@id":"https:\/\/msk.lodz.pl\/weekned-seniora-z-kultura\/"},"author":{"name":"Beata Stelmach","@id":"https:\/\/msk.lodz.pl\/#\/schema\/person\/9ca48f944abede884e6acd413ab27d0f"},"headline":"WEEKEND SENIORA Z KULTUR\u0104","datePublished":"2025-09-23T11:21:29+00:00","dateModified":"2025-09-25T13:33:35+00:00","mainEntityOfPage":{"@id":"https:\/\/msk.lodz.pl\/weekned-seniora-z-kultura\/"},"wordCount":155,"publisher":{"@id":"https:\/\/msk.lodz.pl\/#organization"},"image":{"@id":"https:\/\/msk.lodz.pl\/weekned-seniora-z-kultura\/#primaryimage"},"thumbnailUrl":"https:\/\/msk.lodz.pl\/wp-content\/uploads\/2025\/09\/weekend-seniora-aktualnosci.png","articleSection":["Aktualno\u015bci","MSK: Chojny"],"inLanguage":"en-GB"},{"@type":"WebPage","@id":"https:\/\/msk.lodz.pl\/weekned-seniora-z-kultura\/","url":"https:\/\/msk.lodz.pl\/weekned-seniora-z-kultura\/","name":"WEEKEND SENIORA Z KULTUR\u0104 - MSK","isPartOf":{"@id":"https:\/\/msk.lodz.pl\/#website"},"primaryImageOfPage":{"@id":"https:\/\/msk.lodz.pl\/weekned-seniora-z-kultura\/#primaryimage"},"image":{"@id":"https:\/\/msk.lodz.pl\/weekned-seniora-z-kultura\/#primaryimage"},"thumbnailUrl":"https:\/\/msk.lodz.pl\/wp-content\/uploads\/2025\/09\/weekend-seniora-aktualnosci.png","datePublished":"2025-09-23T11:21:29+00:00","dateModified":"2025-09-25T13:33:35+00:00","breadcrumb":{"@id":"https:\/\/msk.lodz.pl\/weekned-seniora-z-kultura\/#breadcrumb"},"inLanguage":"en-GB","potentialAction":[{"@type":"ReadAction","target":["https:\/\/msk.lodz.pl\/weekned-seniora-z-kultura\/"]}]},{"@type":"ImageObject","inLanguage":"en-GB","@id":"https:\/\/msk.lodz.pl\/weekned-seniora-z-kultura\/#primaryimage","url":"https:\/\/msk.lodz.pl\/wp-content\/uploads\/2025\/09\/weekend-seniora-aktualnosci.png","contentUrl":"https:\/\/msk.lodz.pl\/wp-content\/uploads\/2025\/09\/weekend-seniora-aktualnosci.png","width":1424,"height":1024},{"@type":"BreadcrumbList","@id":"https:\/\/msk.lodz.pl\/weekned-seniora-z-kultura\/#breadcrumb","itemListElement":[{"@type":"ListItem","position":1,"name":"Strona g\u0142\u00f3wna","item":"http:\/\/msk.lodz.pl\/en\/"},{"@type":"ListItem","position":2,"name":"WEEKEND SENIORA Z KULTUR\u0104"}]},{"@type":"WebSite","@id":"https:\/\/msk.lodz.pl\/#website","url":"https:\/\/msk.lodz.pl\/","name":"MSK - \u0141\u00f3d\u017a","description":"","publisher":{"@id":"https:\/\/msk.lodz.pl\/#organization"},"potentialAction":[{"@type":"SearchAction","target":{"@type":"EntryPoint","urlTemplate":"https:\/\/msk.lodz.pl\/?s={search_term_string}"},"query-input":{"@type":"PropertyValueSpecification","valueRequired":true,"valueName":"search_term_string"}}],"inLanguage":"en-GB"},{"@type":"Organization","@id":"https:\/\/msk.lodz.pl\/#organization","name":"MSK - \u0141\u00f3d\u017a","url":"https:\/\/msk.lodz.pl\/","logo":{"@type":"ImageObject","inLanguage":"en-GB","@id":"https:\/\/msk.lodz.pl\/#\/schema\/logo\/image\/","url":"https:\/\/msk.lodz.pl\/wp-content\/uploads\/2023\/04\/cropped-Fav_icon_MSK.png","contentUrl":"https:\/\/msk.lodz.pl\/wp-content\/uploads\/2023\/04\/cropped-Fav_icon_MSK.png","width":512,"height":512,"caption":"MSK - \u0141\u00f3d\u017a"},"image":{"@id":"https:\/\/msk.lodz.pl\/#\/schema\/logo\/image\/"}},{"@type":"Person","@id":"https:\/\/msk.lodz.pl\/#\/schema\/person\/9ca48f944abede884e6acd413ab27d0f","name":"Beata Stelmach","image":{"@type":"ImageObject","inLanguage":"en-GB","@id":"https:\/\/msk.lodz.pl\/#\/schema\/person\/image\/","url":"https:\/\/secure.gravatar.com\/avatar\/07dba2b4e3c4585ac0f2ecb9bea6785f1e276c16aac674da70dde71deae98156?s=96&d=mm&r=g","contentUrl":"https:\/\/secure.gravatar.com\/avatar\/07dba2b4e3c4585ac0f2ecb9bea6785f1e276c16aac674da70dde71deae98156?s=96&d=mm&r=g","caption":"Beata Stelmach"},"url":"https:\/\/msk.lodz.pl\/en\/author\/beata-stelmach\/"}]}},"_links":{"self":[{"href":"https:\/\/msk.lodz.pl\/en\/wp-json\/wp\/v2\/posts\/112912","targetHints":{"allow":["GET"]}}],"collection":[{"href":"https:\/\/msk.lodz.pl\/en\/wp-json\/wp\/v2\/posts"}],"about":[{"href":"https:\/\/msk.lodz.pl\/en\/wp-json\/wp\/v2\/types\/post"}],"author":[{"embeddable":true,"href":"https:\/\/msk.lodz.pl\/en\/wp-json\/wp\/v2\/users\/25"}],"replies":[{"embeddable":true,"href":"https:\/\/msk.lodz.pl\/en\/wp-json\/wp\/v2\/comments?post=112912"}],"version-history":[{"count":0,"href":"https:\/\/msk.lodz.pl\/en\/wp-json\/wp\/v2\/posts\/112912\/revisions"}],"wp:featuredmedia":[{"embeddable":true,"href":"https:\/\/msk.lodz.pl\/en\/wp-json\/wp\/v2\/media\/112926"}],"wp:attachment":[{"href":"https:\/\/msk.lodz.pl\/en\/wp-json\/wp\/v2\/media?parent=112912"}],"wp:term":[{"taxonomy":"category","embeddable":true,"href":"https:\/\/msk.lodz.pl\/en\/wp-json\/wp\/v2\/categories?post=112912"},{"taxonomy":"post_tag","embeddable":true,"href":"https:\/\/msk.lodz.pl\/en\/wp-json\/wp\/v2\/tags?post=112912"}],"curies":[{"name":"wp","href":"https:\/\/api.w.org\/{rel}","templated":true}]}}