{"id":112938,"date":"2025-09-23T13:36:18","date_gmt":"2025-09-23T11:36:18","guid":{"rendered":"https:\/\/msk.lodz.pl\/?p=112938"},"modified":"2025-09-23T13:36:18","modified_gmt":"2025-09-23T11:36:18","slug":"koncert-w-barwach-jesieni","status":"publish","type":"post","link":"https:\/\/msk.lodz.pl\/en\/koncert-w-barwach-jesieni\/","title":{"rendered":"KONCERT &#8222;W BARWACH JESIENI&#8221;"},"content":{"rendered":"<p class=\"has-medium-font-size\">Pierwszy KONCERT w tym sezonie artystycznym!<\/p>\n\n\n\n<p class=\"has-medium-font-size\"><strong>04 pa\u017adziernika 2025 (sobota) godz. 16.30<\/strong><\/p>\n\n\n\n<p class=\"has-medium-font-size\">Wracamy z przytupem po wakacyjnej przerwie!<br>Zapraszamy na wyj\u0105tkowy koncert \u201eW barwach jesieni\u201d, w kt\u00f3rym wyst\u0105pi\u0105:<br>ZESP\u00d3\u0141 PIE\u015aNI i TA\u0143CA &#8222;\u0141\u00d3D\u0179&#8221;<br>DZIECI\u0118CY ZESP\u00d3\u0141 PIE\u015aNI i TA\u0143CA &#8222;\u0141\u00d3DECZKI&#8221;<\/p>\n\n\n\n<p class=\"has-medium-font-size\">MSK: Chojny &#8211; Centrum Kultury M\u0142odych przy ul. Lokatorskiej 13<br><strong>WST\u0118P BEZP\u0141ATNY !!<\/strong><\/p>\n\n\n\n<p class=\"has-medium-font-size\">Serdecznie zapraszamy \u2013 zabierz przyjaci\u00f3\u0142 i rodzin\u0119, niech jesie\u0144 zacznie si\u0119 muzyk\u0105 i ta\u0144cem! Opr\u00f3cz wyst\u0119p\u00f3w b\u0119d\u0105 r\u00f3wnie\u017c warsztaty dla uczestnik\u00f3w &#8211; a wszystko przy akompaniamencie kapeli ludowej.<br>To doskona\u0142a okazja, by poczu\u0107 folklor, energi\u0119 i pi\u0119kno polskich narodowych i regionalnych ta\u0144c\u00f3w.<\/p>\n\n\n\n<p><\/p>","protected":false},"excerpt":{"rendered":"<p>Pierwszy KONCERT w tym sezonie artystycznym! 04 pa\u017adziernika 2025 (sobota) godz. 16.30 Wracamy z przytupem po wakacyjnej przerwie!Zapraszamy na wyj\u0105tkowy koncert \u201eW barwach jesieni\u201d, w kt\u00f3rym wyst\u0105pi\u0105:ZESP\u00d3\u0141 PIE\u015aNI i TA\u0143CA &#8222;\u0141\u00d3D\u0179&#8221;DZIECI\u0118CY ZESP\u00d3\u0141 PIE\u015aNI i TA\u0143CA &#8222;\u0141\u00d3DECZKI&#8221; MSK: Chojny &#8211; Centrum Kultury M\u0142odych przy ul. Lokatorskiej 13WST\u0118P BEZP\u0141ATNY !! Serdecznie zapraszamy \u2013 zabierz przyjaci\u00f3\u0142 i rodzin\u0119, [&hellip;]<\/p>","protected":false},"author":25,"featured_media":112944,"comment_status":"closed","ping_status":"","sticky":false,"template":"","format":"standard","meta":{"footnotes":""},"categories":[212,211],"tags":[],"class_list":["post-112938","post","type-post","status-publish","format-standard","has-post-thumbnail","hentry","category-aktualnosci-msk-chojny","category-msk-chojny"],"yoast_head":"<!-- This site is optimized with the Yoast SEO plugin v26.5 - https:\/\/yoast.com\/wordpress\/plugins\/seo\/ -->\n<title>KONCERT &quot;W BARWACH JESIENI&quot; - MSK<\/title>\n<meta name=\"robots\" content=\"index, follow, max-snippet:-1, max-image-preview:large, max-video-preview:-1\" \/>\n<link rel=\"canonical\" href=\"https:\/\/msk.lodz.pl\/en\/koncert-w-barwach-jesieni\/\" \/>\n<meta property=\"og:locale\" content=\"en_GB\" \/>\n<meta property=\"og:type\" content=\"article\" \/>\n<meta property=\"og:title\" content=\"KONCERT &quot;W BARWACH JESIENI&quot; - MSK\" \/>\n<meta property=\"og:description\" content=\"Pierwszy KONCERT w tym sezonie artystycznym! 04 pa\u017adziernika 2025 (sobota) godz. 16.30 Wracamy z przytupem po wakacyjnej przerwie!Zapraszamy na wyj\u0105tkowy koncert \u201eW barwach jesieni\u201d, w kt\u00f3rym wyst\u0105pi\u0105:ZESP\u00d3\u0141 PIE\u015aNI i TA\u0143CA &#8222;\u0141\u00d3D\u0179&#8221;DZIECI\u0118CY ZESP\u00d3\u0141 PIE\u015aNI i TA\u0143CA &#8222;\u0141\u00d3DECZKI&#8221; MSK: Chojny &#8211; Centrum Kultury M\u0142odych przy ul. Lokatorskiej 13WST\u0118P BEZP\u0141ATNY !! Serdecznie zapraszamy \u2013 zabierz przyjaci\u00f3\u0142 i rodzin\u0119, [&hellip;]\" \/>\n<meta property=\"og:url\" content=\"https:\/\/msk.lodz.pl\/en\/koncert-w-barwach-jesieni\/\" \/>\n<meta property=\"og:site_name\" content=\"MSK\" \/>\n<meta property=\"article:published_time\" content=\"2025-09-23T11:36:18+00:00\" \/>\n<meta property=\"og:image\" content=\"https:\/\/msk.lodz.pl\/wp-content\/uploads\/2025\/09\/KONCERT-W-Barwach-Jesieni-polaczony-z-warsztatami-dla-uczestnikow.png\" \/>\n\t<meta property=\"og:image:width\" content=\"1424\" \/>\n\t<meta property=\"og:image:height\" content=\"1024\" \/>\n\t<meta property=\"og:image:type\" content=\"image\/png\" \/>\n<meta name=\"author\" content=\"Beata Stelmach\" \/>\n<meta name=\"twitter:card\" content=\"summary_large_image\" \/>\n<meta name=\"twitter:label1\" content=\"Written by\" \/>\n\t<meta name=\"twitter:data1\" content=\"Beata Stelmach\" \/>\n\t<meta name=\"twitter:label2\" content=\"Estimated reading time\" \/>\n\t<meta name=\"twitter:data2\" content=\"1 minute\" \/>\n<script type=\"application\/ld+json\" class=\"yoast-schema-graph\">{\"@context\":\"https:\/\/schema.org\",\"@graph\":[{\"@type\":\"Article\",\"@id\":\"https:\/\/msk.lodz.pl\/koncert-w-barwach-jesieni\/#article\",\"isPartOf\":{\"@id\":\"https:\/\/msk.lodz.pl\/koncert-w-barwach-jesieni\/\"},\"author\":{\"name\":\"Beata Stelmach\",\"@id\":\"https:\/\/msk.lodz.pl\/#\/schema\/person\/9ca48f944abede884e6acd413ab27d0f\"},\"headline\":\"KONCERT &#8222;W BARWACH JESIENI&#8221;\",\"datePublished\":\"2025-09-23T11:36:18+00:00\",\"mainEntityOfPage\":{\"@id\":\"https:\/\/msk.lodz.pl\/koncert-w-barwach-jesieni\/\"},\"wordCount\":115,\"publisher\":{\"@id\":\"https:\/\/msk.lodz.pl\/#organization\"},\"image\":{\"@id\":\"https:\/\/msk.lodz.pl\/koncert-w-barwach-jesieni\/#primaryimage\"},\"thumbnailUrl\":\"https:\/\/msk.lodz.pl\/wp-content\/uploads\/2025\/09\/KONCERT-W-Barwach-Jesieni-polaczony-z-warsztatami-dla-uczestnikow.png\",\"articleSection\":[\"Aktualno\u015bci\",\"MSK: Chojny\"],\"inLanguage\":\"en-GB\"},{\"@type\":\"WebPage\",\"@id\":\"https:\/\/msk.lodz.pl\/koncert-w-barwach-jesieni\/\",\"url\":\"https:\/\/msk.lodz.pl\/koncert-w-barwach-jesieni\/\",\"name\":\"KONCERT \\\"W BARWACH JESIENI\\\" - MSK\",\"isPartOf\":{\"@id\":\"https:\/\/msk.lodz.pl\/#website\"},\"primaryImageOfPage\":{\"@id\":\"https:\/\/msk.lodz.pl\/koncert-w-barwach-jesieni\/#primaryimage\"},\"image\":{\"@id\":\"https:\/\/msk.lodz.pl\/koncert-w-barwach-jesieni\/#primaryimage\"},\"thumbnailUrl\":\"https:\/\/msk.lodz.pl\/wp-content\/uploads\/2025\/09\/KONCERT-W-Barwach-Jesieni-polaczony-z-warsztatami-dla-uczestnikow.png\",\"datePublished\":\"2025-09-23T11:36:18+00:00\",\"breadcrumb\":{\"@id\":\"https:\/\/msk.lodz.pl\/koncert-w-barwach-jesieni\/#breadcrumb\"},\"inLanguage\":\"en-GB\",\"potentialAction\":[{\"@type\":\"ReadAction\",\"target\":[\"https:\/\/msk.lodz.pl\/koncert-w-barwach-jesieni\/\"]}]},{\"@type\":\"ImageObject\",\"inLanguage\":\"en-GB\",\"@id\":\"https:\/\/msk.lodz.pl\/koncert-w-barwach-jesieni\/#primaryimage\",\"url\":\"https:\/\/msk.lodz.pl\/wp-content\/uploads\/2025\/09\/KONCERT-W-Barwach-Jesieni-polaczony-z-warsztatami-dla-uczestnikow.png\",\"contentUrl\":\"https:\/\/msk.lodz.pl\/wp-content\/uploads\/2025\/09\/KONCERT-W-Barwach-Jesieni-polaczony-z-warsztatami-dla-uczestnikow.png\",\"width\":1424,\"height\":1024},{\"@type\":\"BreadcrumbList\",\"@id\":\"https:\/\/msk.lodz.pl\/koncert-w-barwach-jesieni\/#breadcrumb\",\"itemListElement\":[{\"@type\":\"ListItem\",\"position\":1,\"name\":\"Strona g\u0142\u00f3wna\",\"item\":\"http:\/\/msk.lodz.pl\/en\/\"},{\"@type\":\"ListItem\",\"position\":2,\"name\":\"KONCERT &#8222;W BARWACH JESIENI&#8221;\"}]},{\"@type\":\"WebSite\",\"@id\":\"https:\/\/msk.lodz.pl\/#website\",\"url\":\"https:\/\/msk.lodz.pl\/\",\"name\":\"MSK - \u0141\u00f3d\u017a\",\"description\":\"\",\"publisher\":{\"@id\":\"https:\/\/msk.lodz.pl\/#organization\"},\"potentialAction\":[{\"@type\":\"SearchAction\",\"target\":{\"@type\":\"EntryPoint\",\"urlTemplate\":\"https:\/\/msk.lodz.pl\/?s={search_term_string}\"},\"query-input\":{\"@type\":\"PropertyValueSpecification\",\"valueRequired\":true,\"valueName\":\"search_term_string\"}}],\"inLanguage\":\"en-GB\"},{\"@type\":\"Organization\",\"@id\":\"https:\/\/msk.lodz.pl\/#organization\",\"name\":\"MSK - \u0141\u00f3d\u017a\",\"url\":\"https:\/\/msk.lodz.pl\/\",\"logo\":{\"@type\":\"ImageObject\",\"inLanguage\":\"en-GB\",\"@id\":\"https:\/\/msk.lodz.pl\/#\/schema\/logo\/image\/\",\"url\":\"https:\/\/msk.lodz.pl\/wp-content\/uploads\/2023\/04\/cropped-Fav_icon_MSK.png\",\"contentUrl\":\"https:\/\/msk.lodz.pl\/wp-content\/uploads\/2023\/04\/cropped-Fav_icon_MSK.png\",\"width\":512,\"height\":512,\"caption\":\"MSK - \u0141\u00f3d\u017a\"},\"image\":{\"@id\":\"https:\/\/msk.lodz.pl\/#\/schema\/logo\/image\/\"}},{\"@type\":\"Person\",\"@id\":\"https:\/\/msk.lodz.pl\/#\/schema\/person\/9ca48f944abede884e6acd413ab27d0f\",\"name\":\"Beata Stelmach\",\"image\":{\"@type\":\"ImageObject\",\"inLanguage\":\"en-GB\",\"@id\":\"https:\/\/msk.lodz.pl\/#\/schema\/person\/image\/\",\"url\":\"https:\/\/secure.gravatar.com\/avatar\/07dba2b4e3c4585ac0f2ecb9bea6785f1e276c16aac674da70dde71deae98156?s=96&d=mm&r=g\",\"contentUrl\":\"https:\/\/secure.gravatar.com\/avatar\/07dba2b4e3c4585ac0f2ecb9bea6785f1e276c16aac674da70dde71deae98156?s=96&d=mm&r=g\",\"caption\":\"Beata Stelmach\"},\"url\":\"https:\/\/msk.lodz.pl\/en\/author\/beata-stelmach\/\"}]}<\/script>\n<!-- \/ Yoast SEO plugin. -->","yoast_head_json":{"title":"KONCERT \"W BARWACH JESIENI\" - MSK","robots":{"index":"index","follow":"follow","max-snippet":"max-snippet:-1","max-image-preview":"max-image-preview:large","max-video-preview":"max-video-preview:-1"},"canonical":"https:\/\/msk.lodz.pl\/en\/koncert-w-barwach-jesieni\/","og_locale":"en_GB","og_type":"article","og_title":"KONCERT \"W BARWACH JESIENI\" - MSK","og_description":"Pierwszy KONCERT w tym sezonie artystycznym! 04 pa\u017adziernika 2025 (sobota) godz. 16.30 Wracamy z przytupem po wakacyjnej przerwie!Zapraszamy na wyj\u0105tkowy koncert \u201eW barwach jesieni\u201d, w kt\u00f3rym wyst\u0105pi\u0105:ZESP\u00d3\u0141 PIE\u015aNI i TA\u0143CA &#8222;\u0141\u00d3D\u0179&#8221;DZIECI\u0118CY ZESP\u00d3\u0141 PIE\u015aNI i TA\u0143CA &#8222;\u0141\u00d3DECZKI&#8221; MSK: Chojny &#8211; Centrum Kultury M\u0142odych przy ul. Lokatorskiej 13WST\u0118P BEZP\u0141ATNY !! Serdecznie zapraszamy \u2013 zabierz przyjaci\u00f3\u0142 i rodzin\u0119, [&hellip;]","og_url":"https:\/\/msk.lodz.pl\/en\/koncert-w-barwach-jesieni\/","og_site_name":"MSK","article_published_time":"2025-09-23T11:36:18+00:00","og_image":[{"width":1424,"height":1024,"url":"https:\/\/msk.lodz.pl\/wp-content\/uploads\/2025\/09\/KONCERT-W-Barwach-Jesieni-polaczony-z-warsztatami-dla-uczestnikow.png","type":"image\/png"}],"author":"Beata Stelmach","twitter_card":"summary_large_image","twitter_misc":{"Written by":"Beata Stelmach","Estimated reading time":"1 minute"},"schema":{"@context":"https:\/\/schema.org","@graph":[{"@type":"Article","@id":"https:\/\/msk.lodz.pl\/koncert-w-barwach-jesieni\/#article","isPartOf":{"@id":"https:\/\/msk.lodz.pl\/koncert-w-barwach-jesieni\/"},"author":{"name":"Beata Stelmach","@id":"https:\/\/msk.lodz.pl\/#\/schema\/person\/9ca48f944abede884e6acd413ab27d0f"},"headline":"KONCERT &#8222;W BARWACH JESIENI&#8221;","datePublished":"2025-09-23T11:36:18+00:00","mainEntityOfPage":{"@id":"https:\/\/msk.lodz.pl\/koncert-w-barwach-jesieni\/"},"wordCount":115,"publisher":{"@id":"https:\/\/msk.lodz.pl\/#organization"},"image":{"@id":"https:\/\/msk.lodz.pl\/koncert-w-barwach-jesieni\/#primaryimage"},"thumbnailUrl":"https:\/\/msk.lodz.pl\/wp-content\/uploads\/2025\/09\/KONCERT-W-Barwach-Jesieni-polaczony-z-warsztatami-dla-uczestnikow.png","articleSection":["Aktualno\u015bci","MSK: Chojny"],"inLanguage":"en-GB"},{"@type":"WebPage","@id":"https:\/\/msk.lodz.pl\/koncert-w-barwach-jesieni\/","url":"https:\/\/msk.lodz.pl\/koncert-w-barwach-jesieni\/","name":"KONCERT \"W BARWACH JESIENI\" - MSK","isPartOf":{"@id":"https:\/\/msk.lodz.pl\/#website"},"primaryImageOfPage":{"@id":"https:\/\/msk.lodz.pl\/koncert-w-barwach-jesieni\/#primaryimage"},"image":{"@id":"https:\/\/msk.lodz.pl\/koncert-w-barwach-jesieni\/#primaryimage"},"thumbnailUrl":"https:\/\/msk.lodz.pl\/wp-content\/uploads\/2025\/09\/KONCERT-W-Barwach-Jesieni-polaczony-z-warsztatami-dla-uczestnikow.png","datePublished":"2025-09-23T11:36:18+00:00","breadcrumb":{"@id":"https:\/\/msk.lodz.pl\/koncert-w-barwach-jesieni\/#breadcrumb"},"inLanguage":"en-GB","potentialAction":[{"@type":"ReadAction","target":["https:\/\/msk.lodz.pl\/koncert-w-barwach-jesieni\/"]}]},{"@type":"ImageObject","inLanguage":"en-GB","@id":"https:\/\/msk.lodz.pl\/koncert-w-barwach-jesieni\/#primaryimage","url":"https:\/\/msk.lodz.pl\/wp-content\/uploads\/2025\/09\/KONCERT-W-Barwach-Jesieni-polaczony-z-warsztatami-dla-uczestnikow.png","contentUrl":"https:\/\/msk.lodz.pl\/wp-content\/uploads\/2025\/09\/KONCERT-W-Barwach-Jesieni-polaczony-z-warsztatami-dla-uczestnikow.png","width":1424,"height":1024},{"@type":"BreadcrumbList","@id":"https:\/\/msk.lodz.pl\/koncert-w-barwach-jesieni\/#breadcrumb","itemListElement":[{"@type":"ListItem","position":1,"name":"Strona g\u0142\u00f3wna","item":"http:\/\/msk.lodz.pl\/en\/"},{"@type":"ListItem","position":2,"name":"KONCERT &#8222;W BARWACH JESIENI&#8221;"}]},{"@type":"WebSite","@id":"https:\/\/msk.lodz.pl\/#website","url":"https:\/\/msk.lodz.pl\/","name":"MSK - \u0141\u00f3d\u017a","description":"","publisher":{"@id":"https:\/\/msk.lodz.pl\/#organization"},"potentialAction":[{"@type":"SearchAction","target":{"@type":"EntryPoint","urlTemplate":"https:\/\/msk.lodz.pl\/?s={search_term_string}"},"query-input":{"@type":"PropertyValueSpecification","valueRequired":true,"valueName":"search_term_string"}}],"inLanguage":"en-GB"},{"@type":"Organization","@id":"https:\/\/msk.lodz.pl\/#organization","name":"MSK - \u0141\u00f3d\u017a","url":"https:\/\/msk.lodz.pl\/","logo":{"@type":"ImageObject","inLanguage":"en-GB","@id":"https:\/\/msk.lodz.pl\/#\/schema\/logo\/image\/","url":"https:\/\/msk.lodz.pl\/wp-content\/uploads\/2023\/04\/cropped-Fav_icon_MSK.png","contentUrl":"https:\/\/msk.lodz.pl\/wp-content\/uploads\/2023\/04\/cropped-Fav_icon_MSK.png","width":512,"height":512,"caption":"MSK - \u0141\u00f3d\u017a"},"image":{"@id":"https:\/\/msk.lodz.pl\/#\/schema\/logo\/image\/"}},{"@type":"Person","@id":"https:\/\/msk.lodz.pl\/#\/schema\/person\/9ca48f944abede884e6acd413ab27d0f","name":"Beata Stelmach","image":{"@type":"ImageObject","inLanguage":"en-GB","@id":"https:\/\/msk.lodz.pl\/#\/schema\/person\/image\/","url":"https:\/\/secure.gravatar.com\/avatar\/07dba2b4e3c4585ac0f2ecb9bea6785f1e276c16aac674da70dde71deae98156?s=96&d=mm&r=g","contentUrl":"https:\/\/secure.gravatar.com\/avatar\/07dba2b4e3c4585ac0f2ecb9bea6785f1e276c16aac674da70dde71deae98156?s=96&d=mm&r=g","caption":"Beata Stelmach"},"url":"https:\/\/msk.lodz.pl\/en\/author\/beata-stelmach\/"}]}},"_links":{"self":[{"href":"https:\/\/msk.lodz.pl\/en\/wp-json\/wp\/v2\/posts\/112938","targetHints":{"allow":["GET"]}}],"collection":[{"href":"https:\/\/msk.lodz.pl\/en\/wp-json\/wp\/v2\/posts"}],"about":[{"href":"https:\/\/msk.lodz.pl\/en\/wp-json\/wp\/v2\/types\/post"}],"author":[{"embeddable":true,"href":"https:\/\/msk.lodz.pl\/en\/wp-json\/wp\/v2\/users\/25"}],"replies":[{"embeddable":true,"href":"https:\/\/msk.lodz.pl\/en\/wp-json\/wp\/v2\/comments?post=112938"}],"version-history":[{"count":0,"href":"https:\/\/msk.lodz.pl\/en\/wp-json\/wp\/v2\/posts\/112938\/revisions"}],"wp:featuredmedia":[{"embeddable":true,"href":"https:\/\/msk.lodz.pl\/en\/wp-json\/wp\/v2\/media\/112944"}],"wp:attachment":[{"href":"https:\/\/msk.lodz.pl\/en\/wp-json\/wp\/v2\/media?parent=112938"}],"wp:term":[{"taxonomy":"category","embeddable":true,"href":"https:\/\/msk.lodz.pl\/en\/wp-json\/wp\/v2\/categories?post=112938"},{"taxonomy":"post_tag","embeddable":true,"href":"https:\/\/msk.lodz.pl\/en\/wp-json\/wp\/v2\/tags?post=112938"}],"curies":[{"name":"wp","href":"https:\/\/api.w.org\/{rel}","templated":true}]}}