{"id":112976,"date":"2025-09-23T14:47:26","date_gmt":"2025-09-23T12:47:26","guid":{"rendered":"https:\/\/msk.lodz.pl\/?p=112976"},"modified":"2025-09-24T13:46:12","modified_gmt":"2025-09-24T11:46:12","slug":"42-ogolnopolskie-konfrontacje-teatrow-mlodziezowych-centrum-2025-zglos-sie-juz-dzis","status":"publish","type":"post","link":"https:\/\/msk.lodz.pl\/en\/42-ogolnopolskie-konfrontacje-teatrow-mlodziezowych-centrum-2025-zglos-sie-juz-dzis\/","title":{"rendered":"42. Og\u00f3lnopolskie Konfrontacje Teatr\u00f3w M\u0142odzie\u017cowych Centrum 2025 &#8211; zg\u0142o\u015b si\u0119 ju\u017c dzi\u015b!"},"content":{"rendered":"<p><strong>Drodzy Mi\u0142o\u015bnicy Teatru!<\/strong><\/p>\n\n\n\n<p>Zapraszamy do udzia\u0142u w <strong>42. Og\u00f3lnopolskich Konfrontacjach Teatr\u00f3w M\u0142odzie\u017cowych!<\/strong><\/p>\n\n\n\n<p>To konkurs dla m\u0142odzie\u017cowych grup teatralnych dzia\u0142aj\u0105cych w szko\u0142ach ponadpodstawowych, domach kultury, stowarzyszeniach oraz jako inicjatywy nieformalne. Uczestnicy oceniani s\u0105 zar\u00f3wno indywidualnie, <br>jak i zespo\u0142owo.<\/p>\n\n\n\n<p>Przegl\u0105d odbywa si\u0119 dwuetapowo: I etap to nades\u0142anie link\u00f3w do spektakli (czas spektaklu nie mo\u017ce przekracza\u0107 30 min.), II etap to udzia\u0142 grup teatralnych z wybranymi w I etapie spektaklami w przegl\u0105dzie konkursowym<strong>.<\/strong><\/p>\n\n\n\n<p>W programie konfrontacji znajduj\u0105 si\u0119 r\u00f3wnie\u017c&nbsp;warsztaty dla&nbsp;<em><strong>Instruktor\u00f3w &#8211; Opiekun\u00f3w<\/strong><\/em>&nbsp;grup teatralnych oraz warsztaty dla&nbsp;<strong><em>Uczestnik\u00f3w &#8211; M\u0142odych Aktor\u00f3w<\/em><\/strong>.<\/p>\n\n\n\n<p><strong>W tym roku spotykamy si\u0119 w dniach 24\u201326 pa\u017adziernika.<\/strong> Przez lata Konfrontacje rozwija\u0142y si\u0119, buduj\u0105c swoj\u0105 renom\u0119 i zdobywaj\u0105c uznanie nie tylko w regionie \u0142\u00f3dzkim, ale w ca\u0142ym kraju.<\/p>\n\n\n\n<p>Zach\u0119camy do zapoznania si\u0119 z regulaminem, kt\u00f3ry zawiera szczeg\u00f3\u0142owe informacje o zasadach udzia\u0142u <br>w <strong>42. Og\u00f3lnopolskich Konfrontacjach Teatr\u00f3w M\u0142odzie\u017cowych Centrum 2025<\/strong> \u2013 i oczywi\u015bcie do\u0142\u0105czenia do nas w tej wyj\u0105tkowej teatralnej podr\u00f3\u017cy!<\/p>\n\n\n\n<p><strong>Pobierz <a href=\"https:\/\/msk.lodz.pl\/wp-content\/uploads\/2025\/10\/REGULAMIN-42-OGOLNOPOLSKICH-KONFRONTACJI-TEATROW-MLODZIEZOWYCH-CENTRUM-2025-1.doc\">Regulamin<\/a> oraz <a href=\"https:\/\/msk.lodz.pl\/wp-content\/uploads\/2025\/10\/Karta-zgloszenia-Konfrontacje-2025-1-2.docx\">Kart\u0119 zg\u0142oszenia<\/a> <\/strong><\/p>\n\n\n\n<p><strong>Dofinansowano ze \u015brodk\u00f3w Ministra Kultury i Dziedzictwa Narodowego pochodz\u0105cych z Funduszu Promocji Kultury. Zadanie wsp\u00f3\u0142finansowane ze \u015brodk\u00f3w Miasta \u0141odzi.<\/strong><\/p>","protected":false},"excerpt":{"rendered":"<p>Drodzy Mi\u0142o\u015bnicy Teatru! Zapraszamy do udzia\u0142u w 42. Og\u00f3lnopolskich Konfrontacjach Teatr\u00f3w M\u0142odzie\u017cowych! To konkurs dla m\u0142odzie\u017cowych grup teatralnych dzia\u0142aj\u0105cych w szko\u0142ach ponadpodstawowych, domach kultury, stowarzyszeniach oraz jako inicjatywy nieformalne. Uczestnicy oceniani s\u0105 zar\u00f3wno indywidualnie, jak i zespo\u0142owo. Przegl\u0105d odbywa si\u0119 dwuetapowo: I etap to nades\u0142anie link\u00f3w do spektakli (czas spektaklu nie mo\u017ce przekracza\u0107 30 min.), [&hellip;]<\/p>","protected":false},"author":105,"featured_media":113112,"comment_status":"closed","ping_status":"closed","sticky":false,"template":"","format":"standard","meta":{"footnotes":""},"categories":[11,212,211],"tags":[],"class_list":["post-112976","post","type-post","status-publish","format-standard","has-post-thumbnail","hentry","category-aktualnosci","category-aktualnosci-msk-chojny","category-msk-chojny"],"yoast_head":"<!-- This site is optimized with the Yoast SEO plugin v26.5 - https:\/\/yoast.com\/wordpress\/plugins\/seo\/ -->\n<title>42. Og\u00f3lnopolskie Konfrontacje Teatr\u00f3w M\u0142odzie\u017cowych Centrum 2025 - zg\u0142o\u015b si\u0119 ju\u017c dzi\u015b! - MSK<\/title>\n<meta name=\"robots\" content=\"index, follow, max-snippet:-1, max-image-preview:large, max-video-preview:-1\" \/>\n<link rel=\"canonical\" href=\"https:\/\/msk.lodz.pl\/en\/42-ogolnopolskie-konfrontacje-teatrow-mlodziezowych-centrum-2025-zglos-sie-juz-dzis\/\" \/>\n<meta property=\"og:locale\" content=\"en_GB\" \/>\n<meta property=\"og:type\" content=\"article\" \/>\n<meta property=\"og:title\" content=\"42. Og\u00f3lnopolskie Konfrontacje Teatr\u00f3w M\u0142odzie\u017cowych Centrum 2025 - zg\u0142o\u015b si\u0119 ju\u017c dzi\u015b! - MSK\" \/>\n<meta property=\"og:description\" content=\"Drodzy Mi\u0142o\u015bnicy Teatru! Zapraszamy do udzia\u0142u w 42. Og\u00f3lnopolskich Konfrontacjach Teatr\u00f3w M\u0142odzie\u017cowych! To konkurs dla m\u0142odzie\u017cowych grup teatralnych dzia\u0142aj\u0105cych w szko\u0142ach ponadpodstawowych, domach kultury, stowarzyszeniach oraz jako inicjatywy nieformalne. Uczestnicy oceniani s\u0105 zar\u00f3wno indywidualnie, jak i zespo\u0142owo. Przegl\u0105d odbywa si\u0119 dwuetapowo: I etap to nades\u0142anie link\u00f3w do spektakli (czas spektaklu nie mo\u017ce przekracza\u0107 30 min.), [&hellip;]\" \/>\n<meta property=\"og:url\" content=\"https:\/\/msk.lodz.pl\/en\/42-ogolnopolskie-konfrontacje-teatrow-mlodziezowych-centrum-2025-zglos-sie-juz-dzis\/\" \/>\n<meta property=\"og:site_name\" content=\"MSK\" \/>\n<meta property=\"article:published_time\" content=\"2025-09-23T12:47:26+00:00\" \/>\n<meta property=\"article:modified_time\" content=\"2025-09-24T11:46:12+00:00\" \/>\n<meta property=\"og:image\" content=\"https:\/\/msk.lodz.pl\/wp-content\/uploads\/2025\/09\/24-26.10-2.png\" \/>\n\t<meta property=\"og:image:width\" content=\"1424\" \/>\n\t<meta property=\"og:image:height\" content=\"1024\" \/>\n\t<meta property=\"og:image:type\" content=\"image\/png\" \/>\n<meta name=\"author\" content=\"Natalia Kawczynska\" \/>\n<meta name=\"twitter:card\" content=\"summary_large_image\" \/>\n<meta name=\"twitter:label1\" content=\"Written by\" \/>\n\t<meta name=\"twitter:data1\" content=\"Natalia Kawczynska\" \/>\n\t<meta name=\"twitter:label2\" content=\"Estimated reading time\" \/>\n\t<meta name=\"twitter:data2\" content=\"1 minute\" \/>\n<script type=\"application\/ld+json\" class=\"yoast-schema-graph\">{\"@context\":\"https:\/\/schema.org\",\"@graph\":[{\"@type\":\"Article\",\"@id\":\"https:\/\/msk.lodz.pl\/42-ogolnopolskie-konfrontacje-teatrow-mlodziezowych-centrum-2025-zglos-sie-juz-dzis\/#article\",\"isPartOf\":{\"@id\":\"https:\/\/msk.lodz.pl\/42-ogolnopolskie-konfrontacje-teatrow-mlodziezowych-centrum-2025-zglos-sie-juz-dzis\/\"},\"author\":{\"name\":\"Natalia Kawczynska\",\"@id\":\"https:\/\/msk.lodz.pl\/#\/schema\/person\/340191332de623687efc05dbd2d74a78\"},\"headline\":\"42. Og\u00f3lnopolskie Konfrontacje Teatr\u00f3w M\u0142odzie\u017cowych Centrum 2025 &#8211; zg\u0142o\u015b si\u0119 ju\u017c dzi\u015b!\",\"datePublished\":\"2025-09-23T12:47:26+00:00\",\"dateModified\":\"2025-09-24T11:46:12+00:00\",\"mainEntityOfPage\":{\"@id\":\"https:\/\/msk.lodz.pl\/42-ogolnopolskie-konfrontacje-teatrow-mlodziezowych-centrum-2025-zglos-sie-juz-dzis\/\"},\"wordCount\":235,\"publisher\":{\"@id\":\"https:\/\/msk.lodz.pl\/#organization\"},\"image\":{\"@id\":\"https:\/\/msk.lodz.pl\/42-ogolnopolskie-konfrontacje-teatrow-mlodziezowych-centrum-2025-zglos-sie-juz-dzis\/#primaryimage\"},\"thumbnailUrl\":\"https:\/\/msk.lodz.pl\/wp-content\/uploads\/2025\/09\/24-26.10-2.png\",\"articleSection\":[\"Aktualno\u015bci\",\"Aktualno\u015bci\",\"MSK: Chojny\"],\"inLanguage\":\"en-GB\"},{\"@type\":\"WebPage\",\"@id\":\"https:\/\/msk.lodz.pl\/42-ogolnopolskie-konfrontacje-teatrow-mlodziezowych-centrum-2025-zglos-sie-juz-dzis\/\",\"url\":\"https:\/\/msk.lodz.pl\/42-ogolnopolskie-konfrontacje-teatrow-mlodziezowych-centrum-2025-zglos-sie-juz-dzis\/\",\"name\":\"42. Og\u00f3lnopolskie Konfrontacje Teatr\u00f3w M\u0142odzie\u017cowych Centrum 2025 - zg\u0142o\u015b si\u0119 ju\u017c dzi\u015b! - MSK\",\"isPartOf\":{\"@id\":\"https:\/\/msk.lodz.pl\/#website\"},\"primaryImageOfPage\":{\"@id\":\"https:\/\/msk.lodz.pl\/42-ogolnopolskie-konfrontacje-teatrow-mlodziezowych-centrum-2025-zglos-sie-juz-dzis\/#primaryimage\"},\"image\":{\"@id\":\"https:\/\/msk.lodz.pl\/42-ogolnopolskie-konfrontacje-teatrow-mlodziezowych-centrum-2025-zglos-sie-juz-dzis\/#primaryimage\"},\"thumbnailUrl\":\"https:\/\/msk.lodz.pl\/wp-content\/uploads\/2025\/09\/24-26.10-2.png\",\"datePublished\":\"2025-09-23T12:47:26+00:00\",\"dateModified\":\"2025-09-24T11:46:12+00:00\",\"breadcrumb\":{\"@id\":\"https:\/\/msk.lodz.pl\/42-ogolnopolskie-konfrontacje-teatrow-mlodziezowych-centrum-2025-zglos-sie-juz-dzis\/#breadcrumb\"},\"inLanguage\":\"en-GB\",\"potentialAction\":[{\"@type\":\"ReadAction\",\"target\":[\"https:\/\/msk.lodz.pl\/42-ogolnopolskie-konfrontacje-teatrow-mlodziezowych-centrum-2025-zglos-sie-juz-dzis\/\"]}]},{\"@type\":\"ImageObject\",\"inLanguage\":\"en-GB\",\"@id\":\"https:\/\/msk.lodz.pl\/42-ogolnopolskie-konfrontacje-teatrow-mlodziezowych-centrum-2025-zglos-sie-juz-dzis\/#primaryimage\",\"url\":\"https:\/\/msk.lodz.pl\/wp-content\/uploads\/2025\/09\/24-26.10-2.png\",\"contentUrl\":\"https:\/\/msk.lodz.pl\/wp-content\/uploads\/2025\/09\/24-26.10-2.png\",\"width\":1424,\"height\":1024},{\"@type\":\"BreadcrumbList\",\"@id\":\"https:\/\/msk.lodz.pl\/42-ogolnopolskie-konfrontacje-teatrow-mlodziezowych-centrum-2025-zglos-sie-juz-dzis\/#breadcrumb\",\"itemListElement\":[{\"@type\":\"ListItem\",\"position\":1,\"name\":\"Strona g\u0142\u00f3wna\",\"item\":\"http:\/\/msk.lodz.pl\/en\/\"},{\"@type\":\"ListItem\",\"position\":2,\"name\":\"42. Og\u00f3lnopolskie Konfrontacje Teatr\u00f3w M\u0142odzie\u017cowych Centrum 2025 &#8211; zg\u0142o\u015b si\u0119 ju\u017c dzi\u015b!\"}]},{\"@type\":\"WebSite\",\"@id\":\"https:\/\/msk.lodz.pl\/#website\",\"url\":\"https:\/\/msk.lodz.pl\/\",\"name\":\"MSK - \u0141\u00f3d\u017a\",\"description\":\"\",\"publisher\":{\"@id\":\"https:\/\/msk.lodz.pl\/#organization\"},\"potentialAction\":[{\"@type\":\"SearchAction\",\"target\":{\"@type\":\"EntryPoint\",\"urlTemplate\":\"https:\/\/msk.lodz.pl\/?s={search_term_string}\"},\"query-input\":{\"@type\":\"PropertyValueSpecification\",\"valueRequired\":true,\"valueName\":\"search_term_string\"}}],\"inLanguage\":\"en-GB\"},{\"@type\":\"Organization\",\"@id\":\"https:\/\/msk.lodz.pl\/#organization\",\"name\":\"MSK - \u0141\u00f3d\u017a\",\"url\":\"https:\/\/msk.lodz.pl\/\",\"logo\":{\"@type\":\"ImageObject\",\"inLanguage\":\"en-GB\",\"@id\":\"https:\/\/msk.lodz.pl\/#\/schema\/logo\/image\/\",\"url\":\"https:\/\/msk.lodz.pl\/wp-content\/uploads\/2023\/04\/cropped-Fav_icon_MSK.png\",\"contentUrl\":\"https:\/\/msk.lodz.pl\/wp-content\/uploads\/2023\/04\/cropped-Fav_icon_MSK.png\",\"width\":512,\"height\":512,\"caption\":\"MSK - \u0141\u00f3d\u017a\"},\"image\":{\"@id\":\"https:\/\/msk.lodz.pl\/#\/schema\/logo\/image\/\"}},{\"@type\":\"Person\",\"@id\":\"https:\/\/msk.lodz.pl\/#\/schema\/person\/340191332de623687efc05dbd2d74a78\",\"name\":\"Natalia Kawczynska\",\"image\":{\"@type\":\"ImageObject\",\"inLanguage\":\"en-GB\",\"@id\":\"https:\/\/msk.lodz.pl\/#\/schema\/person\/image\/\",\"url\":\"https:\/\/secure.gravatar.com\/avatar\/647bd4f8908b796afd7a9e2d6cfeb86678512a693d4c2b14a9f00fd414a88ef1?s=96&d=mm&r=g\",\"contentUrl\":\"https:\/\/secure.gravatar.com\/avatar\/647bd4f8908b796afd7a9e2d6cfeb86678512a693d4c2b14a9f00fd414a88ef1?s=96&d=mm&r=g\",\"caption\":\"Natalia Kawczynska\"},\"url\":\"https:\/\/msk.lodz.pl\/en\/author\/natalia-kawczynska\/\"}]}<\/script>\n<!-- \/ Yoast SEO plugin. -->","yoast_head_json":{"title":"42. Og\u00f3lnopolskie Konfrontacje Teatr\u00f3w M\u0142odzie\u017cowych Centrum 2025 - zg\u0142o\u015b si\u0119 ju\u017c dzi\u015b! - MSK","robots":{"index":"index","follow":"follow","max-snippet":"max-snippet:-1","max-image-preview":"max-image-preview:large","max-video-preview":"max-video-preview:-1"},"canonical":"https:\/\/msk.lodz.pl\/en\/42-ogolnopolskie-konfrontacje-teatrow-mlodziezowych-centrum-2025-zglos-sie-juz-dzis\/","og_locale":"en_GB","og_type":"article","og_title":"42. Og\u00f3lnopolskie Konfrontacje Teatr\u00f3w M\u0142odzie\u017cowych Centrum 2025 - zg\u0142o\u015b si\u0119 ju\u017c dzi\u015b! - MSK","og_description":"Drodzy Mi\u0142o\u015bnicy Teatru! Zapraszamy do udzia\u0142u w 42. Og\u00f3lnopolskich Konfrontacjach Teatr\u00f3w M\u0142odzie\u017cowych! To konkurs dla m\u0142odzie\u017cowych grup teatralnych dzia\u0142aj\u0105cych w szko\u0142ach ponadpodstawowych, domach kultury, stowarzyszeniach oraz jako inicjatywy nieformalne. Uczestnicy oceniani s\u0105 zar\u00f3wno indywidualnie, jak i zespo\u0142owo. Przegl\u0105d odbywa si\u0119 dwuetapowo: I etap to nades\u0142anie link\u00f3w do spektakli (czas spektaklu nie mo\u017ce przekracza\u0107 30 min.), [&hellip;]","og_url":"https:\/\/msk.lodz.pl\/en\/42-ogolnopolskie-konfrontacje-teatrow-mlodziezowych-centrum-2025-zglos-sie-juz-dzis\/","og_site_name":"MSK","article_published_time":"2025-09-23T12:47:26+00:00","article_modified_time":"2025-09-24T11:46:12+00:00","og_image":[{"width":1424,"height":1024,"url":"https:\/\/msk.lodz.pl\/wp-content\/uploads\/2025\/09\/24-26.10-2.png","type":"image\/png"}],"author":"Natalia Kawczynska","twitter_card":"summary_large_image","twitter_misc":{"Written by":"Natalia Kawczynska","Estimated reading time":"1 minute"},"schema":{"@context":"https:\/\/schema.org","@graph":[{"@type":"Article","@id":"https:\/\/msk.lodz.pl\/42-ogolnopolskie-konfrontacje-teatrow-mlodziezowych-centrum-2025-zglos-sie-juz-dzis\/#article","isPartOf":{"@id":"https:\/\/msk.lodz.pl\/42-ogolnopolskie-konfrontacje-teatrow-mlodziezowych-centrum-2025-zglos-sie-juz-dzis\/"},"author":{"name":"Natalia Kawczynska","@id":"https:\/\/msk.lodz.pl\/#\/schema\/person\/340191332de623687efc05dbd2d74a78"},"headline":"42. Og\u00f3lnopolskie Konfrontacje Teatr\u00f3w M\u0142odzie\u017cowych Centrum 2025 &#8211; zg\u0142o\u015b si\u0119 ju\u017c dzi\u015b!","datePublished":"2025-09-23T12:47:26+00:00","dateModified":"2025-09-24T11:46:12+00:00","mainEntityOfPage":{"@id":"https:\/\/msk.lodz.pl\/42-ogolnopolskie-konfrontacje-teatrow-mlodziezowych-centrum-2025-zglos-sie-juz-dzis\/"},"wordCount":235,"publisher":{"@id":"https:\/\/msk.lodz.pl\/#organization"},"image":{"@id":"https:\/\/msk.lodz.pl\/42-ogolnopolskie-konfrontacje-teatrow-mlodziezowych-centrum-2025-zglos-sie-juz-dzis\/#primaryimage"},"thumbnailUrl":"https:\/\/msk.lodz.pl\/wp-content\/uploads\/2025\/09\/24-26.10-2.png","articleSection":["Aktualno\u015bci","Aktualno\u015bci","MSK: Chojny"],"inLanguage":"en-GB"},{"@type":"WebPage","@id":"https:\/\/msk.lodz.pl\/42-ogolnopolskie-konfrontacje-teatrow-mlodziezowych-centrum-2025-zglos-sie-juz-dzis\/","url":"https:\/\/msk.lodz.pl\/42-ogolnopolskie-konfrontacje-teatrow-mlodziezowych-centrum-2025-zglos-sie-juz-dzis\/","name":"42. Og\u00f3lnopolskie Konfrontacje Teatr\u00f3w M\u0142odzie\u017cowych Centrum 2025 - zg\u0142o\u015b si\u0119 ju\u017c dzi\u015b! - MSK","isPartOf":{"@id":"https:\/\/msk.lodz.pl\/#website"},"primaryImageOfPage":{"@id":"https:\/\/msk.lodz.pl\/42-ogolnopolskie-konfrontacje-teatrow-mlodziezowych-centrum-2025-zglos-sie-juz-dzis\/#primaryimage"},"image":{"@id":"https:\/\/msk.lodz.pl\/42-ogolnopolskie-konfrontacje-teatrow-mlodziezowych-centrum-2025-zglos-sie-juz-dzis\/#primaryimage"},"thumbnailUrl":"https:\/\/msk.lodz.pl\/wp-content\/uploads\/2025\/09\/24-26.10-2.png","datePublished":"2025-09-23T12:47:26+00:00","dateModified":"2025-09-24T11:46:12+00:00","breadcrumb":{"@id":"https:\/\/msk.lodz.pl\/42-ogolnopolskie-konfrontacje-teatrow-mlodziezowych-centrum-2025-zglos-sie-juz-dzis\/#breadcrumb"},"inLanguage":"en-GB","potentialAction":[{"@type":"ReadAction","target":["https:\/\/msk.lodz.pl\/42-ogolnopolskie-konfrontacje-teatrow-mlodziezowych-centrum-2025-zglos-sie-juz-dzis\/"]}]},{"@type":"ImageObject","inLanguage":"en-GB","@id":"https:\/\/msk.lodz.pl\/42-ogolnopolskie-konfrontacje-teatrow-mlodziezowych-centrum-2025-zglos-sie-juz-dzis\/#primaryimage","url":"https:\/\/msk.lodz.pl\/wp-content\/uploads\/2025\/09\/24-26.10-2.png","contentUrl":"https:\/\/msk.lodz.pl\/wp-content\/uploads\/2025\/09\/24-26.10-2.png","width":1424,"height":1024},{"@type":"BreadcrumbList","@id":"https:\/\/msk.lodz.pl\/42-ogolnopolskie-konfrontacje-teatrow-mlodziezowych-centrum-2025-zglos-sie-juz-dzis\/#breadcrumb","itemListElement":[{"@type":"ListItem","position":1,"name":"Strona g\u0142\u00f3wna","item":"http:\/\/msk.lodz.pl\/en\/"},{"@type":"ListItem","position":2,"name":"42. Og\u00f3lnopolskie Konfrontacje Teatr\u00f3w M\u0142odzie\u017cowych Centrum 2025 &#8211; zg\u0142o\u015b si\u0119 ju\u017c dzi\u015b!"}]},{"@type":"WebSite","@id":"https:\/\/msk.lodz.pl\/#website","url":"https:\/\/msk.lodz.pl\/","name":"MSK - \u0141\u00f3d\u017a","description":"","publisher":{"@id":"https:\/\/msk.lodz.pl\/#organization"},"potentialAction":[{"@type":"SearchAction","target":{"@type":"EntryPoint","urlTemplate":"https:\/\/msk.lodz.pl\/?s={search_term_string}"},"query-input":{"@type":"PropertyValueSpecification","valueRequired":true,"valueName":"search_term_string"}}],"inLanguage":"en-GB"},{"@type":"Organization","@id":"https:\/\/msk.lodz.pl\/#organization","name":"MSK - \u0141\u00f3d\u017a","url":"https:\/\/msk.lodz.pl\/","logo":{"@type":"ImageObject","inLanguage":"en-GB","@id":"https:\/\/msk.lodz.pl\/#\/schema\/logo\/image\/","url":"https:\/\/msk.lodz.pl\/wp-content\/uploads\/2023\/04\/cropped-Fav_icon_MSK.png","contentUrl":"https:\/\/msk.lodz.pl\/wp-content\/uploads\/2023\/04\/cropped-Fav_icon_MSK.png","width":512,"height":512,"caption":"MSK - \u0141\u00f3d\u017a"},"image":{"@id":"https:\/\/msk.lodz.pl\/#\/schema\/logo\/image\/"}},{"@type":"Person","@id":"https:\/\/msk.lodz.pl\/#\/schema\/person\/340191332de623687efc05dbd2d74a78","name":"Natalia Kawczynska","image":{"@type":"ImageObject","inLanguage":"en-GB","@id":"https:\/\/msk.lodz.pl\/#\/schema\/person\/image\/","url":"https:\/\/secure.gravatar.com\/avatar\/647bd4f8908b796afd7a9e2d6cfeb86678512a693d4c2b14a9f00fd414a88ef1?s=96&d=mm&r=g","contentUrl":"https:\/\/secure.gravatar.com\/avatar\/647bd4f8908b796afd7a9e2d6cfeb86678512a693d4c2b14a9f00fd414a88ef1?s=96&d=mm&r=g","caption":"Natalia Kawczynska"},"url":"https:\/\/msk.lodz.pl\/en\/author\/natalia-kawczynska\/"}]}},"_links":{"self":[{"href":"https:\/\/msk.lodz.pl\/en\/wp-json\/wp\/v2\/posts\/112976","targetHints":{"allow":["GET"]}}],"collection":[{"href":"https:\/\/msk.lodz.pl\/en\/wp-json\/wp\/v2\/posts"}],"about":[{"href":"https:\/\/msk.lodz.pl\/en\/wp-json\/wp\/v2\/types\/post"}],"author":[{"embeddable":true,"href":"https:\/\/msk.lodz.pl\/en\/wp-json\/wp\/v2\/users\/105"}],"replies":[{"embeddable":true,"href":"https:\/\/msk.lodz.pl\/en\/wp-json\/wp\/v2\/comments?post=112976"}],"version-history":[{"count":0,"href":"https:\/\/msk.lodz.pl\/en\/wp-json\/wp\/v2\/posts\/112976\/revisions"}],"wp:featuredmedia":[{"embeddable":true,"href":"https:\/\/msk.lodz.pl\/en\/wp-json\/wp\/v2\/media\/113112"}],"wp:attachment":[{"href":"https:\/\/msk.lodz.pl\/en\/wp-json\/wp\/v2\/media?parent=112976"}],"wp:term":[{"taxonomy":"category","embeddable":true,"href":"https:\/\/msk.lodz.pl\/en\/wp-json\/wp\/v2\/categories?post=112976"},{"taxonomy":"post_tag","embeddable":true,"href":"https:\/\/msk.lodz.pl\/en\/wp-json\/wp\/v2\/tags?post=112976"}],"curies":[{"name":"wp","href":"https:\/\/api.w.org\/{rel}","templated":true}]}}