{"id":113477,"date":"2025-09-26T15:33:48","date_gmt":"2025-09-26T13:33:48","guid":{"rendered":"https:\/\/msk.lodz.pl\/?p=113477"},"modified":"2025-09-26T15:54:59","modified_gmt":"2025-09-26T13:54:59","slug":"lodzkie-spotkania-z-piosenka-zeglarska-kubryk-2025","status":"publish","type":"post","link":"https:\/\/msk.lodz.pl\/en\/lodzkie-spotkania-z-piosenka-zeglarska-kubryk-2025\/","title":{"rendered":"\u0141\u00f3dzkie Spotkania z Piosenk\u0105 \u017beglarsk\u0105 Kubryk 2025"},"content":{"rendered":"<p class=\"has-medium-font-size\">To wydarzenia z 38 letni\u0105 tradycj\u0105 popularyzuj\u0105ce wykonawc\u00f3w z nurtu &#8222;pie\u015bni morskich&#8221;.<\/p>\n\n\n\n<p class=\"has-medium-font-size\"><strong>ZAPRASZAMY NA<\/strong> <strong>KONCERT 19.10.2025r. (niedziela) godz. 12.00<\/strong><\/p>\n\n\n\n<p class=\"has-medium-font-size\">Zagra Zejman i Garkumpel, w koncertach kt\u00f3rego widzowie maili i duzi uczestnicz\u0105 aktywnie wsp\u00f3lnie \u015bpiewaj\u0105c z artystami.<\/p>\n\n\n\n<p class=\"has-medium-font-size\">W trakcie koncertu us\u0142yszymy piosenki z ich p\u0142yty &#8222;Szanteczka dla dzieci&#8221;.<\/p>\n\n\n\n<p class=\"has-medium-font-size\"><strong>Miejsce realizacji:<\/strong><\/p>\n\n\n\n<p class=\"has-medium-font-size\">sala widowiskowa &#8211; MSK Chojny CKM ul. Lokatorska 13<\/p>\n\n\n\n<p class=\"has-medium-font-size\"><strong>OBOWI\u0104ZUJ\u0104 BEZP\u0141ATNE WEJ\u015aCI\u00d3WKI &#8211; ILO\u015aC MIEJSC OGRANICZONA &#8211; OBOWI\u0104ZUJE REJESTRACJA\u00a0<\/strong>pod linkiem \ud83d\udc47\ud83d\udc47\ud83d\udc47<\/p>\n\n\n\n<figure class=\"wp-block-embed is-type-wp-embed is-provider-msk wp-block-embed-msk\"><div class=\"wp-block-embed__wrapper\">\n<blockquote class=\"wp-embedded-content\" data-secret=\"fVyz54QH09\"><a href=\"https:\/\/msk.lodz.pl\/en\/msk\/lodzkie-spotkania-z-piosenka-zeglarska-kubryk-2025\/\">\u0141\u00d3DZKIE SPOTKANIA Z PIOSENK\u0104 \u017bEGLARSK\u0104 KUBRYK 2025<\/a><\/blockquote><iframe class=\"wp-embedded-content lazyload\" sandbox=\"allow-scripts\" security=\"restricted\" style=\"position: absolute; visibility: hidden;\" title=\"&#8222;\u0141\u00d3DZKIE SPOTKANIA Z PIOSENK\u0104 \u017bEGLARSK\u0104 KUBRYK 2025&#8221; &#8212; MSK\" data-src=\"https:\/\/msk.lodz.pl\/msk\/lodzkie-spotkania-z-piosenka-zeglarska-kubryk-2025\/embed\/#?secret=KPF47xXWQm#?secret=fVyz54QH09\" data-secret=\"fVyz54QH09\" width=\"600\" height=\"338\" frameborder=\"0\" marginwidth=\"0\" marginheight=\"0\" scrolling=\"no\" src=\"data:image\/gif;base64,R0lGODlhAQABAAAAACH5BAEKAAEALAAAAAABAAEAAAICTAEAOw==\" data-load-mode=\"1\"><\/iframe>\n<\/div><\/figure>\n\n\n\n<p><\/p>","protected":false},"excerpt":{"rendered":"<p>To wydarzenia z 38 letni\u0105 tradycj\u0105 popularyzuj\u0105ce wykonawc\u00f3w z nurtu &#8222;pie\u015bni morskich&#8221;. ZAPRASZAMY NA KONCERT 19.10.2025r. (niedziela) godz. 12.00 Zagra Zejman i Garkumpel, w koncertach kt\u00f3rego widzowie maili i duzi uczestnicz\u0105 aktywnie wsp\u00f3lnie \u015bpiewaj\u0105c z artystami. W trakcie koncertu us\u0142yszymy piosenki z ich p\u0142yty &#8222;Szanteczka dla dzieci&#8221;. Miejsce realizacji: sala widowiskowa &#8211; MSK Chojny CKM [&hellip;]<\/p>","protected":false},"author":25,"featured_media":113476,"comment_status":"closed","ping_status":"closed","sticky":false,"template":"","format":"standard","meta":{"footnotes":""},"categories":[212,211],"tags":[],"class_list":["post-113477","post","type-post","status-publish","format-standard","has-post-thumbnail","hentry","category-aktualnosci-msk-chojny","category-msk-chojny"],"yoast_head":"<!-- This site is optimized with the Yoast SEO plugin v26.5 - https:\/\/yoast.com\/wordpress\/plugins\/seo\/ -->\n<title>\u0141\u00f3dzkie Spotkania z Piosenk\u0105 \u017beglarsk\u0105 Kubryk 2025 - MSK<\/title>\n<meta name=\"robots\" content=\"index, follow, max-snippet:-1, max-image-preview:large, max-video-preview:-1\" \/>\n<link rel=\"canonical\" href=\"https:\/\/msk.lodz.pl\/en\/lodzkie-spotkania-z-piosenka-zeglarska-kubryk-2025\/\" \/>\n<meta property=\"og:locale\" content=\"en_GB\" \/>\n<meta property=\"og:type\" content=\"article\" \/>\n<meta property=\"og:title\" content=\"\u0141\u00f3dzkie Spotkania z Piosenk\u0105 \u017beglarsk\u0105 Kubryk 2025 - MSK\" \/>\n<meta property=\"og:description\" content=\"To wydarzenia z 38 letni\u0105 tradycj\u0105 popularyzuj\u0105ce wykonawc\u00f3w z nurtu &#8222;pie\u015bni morskich&#8221;. ZAPRASZAMY NA KONCERT 19.10.2025r. (niedziela) godz. 12.00 Zagra Zejman i Garkumpel, w koncertach kt\u00f3rego widzowie maili i duzi uczestnicz\u0105 aktywnie wsp\u00f3lnie \u015bpiewaj\u0105c z artystami. W trakcie koncertu us\u0142yszymy piosenki z ich p\u0142yty &#8222;Szanteczka dla dzieci&#8221;. Miejsce realizacji: sala widowiskowa &#8211; MSK Chojny CKM [&hellip;]\" \/>\n<meta property=\"og:url\" content=\"https:\/\/msk.lodz.pl\/en\/lodzkie-spotkania-z-piosenka-zeglarska-kubryk-2025\/\" \/>\n<meta property=\"og:site_name\" content=\"MSK\" \/>\n<meta property=\"article:published_time\" content=\"2025-09-26T13:33:48+00:00\" \/>\n<meta property=\"article:modified_time\" content=\"2025-09-26T13:54:59+00:00\" \/>\n<meta property=\"og:image\" content=\"https:\/\/msk.lodz.pl\/wp-content\/uploads\/2025\/09\/MSK-grafika-strona.png\" \/>\n\t<meta property=\"og:image:width\" content=\"1424\" \/>\n\t<meta property=\"og:image:height\" content=\"1024\" \/>\n\t<meta property=\"og:image:type\" content=\"image\/png\" \/>\n<meta name=\"author\" content=\"Beata Stelmach\" \/>\n<meta name=\"twitter:card\" content=\"summary_large_image\" \/>\n<meta name=\"twitter:label1\" content=\"Written by\" \/>\n\t<meta name=\"twitter:data1\" content=\"Beata Stelmach\" \/>\n<script type=\"application\/ld+json\" class=\"yoast-schema-graph\">{\"@context\":\"https:\/\/schema.org\",\"@graph\":[{\"@type\":\"Article\",\"@id\":\"https:\/\/msk.lodz.pl\/lodzkie-spotkania-z-piosenka-zeglarska-kubryk-2025\/#article\",\"isPartOf\":{\"@id\":\"https:\/\/msk.lodz.pl\/lodzkie-spotkania-z-piosenka-zeglarska-kubryk-2025\/\"},\"author\":{\"name\":\"Beata Stelmach\",\"@id\":\"https:\/\/msk.lodz.pl\/#\/schema\/person\/9ca48f944abede884e6acd413ab27d0f\"},\"headline\":\"\u0141\u00f3dzkie Spotkania z Piosenk\u0105 \u017beglarsk\u0105 Kubryk 2025\",\"datePublished\":\"2025-09-26T13:33:48+00:00\",\"dateModified\":\"2025-09-26T13:54:59+00:00\",\"mainEntityOfPage\":{\"@id\":\"https:\/\/msk.lodz.pl\/lodzkie-spotkania-z-piosenka-zeglarska-kubryk-2025\/\"},\"wordCount\":93,\"publisher\":{\"@id\":\"https:\/\/msk.lodz.pl\/#organization\"},\"image\":{\"@id\":\"https:\/\/msk.lodz.pl\/lodzkie-spotkania-z-piosenka-zeglarska-kubryk-2025\/#primaryimage\"},\"thumbnailUrl\":\"https:\/\/msk.lodz.pl\/wp-content\/uploads\/2025\/09\/MSK-grafika-strona.png\",\"articleSection\":[\"Aktualno\u015bci\",\"MSK: Chojny\"],\"inLanguage\":\"en-GB\"},{\"@type\":\"WebPage\",\"@id\":\"https:\/\/msk.lodz.pl\/lodzkie-spotkania-z-piosenka-zeglarska-kubryk-2025\/\",\"url\":\"https:\/\/msk.lodz.pl\/lodzkie-spotkania-z-piosenka-zeglarska-kubryk-2025\/\",\"name\":\"\u0141\u00f3dzkie Spotkania z Piosenk\u0105 \u017beglarsk\u0105 Kubryk 2025 - MSK\",\"isPartOf\":{\"@id\":\"https:\/\/msk.lodz.pl\/#website\"},\"primaryImageOfPage\":{\"@id\":\"https:\/\/msk.lodz.pl\/lodzkie-spotkania-z-piosenka-zeglarska-kubryk-2025\/#primaryimage\"},\"image\":{\"@id\":\"https:\/\/msk.lodz.pl\/lodzkie-spotkania-z-piosenka-zeglarska-kubryk-2025\/#primaryimage\"},\"thumbnailUrl\":\"https:\/\/msk.lodz.pl\/wp-content\/uploads\/2025\/09\/MSK-grafika-strona.png\",\"datePublished\":\"2025-09-26T13:33:48+00:00\",\"dateModified\":\"2025-09-26T13:54:59+00:00\",\"breadcrumb\":{\"@id\":\"https:\/\/msk.lodz.pl\/lodzkie-spotkania-z-piosenka-zeglarska-kubryk-2025\/#breadcrumb\"},\"inLanguage\":\"en-GB\",\"potentialAction\":[{\"@type\":\"ReadAction\",\"target\":[\"https:\/\/msk.lodz.pl\/lodzkie-spotkania-z-piosenka-zeglarska-kubryk-2025\/\"]}]},{\"@type\":\"ImageObject\",\"inLanguage\":\"en-GB\",\"@id\":\"https:\/\/msk.lodz.pl\/lodzkie-spotkania-z-piosenka-zeglarska-kubryk-2025\/#primaryimage\",\"url\":\"https:\/\/msk.lodz.pl\/wp-content\/uploads\/2025\/09\/MSK-grafika-strona.png\",\"contentUrl\":\"https:\/\/msk.lodz.pl\/wp-content\/uploads\/2025\/09\/MSK-grafika-strona.png\",\"width\":1424,\"height\":1024},{\"@type\":\"BreadcrumbList\",\"@id\":\"https:\/\/msk.lodz.pl\/lodzkie-spotkania-z-piosenka-zeglarska-kubryk-2025\/#breadcrumb\",\"itemListElement\":[{\"@type\":\"ListItem\",\"position\":1,\"name\":\"Strona g\u0142\u00f3wna\",\"item\":\"http:\/\/msk.lodz.pl\/en\/\"},{\"@type\":\"ListItem\",\"position\":2,\"name\":\"\u0141\u00f3dzkie Spotkania z Piosenk\u0105 \u017beglarsk\u0105 Kubryk 2025\"}]},{\"@type\":\"WebSite\",\"@id\":\"https:\/\/msk.lodz.pl\/#website\",\"url\":\"https:\/\/msk.lodz.pl\/\",\"name\":\"MSK - \u0141\u00f3d\u017a\",\"description\":\"\",\"publisher\":{\"@id\":\"https:\/\/msk.lodz.pl\/#organization\"},\"potentialAction\":[{\"@type\":\"SearchAction\",\"target\":{\"@type\":\"EntryPoint\",\"urlTemplate\":\"https:\/\/msk.lodz.pl\/?s={search_term_string}\"},\"query-input\":{\"@type\":\"PropertyValueSpecification\",\"valueRequired\":true,\"valueName\":\"search_term_string\"}}],\"inLanguage\":\"en-GB\"},{\"@type\":\"Organization\",\"@id\":\"https:\/\/msk.lodz.pl\/#organization\",\"name\":\"MSK - \u0141\u00f3d\u017a\",\"url\":\"https:\/\/msk.lodz.pl\/\",\"logo\":{\"@type\":\"ImageObject\",\"inLanguage\":\"en-GB\",\"@id\":\"https:\/\/msk.lodz.pl\/#\/schema\/logo\/image\/\",\"url\":\"https:\/\/msk.lodz.pl\/wp-content\/uploads\/2023\/04\/cropped-Fav_icon_MSK.png\",\"contentUrl\":\"https:\/\/msk.lodz.pl\/wp-content\/uploads\/2023\/04\/cropped-Fav_icon_MSK.png\",\"width\":512,\"height\":512,\"caption\":\"MSK - \u0141\u00f3d\u017a\"},\"image\":{\"@id\":\"https:\/\/msk.lodz.pl\/#\/schema\/logo\/image\/\"}},{\"@type\":\"Person\",\"@id\":\"https:\/\/msk.lodz.pl\/#\/schema\/person\/9ca48f944abede884e6acd413ab27d0f\",\"name\":\"Beata Stelmach\",\"image\":{\"@type\":\"ImageObject\",\"inLanguage\":\"en-GB\",\"@id\":\"https:\/\/msk.lodz.pl\/#\/schema\/person\/image\/\",\"url\":\"https:\/\/secure.gravatar.com\/avatar\/07dba2b4e3c4585ac0f2ecb9bea6785f1e276c16aac674da70dde71deae98156?s=96&d=mm&r=g\",\"contentUrl\":\"https:\/\/secure.gravatar.com\/avatar\/07dba2b4e3c4585ac0f2ecb9bea6785f1e276c16aac674da70dde71deae98156?s=96&d=mm&r=g\",\"caption\":\"Beata Stelmach\"},\"url\":\"https:\/\/msk.lodz.pl\/en\/author\/beata-stelmach\/\"}]}<\/script>\n<!-- \/ Yoast SEO plugin. -->","yoast_head_json":{"title":"\u0141\u00f3dzkie Spotkania z Piosenk\u0105 \u017beglarsk\u0105 Kubryk 2025 - MSK","robots":{"index":"index","follow":"follow","max-snippet":"max-snippet:-1","max-image-preview":"max-image-preview:large","max-video-preview":"max-video-preview:-1"},"canonical":"https:\/\/msk.lodz.pl\/en\/lodzkie-spotkania-z-piosenka-zeglarska-kubryk-2025\/","og_locale":"en_GB","og_type":"article","og_title":"\u0141\u00f3dzkie Spotkania z Piosenk\u0105 \u017beglarsk\u0105 Kubryk 2025 - MSK","og_description":"To wydarzenia z 38 letni\u0105 tradycj\u0105 popularyzuj\u0105ce wykonawc\u00f3w z nurtu &#8222;pie\u015bni morskich&#8221;. ZAPRASZAMY NA KONCERT 19.10.2025r. (niedziela) godz. 12.00 Zagra Zejman i Garkumpel, w koncertach kt\u00f3rego widzowie maili i duzi uczestnicz\u0105 aktywnie wsp\u00f3lnie \u015bpiewaj\u0105c z artystami. W trakcie koncertu us\u0142yszymy piosenki z ich p\u0142yty &#8222;Szanteczka dla dzieci&#8221;. Miejsce realizacji: sala widowiskowa &#8211; MSK Chojny CKM [&hellip;]","og_url":"https:\/\/msk.lodz.pl\/en\/lodzkie-spotkania-z-piosenka-zeglarska-kubryk-2025\/","og_site_name":"MSK","article_published_time":"2025-09-26T13:33:48+00:00","article_modified_time":"2025-09-26T13:54:59+00:00","og_image":[{"width":1424,"height":1024,"url":"https:\/\/msk.lodz.pl\/wp-content\/uploads\/2025\/09\/MSK-grafika-strona.png","type":"image\/png"}],"author":"Beata Stelmach","twitter_card":"summary_large_image","twitter_misc":{"Written by":"Beata Stelmach"},"schema":{"@context":"https:\/\/schema.org","@graph":[{"@type":"Article","@id":"https:\/\/msk.lodz.pl\/lodzkie-spotkania-z-piosenka-zeglarska-kubryk-2025\/#article","isPartOf":{"@id":"https:\/\/msk.lodz.pl\/lodzkie-spotkania-z-piosenka-zeglarska-kubryk-2025\/"},"author":{"name":"Beata Stelmach","@id":"https:\/\/msk.lodz.pl\/#\/schema\/person\/9ca48f944abede884e6acd413ab27d0f"},"headline":"\u0141\u00f3dzkie Spotkania z Piosenk\u0105 \u017beglarsk\u0105 Kubryk 2025","datePublished":"2025-09-26T13:33:48+00:00","dateModified":"2025-09-26T13:54:59+00:00","mainEntityOfPage":{"@id":"https:\/\/msk.lodz.pl\/lodzkie-spotkania-z-piosenka-zeglarska-kubryk-2025\/"},"wordCount":93,"publisher":{"@id":"https:\/\/msk.lodz.pl\/#organization"},"image":{"@id":"https:\/\/msk.lodz.pl\/lodzkie-spotkania-z-piosenka-zeglarska-kubryk-2025\/#primaryimage"},"thumbnailUrl":"https:\/\/msk.lodz.pl\/wp-content\/uploads\/2025\/09\/MSK-grafika-strona.png","articleSection":["Aktualno\u015bci","MSK: Chojny"],"inLanguage":"en-GB"},{"@type":"WebPage","@id":"https:\/\/msk.lodz.pl\/lodzkie-spotkania-z-piosenka-zeglarska-kubryk-2025\/","url":"https:\/\/msk.lodz.pl\/lodzkie-spotkania-z-piosenka-zeglarska-kubryk-2025\/","name":"\u0141\u00f3dzkie Spotkania z Piosenk\u0105 \u017beglarsk\u0105 Kubryk 2025 - MSK","isPartOf":{"@id":"https:\/\/msk.lodz.pl\/#website"},"primaryImageOfPage":{"@id":"https:\/\/msk.lodz.pl\/lodzkie-spotkania-z-piosenka-zeglarska-kubryk-2025\/#primaryimage"},"image":{"@id":"https:\/\/msk.lodz.pl\/lodzkie-spotkania-z-piosenka-zeglarska-kubryk-2025\/#primaryimage"},"thumbnailUrl":"https:\/\/msk.lodz.pl\/wp-content\/uploads\/2025\/09\/MSK-grafika-strona.png","datePublished":"2025-09-26T13:33:48+00:00","dateModified":"2025-09-26T13:54:59+00:00","breadcrumb":{"@id":"https:\/\/msk.lodz.pl\/lodzkie-spotkania-z-piosenka-zeglarska-kubryk-2025\/#breadcrumb"},"inLanguage":"en-GB","potentialAction":[{"@type":"ReadAction","target":["https:\/\/msk.lodz.pl\/lodzkie-spotkania-z-piosenka-zeglarska-kubryk-2025\/"]}]},{"@type":"ImageObject","inLanguage":"en-GB","@id":"https:\/\/msk.lodz.pl\/lodzkie-spotkania-z-piosenka-zeglarska-kubryk-2025\/#primaryimage","url":"https:\/\/msk.lodz.pl\/wp-content\/uploads\/2025\/09\/MSK-grafika-strona.png","contentUrl":"https:\/\/msk.lodz.pl\/wp-content\/uploads\/2025\/09\/MSK-grafika-strona.png","width":1424,"height":1024},{"@type":"BreadcrumbList","@id":"https:\/\/msk.lodz.pl\/lodzkie-spotkania-z-piosenka-zeglarska-kubryk-2025\/#breadcrumb","itemListElement":[{"@type":"ListItem","position":1,"name":"Strona g\u0142\u00f3wna","item":"http:\/\/msk.lodz.pl\/en\/"},{"@type":"ListItem","position":2,"name":"\u0141\u00f3dzkie Spotkania z Piosenk\u0105 \u017beglarsk\u0105 Kubryk 2025"}]},{"@type":"WebSite","@id":"https:\/\/msk.lodz.pl\/#website","url":"https:\/\/msk.lodz.pl\/","name":"MSK - \u0141\u00f3d\u017a","description":"","publisher":{"@id":"https:\/\/msk.lodz.pl\/#organization"},"potentialAction":[{"@type":"SearchAction","target":{"@type":"EntryPoint","urlTemplate":"https:\/\/msk.lodz.pl\/?s={search_term_string}"},"query-input":{"@type":"PropertyValueSpecification","valueRequired":true,"valueName":"search_term_string"}}],"inLanguage":"en-GB"},{"@type":"Organization","@id":"https:\/\/msk.lodz.pl\/#organization","name":"MSK - \u0141\u00f3d\u017a","url":"https:\/\/msk.lodz.pl\/","logo":{"@type":"ImageObject","inLanguage":"en-GB","@id":"https:\/\/msk.lodz.pl\/#\/schema\/logo\/image\/","url":"https:\/\/msk.lodz.pl\/wp-content\/uploads\/2023\/04\/cropped-Fav_icon_MSK.png","contentUrl":"https:\/\/msk.lodz.pl\/wp-content\/uploads\/2023\/04\/cropped-Fav_icon_MSK.png","width":512,"height":512,"caption":"MSK - \u0141\u00f3d\u017a"},"image":{"@id":"https:\/\/msk.lodz.pl\/#\/schema\/logo\/image\/"}},{"@type":"Person","@id":"https:\/\/msk.lodz.pl\/#\/schema\/person\/9ca48f944abede884e6acd413ab27d0f","name":"Beata Stelmach","image":{"@type":"ImageObject","inLanguage":"en-GB","@id":"https:\/\/msk.lodz.pl\/#\/schema\/person\/image\/","url":"https:\/\/secure.gravatar.com\/avatar\/07dba2b4e3c4585ac0f2ecb9bea6785f1e276c16aac674da70dde71deae98156?s=96&d=mm&r=g","contentUrl":"https:\/\/secure.gravatar.com\/avatar\/07dba2b4e3c4585ac0f2ecb9bea6785f1e276c16aac674da70dde71deae98156?s=96&d=mm&r=g","caption":"Beata Stelmach"},"url":"https:\/\/msk.lodz.pl\/en\/author\/beata-stelmach\/"}]}},"_links":{"self":[{"href":"https:\/\/msk.lodz.pl\/en\/wp-json\/wp\/v2\/posts\/113477","targetHints":{"allow":["GET"]}}],"collection":[{"href":"https:\/\/msk.lodz.pl\/en\/wp-json\/wp\/v2\/posts"}],"about":[{"href":"https:\/\/msk.lodz.pl\/en\/wp-json\/wp\/v2\/types\/post"}],"author":[{"embeddable":true,"href":"https:\/\/msk.lodz.pl\/en\/wp-json\/wp\/v2\/users\/25"}],"replies":[{"embeddable":true,"href":"https:\/\/msk.lodz.pl\/en\/wp-json\/wp\/v2\/comments?post=113477"}],"version-history":[{"count":0,"href":"https:\/\/msk.lodz.pl\/en\/wp-json\/wp\/v2\/posts\/113477\/revisions"}],"wp:featuredmedia":[{"embeddable":true,"href":"https:\/\/msk.lodz.pl\/en\/wp-json\/wp\/v2\/media\/113476"}],"wp:attachment":[{"href":"https:\/\/msk.lodz.pl\/en\/wp-json\/wp\/v2\/media?parent=113477"}],"wp:term":[{"taxonomy":"category","embeddable":true,"href":"https:\/\/msk.lodz.pl\/en\/wp-json\/wp\/v2\/categories?post=113477"},{"taxonomy":"post_tag","embeddable":true,"href":"https:\/\/msk.lodz.pl\/en\/wp-json\/wp\/v2\/tags?post=113477"}],"curies":[{"name":"wp","href":"https:\/\/api.w.org\/{rel}","templated":true}]}}