{"id":11860,"date":"2023-06-05T18:34:39","date_gmt":"2023-06-05T16:34:39","guid":{"rendered":"https:\/\/msk.lodz.pl\/?p=11860"},"modified":"2026-03-18T10:49:29","modified_gmt":"2026-03-18T09:49:29","slug":"dostepnosc-architektoniczna-msk-polesie-osrodek-sztuki","status":"publish","type":"post","link":"https:\/\/msk.lodz.pl\/en\/dostepnosc-architektoniczna-msk-polesie-osrodek-sztuki\/","title":{"rendered":"Dost\u0119pno\u015b\u0107 architektoniczna &#8211; O\u015brodek Sztuki (MSK: Polesie)"},"content":{"rendered":"<p class=\"has-medium-font-size\">ADRES BUDYNKU: UL. KRZEMIENIECKA 2A, 94-030 \u0141\u00d3D\u0179<\/p>\n\n\n\n<p class=\"has-medium-font-size\"><strong>OPIS WEJ\u015aCIA DO BUDYNKU:<\/strong><\/p>\n\n\n\n<p class=\"has-medium-font-size\">Budynek wolnostoj\u0105cy, ogrodzony. Dla go\u015bci dost\u0119pne s\u0105 dwa wej\u015bcia &#8211;&nbsp; od strony frontu budynku (od ul. Krzemienieckiej) i ogrodu. Do wej\u015bcia od strony frontu prowadz\u0105 schody i z dw\u00f3ch stron podjazdy dla w\u00f3zk\u00f3w. Brak automatycznego otwierania drzwi. Szeroko\u015b\u0107 drzwi wej\u015bciowych i klatki schodowej dostosowana jest do potrzeb os\u00f3b poruszaj\u0105cych si\u0119 na w\u00f3zku.<\/p>\n\n\n\n<div style=\"height:30px\" aria-hidden=\"true\" class=\"wp-block-spacer\"><\/div>\n\n\n\n<p class=\"has-medium-font-size\"><strong>OPIS WN\u0118TRZA BUDYNKU:<\/strong><\/p>\n\n\n\n<p class=\"has-medium-font-size\">Budynek sk\u0142ada si\u0119 z 3 kondygnacji.<\/p>\n\n\n\n<p class=\"has-medium-font-size\">W piwnicy znajduje si\u0119 pracownia plastyczna, ceramiczna, sala taneczne,&nbsp; toaleta dla os\u00f3b z niepe\u0142nosprawno\u015bciami, dwie toalety (damska i m\u0119ska) oraz garderoba..<\/p>\n\n\n\n<p class=\"has-medium-font-size\">Na parterze znajduje si\u0119 kuchnia, toaleta dla os\u00f3b z niepe\u0142nosprawno\u015bciami, szatnia, toalety damskie i m\u0119skie,&nbsp; galeria, trzy sale widowiskowe, w tym jedna z&nbsp; wyj\u015bciem na taras.<\/p>\n\n\n\n<p class=\"has-medium-font-size\">Na 1 pi\u0119trze: na tym poziomie znajduje si\u0119 biuro O\u015brodka Sztuki MSK Polesie, oraz inne przestrzenie biurowe MSK &#8211; sekretariat, pokoje dla pracownik\u00f3w administracji (kadry, promocja, dzia\u0142 projekt\u00f3w i pozyskiwania \u015brodk\u00f3w zewn\u0119trznych, ksi\u0119gowo\u015b\u0107, toaleta og\u00f3lna) oraz biuro dyrekcji MSK.<\/p>\n\n\n\n<div style=\"height:30px\" aria-hidden=\"true\" class=\"wp-block-spacer\"><\/div>\n\n\n\n<p><\/p>\n\n\n\n<p class=\"has-medium-font-size\"><strong>KOMUNIKACJA WEWN\u0104TRZ BUDYNKU:<\/strong><\/p>\n\n\n\n<p class=\"has-medium-font-size\">W budynku nie ma windy. Do piwnicy i na pi\u0119tro prowadz\u0105 schody. Dost\u0119pny jest schodo\u0142az. Pomi\u0119dzy kondygnacjami mo\u017cna przemieszcza\u0107 si\u0119 za pomoc\u0105 schodo\u0142azu.<\/p>\n\n\n\n<p class=\"has-medium-font-size\">Szeroko\u015b\u0107 drzwi wej\u015bciowych i klatki schodowej dostosowana jest do potrzeb os\u00f3b poruszaj\u0105cych si\u0119 na w\u00f3zku.<\/p>\n\n\n\n<div style=\"height:30px\" aria-hidden=\"true\" class=\"wp-block-spacer\"><\/div>\n\n\n\n<p class=\"has-medium-font-size\"><strong>PROCEDURY W BUDYNKU: <\/strong>szatnia znajduj\u0105ca si\u0119 na parterze budynku jest samoobs\u0142ugowa, prowadzi do niej w\u0105skie przej\u015bcie. Osoby poruszaj\u0105ce si\u0119 na w\u00f3zku b\u0119d\u0105 potrzebowa\u0142y wsparcia osoby trzeciej.<\/p>\n\n\n\n<div style=\"height:30px\" aria-hidden=\"true\" class=\"wp-block-spacer\"><\/div>\n\n\n\n<p class=\"has-medium-font-size\"><strong>TOALETY W BUDYNKU:&nbsp;<\/strong> toalety damskie i m\u0119skie, w tym toalety dla os\u00f3b z niepe\u0142nosprawno\u015bciami znajduj\u0105 si\u0119&nbsp; na parterze budynku oraz w piwnicy (zej\u015bcie schodami). Na pierwszym pi\u0119trze znajduje si\u0119 tylko toaleta og\u00f3lne.<\/p>\n\n\n\n<div style=\"height:30px\" aria-hidden=\"true\" class=\"wp-block-spacer\"><\/div>\n\n\n\n<p class=\"has-medium-font-size\"><strong>DOJAZD DO BUDYNKU O\u015aRODKA SZTUKI (MSK: Polesie) jest mo\u017cliwy:<\/strong><\/p>\n\n\n\n<p class=\"has-medium-font-size\">\u00be&nbsp;autobusem MPK (przystanek Krzemieniecka &#8211; Atlas Arena),<\/p>\n\n\n\n<p class=\"has-medium-font-size\">\u00be&nbsp;tramwajem (najbli\u017cszy przystanek Bratys\u0142awska &#8211; Wile\u0144ska),<\/p>\n\n\n\n<p class=\"has-medium-font-size\">\u00be&nbsp;poci\u0105giem (najbli\u017cszy przystanek \u0141\u00f3d\u017a Kaliska)<\/p>\n\n\n\n<p class=\"has-medium-font-size\">\u00be&nbsp;samochodem, rowerem, pieszo (wzd\u0142u\u017c ulicy Krzemienieckiej)<\/p>\n\n\n\n<div style=\"height:30px\" aria-hidden=\"true\" class=\"wp-block-spacer\"><\/div>\n\n\n\n<p class=\"has-medium-font-size\"><strong>MIEJSCA PARKINGOWE DLA OS\u00d3B Z NIEPE\u0141NOSPRAWNO\u015aCIAMI:<\/strong><\/p>\n\n\n\n<p class=\"has-medium-font-size\">parking dost\u0119pny jest przed wej\u015bciem do budynku, dojazd od ulicy Krzemienieckiej. Nie ma wyznaczonych miejsc parkingowych dla os\u00f3b z niepe\u0142nosprawno\u015bci\u0105.<\/p>\n\n\n\n<div style=\"height:30px\" aria-hidden=\"true\" class=\"wp-block-spacer\"><\/div>\n\n\n\n<p class=\"has-medium-font-size\"><strong>WYPOSA\u017bENIE WSPOMAGAJ\u0104CE:<\/strong><\/p>\n\n\n\n<p class=\"has-medium-font-size\">W budynku s\u0105 oznaczenia w alfabecie brajla oraz oznaczenia kontrastowe.<\/p>\n\n\n\n<p class=\"has-medium-font-size\">Nie ma mo\u017cliwo\u015bci skorzystania z t\u0142umacza polskiego j\u0119zyka migowego (PJM) online.<\/p>\n\n\n\n<p class=\"has-medium-font-size\">W sekretariacie znajduje si\u0119&nbsp; stanowiskowa p\u0119tla indukcyjna.<\/p>\n\n\n\n<div style=\"height:30px\" aria-hidden=\"true\" class=\"wp-block-spacer\"><\/div>\n\n\n\n<p class=\"has-medium-font-size\"><strong>WST\u0118P DLA PSA PRZEWODNIKA\/PSA ASYSTUJ\u0104CEGO<\/strong><\/p>\n\n\n\n<p class=\"has-medium-font-size\">Do budynku i wszystkich jego pomieszcze\u0144 mo\u017cna wej\u015b\u0107 z psem asystuj\u0105cym i psem przewodnikiem.<\/p>\n\n\n\n<div style=\"height:30px\" aria-hidden=\"true\" class=\"wp-block-spacer\"><\/div>\n\n\n\n<p class=\"has-medium-font-size\"><strong>EWAKUACJA:<\/strong><\/p>\n\n\n\n<p class=\"has-medium-font-size\">Droga ewakuacji jest oznaczona w spos\u00f3b czytelny i zrozumia\u0142y, poprzez znaki informacyjne.<\/p>\n\n\n\n<p class=\"has-medium-font-size\">Brak ewakuacyjnych system\u00f3w d\u017awi\u0119kowych i wizualnych.<\/p>\n\n\n\n<p class=\"has-medium-font-size\">Brak procedury ewakuacji os\u00f3b ze specjalnymi potrzebami.<\/p>\n\n\n\n<div style=\"height:30px\" aria-hidden=\"true\" class=\"wp-block-spacer\"><\/div>\n\n\n\n<p class=\"has-medium-font-size\"><strong>PRZYGOTOWANIE DEKLARACJI W SPRAWIE DOST\u0118PNO\u015aCI<\/strong><\/p>\n\n\n\n<p class=\"has-medium-font-size\">\u00b7&nbsp;Deklaracj\u0119 sporz\u0105dzono dnia: 31 marca 2022 r.<\/p>\n\n\n\n<p class=\"has-medium-font-size\">\u00b7\u00a0Deklaracj\u0119 zosta\u0142a ostatnio poddana przegl\u0105dowi i aktualizacji dnia: 18 marca 2026 r.<\/p>\n\n\n\n<p class=\"has-medium-font-size\">Deklaracj\u0119 sporz\u0105dzono na podstawie samooceny.<\/p>","protected":false},"excerpt":{"rendered":"<p>ADRES BUDYNKU: UL. KRZEMIENIECKA 2A, 94-030 \u0141\u00d3D\u0179 OPIS WEJ\u015aCIA DO BUDYNKU: Budynek wolnostoj\u0105cy, ogrodzony. Dla go\u015bci dost\u0119pne s\u0105 dwa wej\u015bcia &#8211;&nbsp; od strony frontu budynku (od ul. Krzemienieckiej) i ogrodu. Do wej\u015bcia od strony frontu prowadz\u0105 schody i z dw\u00f3ch stron podjazdy dla w\u00f3zk\u00f3w. Brak automatycznego otwierania drzwi. Szeroko\u015b\u0107 drzwi wej\u015bciowych i klatki schodowej dostosowana [&hellip;]<\/p>","protected":false},"author":3,"featured_media":0,"comment_status":"open","ping_status":"open","sticky":false,"template":"","format":"standard","meta":{"footnotes":""},"categories":[1],"tags":[],"class_list":["post-11860","post","type-post","status-publish","format-standard","hentry","category-nieprzypisane"],"yoast_head":"<!-- This site is optimized with the Yoast SEO plugin v26.5 - https:\/\/yoast.com\/wordpress\/plugins\/seo\/ -->\n<title>Dost\u0119pno\u015b\u0107 architektoniczna - O\u015brodek Sztuki (MSK: Polesie) - MSK<\/title>\n<meta name=\"robots\" content=\"index, follow, max-snippet:-1, max-image-preview:large, max-video-preview:-1\" \/>\n<link rel=\"canonical\" href=\"https:\/\/msk.lodz.pl\/en\/dostepnosc-architektoniczna-msk-polesie-osrodek-sztuki\/\" \/>\n<meta property=\"og:locale\" content=\"en_GB\" \/>\n<meta property=\"og:type\" content=\"article\" \/>\n<meta property=\"og:title\" content=\"Dost\u0119pno\u015b\u0107 architektoniczna - O\u015brodek Sztuki (MSK: Polesie) - MSK\" \/>\n<meta property=\"og:description\" content=\"ADRES BUDYNKU: UL. KRZEMIENIECKA 2A, 94-030 \u0141\u00d3D\u0179 OPIS WEJ\u015aCIA DO BUDYNKU: Budynek wolnostoj\u0105cy, ogrodzony. Dla go\u015bci dost\u0119pne s\u0105 dwa wej\u015bcia &#8211;&nbsp; od strony frontu budynku (od ul. Krzemienieckiej) i ogrodu. Do wej\u015bcia od strony frontu prowadz\u0105 schody i z dw\u00f3ch stron podjazdy dla w\u00f3zk\u00f3w. Brak automatycznego otwierania drzwi. Szeroko\u015b\u0107 drzwi wej\u015bciowych i klatki schodowej dostosowana [&hellip;]\" \/>\n<meta property=\"og:url\" content=\"https:\/\/msk.lodz.pl\/en\/dostepnosc-architektoniczna-msk-polesie-osrodek-sztuki\/\" \/>\n<meta property=\"og:site_name\" content=\"MSK\" \/>\n<meta property=\"article:published_time\" content=\"2023-06-05T16:34:39+00:00\" \/>\n<meta property=\"article:modified_time\" content=\"2026-03-18T09:49:29+00:00\" \/>\n<meta property=\"og:image\" content=\"https:\/\/msk.lodz.pl\/wp-content\/uploads\/2025\/12\/1.png\" \/>\n\t<meta property=\"og:image:width\" content=\"1413\" \/>\n\t<meta property=\"og:image:height\" content=\"779\" \/>\n\t<meta property=\"og:image:type\" content=\"image\/png\" \/>\n<meta name=\"author\" content=\"Aleksandra Sowa\" \/>\n<meta name=\"twitter:card\" content=\"summary_large_image\" \/>\n<meta name=\"twitter:label1\" content=\"Written by\" \/>\n\t<meta name=\"twitter:data1\" content=\"Aleksandra Sowa\" \/>\n\t<meta name=\"twitter:label2\" content=\"Estimated reading time\" \/>\n\t<meta name=\"twitter:data2\" content=\"3 minutes\" \/>\n<script type=\"application\/ld+json\" class=\"yoast-schema-graph\">{\"@context\":\"https:\/\/schema.org\",\"@graph\":[{\"@type\":\"Article\",\"@id\":\"https:\/\/msk.lodz.pl\/dostepnosc-architektoniczna-msk-polesie-osrodek-sztuki\/#article\",\"isPartOf\":{\"@id\":\"https:\/\/msk.lodz.pl\/dostepnosc-architektoniczna-msk-polesie-osrodek-sztuki\/\"},\"author\":{\"name\":\"Aleksandra Sowa\",\"@id\":\"https:\/\/msk.lodz.pl\/#\/schema\/person\/7a397b10f9bac91b62bc4836aff6fed8\"},\"headline\":\"Dost\u0119pno\u015b\u0107 architektoniczna &#8211; O\u015brodek Sztuki (MSK: Polesie)\",\"datePublished\":\"2023-06-05T16:34:39+00:00\",\"dateModified\":\"2026-03-18T09:49:29+00:00\",\"mainEntityOfPage\":{\"@id\":\"https:\/\/msk.lodz.pl\/dostepnosc-architektoniczna-msk-polesie-osrodek-sztuki\/\"},\"wordCount\":533,\"commentCount\":0,\"publisher\":{\"@id\":\"https:\/\/msk.lodz.pl\/#organization\"},\"articleSection\":[\"Nie przypisane\"],\"inLanguage\":\"en-GB\",\"potentialAction\":[{\"@type\":\"CommentAction\",\"name\":\"Comment\",\"target\":[\"https:\/\/msk.lodz.pl\/dostepnosc-architektoniczna-msk-polesie-osrodek-sztuki\/#respond\"]}]},{\"@type\":\"WebPage\",\"@id\":\"https:\/\/msk.lodz.pl\/dostepnosc-architektoniczna-msk-polesie-osrodek-sztuki\/\",\"url\":\"https:\/\/msk.lodz.pl\/dostepnosc-architektoniczna-msk-polesie-osrodek-sztuki\/\",\"name\":\"Dost\u0119pno\u015b\u0107 architektoniczna - O\u015brodek Sztuki (MSK: Polesie) - MSK\",\"isPartOf\":{\"@id\":\"https:\/\/msk.lodz.pl\/#website\"},\"datePublished\":\"2023-06-05T16:34:39+00:00\",\"dateModified\":\"2026-03-18T09:49:29+00:00\",\"breadcrumb\":{\"@id\":\"https:\/\/msk.lodz.pl\/dostepnosc-architektoniczna-msk-polesie-osrodek-sztuki\/#breadcrumb\"},\"inLanguage\":\"en-GB\",\"potentialAction\":[{\"@type\":\"ReadAction\",\"target\":[\"https:\/\/msk.lodz.pl\/dostepnosc-architektoniczna-msk-polesie-osrodek-sztuki\/\"]}]},{\"@type\":\"BreadcrumbList\",\"@id\":\"https:\/\/msk.lodz.pl\/dostepnosc-architektoniczna-msk-polesie-osrodek-sztuki\/#breadcrumb\",\"itemListElement\":[{\"@type\":\"ListItem\",\"position\":1,\"name\":\"Strona g\u0142\u00f3wna\",\"item\":\"http:\/\/msk.lodz.pl\/en\/\"},{\"@type\":\"ListItem\",\"position\":2,\"name\":\"Dost\u0119pno\u015b\u0107 architektoniczna &#8211; O\u015brodek Sztuki (MSK: Polesie)\"}]},{\"@type\":\"WebSite\",\"@id\":\"https:\/\/msk.lodz.pl\/#website\",\"url\":\"https:\/\/msk.lodz.pl\/\",\"name\":\"MSK - \u0141\u00f3d\u017a\",\"description\":\"\",\"publisher\":{\"@id\":\"https:\/\/msk.lodz.pl\/#organization\"},\"potentialAction\":[{\"@type\":\"SearchAction\",\"target\":{\"@type\":\"EntryPoint\",\"urlTemplate\":\"https:\/\/msk.lodz.pl\/?s={search_term_string}\"},\"query-input\":{\"@type\":\"PropertyValueSpecification\",\"valueRequired\":true,\"valueName\":\"search_term_string\"}}],\"inLanguage\":\"en-GB\"},{\"@type\":\"Organization\",\"@id\":\"https:\/\/msk.lodz.pl\/#organization\",\"name\":\"MSK - \u0141\u00f3d\u017a\",\"url\":\"https:\/\/msk.lodz.pl\/\",\"logo\":{\"@type\":\"ImageObject\",\"inLanguage\":\"en-GB\",\"@id\":\"https:\/\/msk.lodz.pl\/#\/schema\/logo\/image\/\",\"url\":\"https:\/\/msk.lodz.pl\/wp-content\/uploads\/2023\/04\/cropped-Fav_icon_MSK.png\",\"contentUrl\":\"https:\/\/msk.lodz.pl\/wp-content\/uploads\/2023\/04\/cropped-Fav_icon_MSK.png\",\"width\":512,\"height\":512,\"caption\":\"MSK - \u0141\u00f3d\u017a\"},\"image\":{\"@id\":\"https:\/\/msk.lodz.pl\/#\/schema\/logo\/image\/\"}},{\"@type\":\"Person\",\"@id\":\"https:\/\/msk.lodz.pl\/#\/schema\/person\/7a397b10f9bac91b62bc4836aff6fed8\",\"name\":\"Aleksandra Sowa\",\"image\":{\"@type\":\"ImageObject\",\"inLanguage\":\"en-GB\",\"@id\":\"https:\/\/msk.lodz.pl\/#\/schema\/person\/image\/\",\"url\":\"https:\/\/secure.gravatar.com\/avatar\/7d16c1079266eae429b8725d6b8f490a80ccf7fbb4e3b6223f499aa34088ea85?s=96&d=mm&r=g\",\"contentUrl\":\"https:\/\/secure.gravatar.com\/avatar\/7d16c1079266eae429b8725d6b8f490a80ccf7fbb4e3b6223f499aa34088ea85?s=96&d=mm&r=g\",\"caption\":\"Aleksandra Sowa\"},\"url\":\"https:\/\/msk.lodz.pl\/en\/author\/a-sowa\/\"}]}<\/script>\n<!-- \/ Yoast SEO plugin. -->","yoast_head_json":{"title":"Dost\u0119pno\u015b\u0107 architektoniczna - O\u015brodek Sztuki (MSK: Polesie) - MSK","robots":{"index":"index","follow":"follow","max-snippet":"max-snippet:-1","max-image-preview":"max-image-preview:large","max-video-preview":"max-video-preview:-1"},"canonical":"https:\/\/msk.lodz.pl\/en\/dostepnosc-architektoniczna-msk-polesie-osrodek-sztuki\/","og_locale":"en_GB","og_type":"article","og_title":"Dost\u0119pno\u015b\u0107 architektoniczna - O\u015brodek Sztuki (MSK: Polesie) - MSK","og_description":"ADRES BUDYNKU: UL. KRZEMIENIECKA 2A, 94-030 \u0141\u00d3D\u0179 OPIS WEJ\u015aCIA DO BUDYNKU: Budynek wolnostoj\u0105cy, ogrodzony. Dla go\u015bci dost\u0119pne s\u0105 dwa wej\u015bcia &#8211;&nbsp; od strony frontu budynku (od ul. Krzemienieckiej) i ogrodu. Do wej\u015bcia od strony frontu prowadz\u0105 schody i z dw\u00f3ch stron podjazdy dla w\u00f3zk\u00f3w. Brak automatycznego otwierania drzwi. Szeroko\u015b\u0107 drzwi wej\u015bciowych i klatki schodowej dostosowana [&hellip;]","og_url":"https:\/\/msk.lodz.pl\/en\/dostepnosc-architektoniczna-msk-polesie-osrodek-sztuki\/","og_site_name":"MSK","article_published_time":"2023-06-05T16:34:39+00:00","article_modified_time":"2026-03-18T09:49:29+00:00","og_image":[{"width":1413,"height":779,"url":"https:\/\/msk.lodz.pl\/wp-content\/uploads\/2025\/12\/1.png","type":"image\/png"}],"author":"Aleksandra Sowa","twitter_card":"summary_large_image","twitter_misc":{"Written by":"Aleksandra Sowa","Estimated reading time":"3 minutes"},"schema":{"@context":"https:\/\/schema.org","@graph":[{"@type":"Article","@id":"https:\/\/msk.lodz.pl\/dostepnosc-architektoniczna-msk-polesie-osrodek-sztuki\/#article","isPartOf":{"@id":"https:\/\/msk.lodz.pl\/dostepnosc-architektoniczna-msk-polesie-osrodek-sztuki\/"},"author":{"name":"Aleksandra Sowa","@id":"https:\/\/msk.lodz.pl\/#\/schema\/person\/7a397b10f9bac91b62bc4836aff6fed8"},"headline":"Dost\u0119pno\u015b\u0107 architektoniczna &#8211; O\u015brodek Sztuki (MSK: Polesie)","datePublished":"2023-06-05T16:34:39+00:00","dateModified":"2026-03-18T09:49:29+00:00","mainEntityOfPage":{"@id":"https:\/\/msk.lodz.pl\/dostepnosc-architektoniczna-msk-polesie-osrodek-sztuki\/"},"wordCount":533,"commentCount":0,"publisher":{"@id":"https:\/\/msk.lodz.pl\/#organization"},"articleSection":["Nie przypisane"],"inLanguage":"en-GB","potentialAction":[{"@type":"CommentAction","name":"Comment","target":["https:\/\/msk.lodz.pl\/dostepnosc-architektoniczna-msk-polesie-osrodek-sztuki\/#respond"]}]},{"@type":"WebPage","@id":"https:\/\/msk.lodz.pl\/dostepnosc-architektoniczna-msk-polesie-osrodek-sztuki\/","url":"https:\/\/msk.lodz.pl\/dostepnosc-architektoniczna-msk-polesie-osrodek-sztuki\/","name":"Dost\u0119pno\u015b\u0107 architektoniczna - O\u015brodek Sztuki (MSK: Polesie) - MSK","isPartOf":{"@id":"https:\/\/msk.lodz.pl\/#website"},"datePublished":"2023-06-05T16:34:39+00:00","dateModified":"2026-03-18T09:49:29+00:00","breadcrumb":{"@id":"https:\/\/msk.lodz.pl\/dostepnosc-architektoniczna-msk-polesie-osrodek-sztuki\/#breadcrumb"},"inLanguage":"en-GB","potentialAction":[{"@type":"ReadAction","target":["https:\/\/msk.lodz.pl\/dostepnosc-architektoniczna-msk-polesie-osrodek-sztuki\/"]}]},{"@type":"BreadcrumbList","@id":"https:\/\/msk.lodz.pl\/dostepnosc-architektoniczna-msk-polesie-osrodek-sztuki\/#breadcrumb","itemListElement":[{"@type":"ListItem","position":1,"name":"Strona g\u0142\u00f3wna","item":"http:\/\/msk.lodz.pl\/en\/"},{"@type":"ListItem","position":2,"name":"Dost\u0119pno\u015b\u0107 architektoniczna &#8211; O\u015brodek Sztuki (MSK: Polesie)"}]},{"@type":"WebSite","@id":"https:\/\/msk.lodz.pl\/#website","url":"https:\/\/msk.lodz.pl\/","name":"MSK - \u0141\u00f3d\u017a","description":"","publisher":{"@id":"https:\/\/msk.lodz.pl\/#organization"},"potentialAction":[{"@type":"SearchAction","target":{"@type":"EntryPoint","urlTemplate":"https:\/\/msk.lodz.pl\/?s={search_term_string}"},"query-input":{"@type":"PropertyValueSpecification","valueRequired":true,"valueName":"search_term_string"}}],"inLanguage":"en-GB"},{"@type":"Organization","@id":"https:\/\/msk.lodz.pl\/#organization","name":"MSK - \u0141\u00f3d\u017a","url":"https:\/\/msk.lodz.pl\/","logo":{"@type":"ImageObject","inLanguage":"en-GB","@id":"https:\/\/msk.lodz.pl\/#\/schema\/logo\/image\/","url":"https:\/\/msk.lodz.pl\/wp-content\/uploads\/2023\/04\/cropped-Fav_icon_MSK.png","contentUrl":"https:\/\/msk.lodz.pl\/wp-content\/uploads\/2023\/04\/cropped-Fav_icon_MSK.png","width":512,"height":512,"caption":"MSK - \u0141\u00f3d\u017a"},"image":{"@id":"https:\/\/msk.lodz.pl\/#\/schema\/logo\/image\/"}},{"@type":"Person","@id":"https:\/\/msk.lodz.pl\/#\/schema\/person\/7a397b10f9bac91b62bc4836aff6fed8","name":"Aleksandra Sowa","image":{"@type":"ImageObject","inLanguage":"en-GB","@id":"https:\/\/msk.lodz.pl\/#\/schema\/person\/image\/","url":"https:\/\/secure.gravatar.com\/avatar\/7d16c1079266eae429b8725d6b8f490a80ccf7fbb4e3b6223f499aa34088ea85?s=96&d=mm&r=g","contentUrl":"https:\/\/secure.gravatar.com\/avatar\/7d16c1079266eae429b8725d6b8f490a80ccf7fbb4e3b6223f499aa34088ea85?s=96&d=mm&r=g","caption":"Aleksandra Sowa"},"url":"https:\/\/msk.lodz.pl\/en\/author\/a-sowa\/"}]}},"_links":{"self":[{"href":"https:\/\/msk.lodz.pl\/en\/wp-json\/wp\/v2\/posts\/11860","targetHints":{"allow":["GET"]}}],"collection":[{"href":"https:\/\/msk.lodz.pl\/en\/wp-json\/wp\/v2\/posts"}],"about":[{"href":"https:\/\/msk.lodz.pl\/en\/wp-json\/wp\/v2\/types\/post"}],"author":[{"embeddable":true,"href":"https:\/\/msk.lodz.pl\/en\/wp-json\/wp\/v2\/users\/3"}],"replies":[{"embeddable":true,"href":"https:\/\/msk.lodz.pl\/en\/wp-json\/wp\/v2\/comments?post=11860"}],"version-history":[{"count":0,"href":"https:\/\/msk.lodz.pl\/en\/wp-json\/wp\/v2\/posts\/11860\/revisions"}],"wp:attachment":[{"href":"https:\/\/msk.lodz.pl\/en\/wp-json\/wp\/v2\/media?parent=11860"}],"wp:term":[{"taxonomy":"category","embeddable":true,"href":"https:\/\/msk.lodz.pl\/en\/wp-json\/wp\/v2\/categories?post=11860"},{"taxonomy":"post_tag","embeddable":true,"href":"https:\/\/msk.lodz.pl\/en\/wp-json\/wp\/v2\/tags?post=11860"}],"curies":[{"name":"wp","href":"https:\/\/api.w.org\/{rel}","templated":true}]}}