{"id":123780,"date":"2025-11-27T11:53:29","date_gmt":"2025-11-27T10:53:29","guid":{"rendered":"https:\/\/msk.lodz.pl\/?p=123780"},"modified":"2025-11-27T11:53:29","modified_gmt":"2025-11-27T10:53:29","slug":"koncert-w-oczekiwaniu-na-swieta","status":"publish","type":"post","link":"https:\/\/msk.lodz.pl\/en\/koncert-w-oczekiwaniu-na-swieta\/","title":{"rendered":"KONCERT \u201eW OCZEKIWANIU NA \u015aWI\u0118TA\u201d"},"content":{"rendered":"<p class=\"has-medium-font-size\"><img decoding=\"async\" height=\"16\" width=\"16\" alt=\"\ud83c\udf84\" data-src=\"https:\/\/static.xx.fbcdn.net\/images\/emoji.php\/v9\/t7\/1\/16\/1f384.png\" src=\"data:image\/gif;base64,R0lGODlhAQABAAAAACH5BAEKAAEALAAAAAABAAEAAAICTAEAOw==\" class=\"lazyload\" style=\"--smush-placeholder-width: 16px; --smush-placeholder-aspect-ratio: 16\/16;\"><noscript><img decoding=\"async\" height=\"16\" width=\"16\" alt=\"\ud83c\udf84\" data-src=\"https:\/\/static.xx.fbcdn.net\/images\/emoji.php\/v9\/t7\/1\/16\/1f384.png\" src=\"data:image\/gif;base64,R0lGODlhAQABAAAAACH5BAEKAAEALAAAAAABAAEAAAICTAEAOw==\" class=\"lazyload\" style=\"--smush-placeholder-width: 16px; --smush-placeholder-aspect-ratio: 16\/16;\"><noscript><img decoding=\"async\" height=\"16\" width=\"16\" alt=\"\ud83c\udf84\" src=\"https:\/\/static.xx.fbcdn.net\/images\/emoji.php\/v9\/t7\/1\/16\/1f384.png\"><\/noscript><\/noscript><img decoding=\"async\" height=\"16\" width=\"16\" alt=\"\u2728\" data-src=\"https:\/\/static.xx.fbcdn.net\/images\/emoji.php\/v9\/tf4\/1\/16\/2728.png\" src=\"data:image\/gif;base64,R0lGODlhAQABAAAAACH5BAEKAAEALAAAAAABAAEAAAICTAEAOw==\" class=\"lazyload\" style=\"--smush-placeholder-width: 16px; --smush-placeholder-aspect-ratio: 16\/16;\"><noscript><img decoding=\"async\" height=\"16\" width=\"16\" alt=\"\u2728\" data-src=\"https:\/\/static.xx.fbcdn.net\/images\/emoji.php\/v9\/tf4\/1\/16\/2728.png\" src=\"data:image\/gif;base64,R0lGODlhAQABAAAAACH5BAEKAAEALAAAAAABAAEAAAICTAEAOw==\" class=\"lazyload\" style=\"--smush-placeholder-width: 16px; --smush-placeholder-aspect-ratio: 16\/16;\"><noscript><img decoding=\"async\" height=\"16\" width=\"16\" alt=\"\u2728\" src=\"https:\/\/static.xx.fbcdn.net\/images\/emoji.php\/v9\/tf4\/1\/16\/2728.png\"><\/noscript><\/noscript> KONCERT \u201eW OCZEKIWANIU NA \u015aWI\u0118TA\u201d \u2013 poczuj magi\u0119 tradycji! <img decoding=\"async\" height=\"16\" width=\"16\" alt=\"\u2728\" data-src=\"https:\/\/static.xx.fbcdn.net\/images\/emoji.php\/v9\/tf4\/1\/16\/2728.png\" src=\"data:image\/gif;base64,R0lGODlhAQABAAAAACH5BAEKAAEALAAAAAABAAEAAAICTAEAOw==\" class=\"lazyload\" style=\"--smush-placeholder-width: 16px; --smush-placeholder-aspect-ratio: 16\/16;\"><noscript><img decoding=\"async\" height=\"16\" width=\"16\" alt=\"\u2728\" data-src=\"https:\/\/static.xx.fbcdn.net\/images\/emoji.php\/v9\/tf4\/1\/16\/2728.png\" src=\"data:image\/gif;base64,R0lGODlhAQABAAAAACH5BAEKAAEALAAAAAABAAEAAAICTAEAOw==\" class=\"lazyload\" style=\"--smush-placeholder-width: 16px; --smush-placeholder-aspect-ratio: 16\/16;\"><noscript><img decoding=\"async\" height=\"16\" width=\"16\" alt=\"\u2728\" src=\"https:\/\/static.xx.fbcdn.net\/images\/emoji.php\/v9\/tf4\/1\/16\/2728.png\"><\/noscript><\/noscript><img decoding=\"async\" height=\"16\" width=\"16\" alt=\"\ud83c\udf84\" data-src=\"https:\/\/static.xx.fbcdn.net\/images\/emoji.php\/v9\/t7\/1\/16\/1f384.png\" src=\"data:image\/gif;base64,R0lGODlhAQABAAAAACH5BAEKAAEALAAAAAABAAEAAAICTAEAOw==\" class=\"lazyload\" style=\"--smush-placeholder-width: 16px; --smush-placeholder-aspect-ratio: 16\/16;\"><noscript><img decoding=\"async\" height=\"16\" width=\"16\" alt=\"\ud83c\udf84\" data-src=\"https:\/\/static.xx.fbcdn.net\/images\/emoji.php\/v9\/t7\/1\/16\/1f384.png\" src=\"data:image\/gif;base64,R0lGODlhAQABAAAAACH5BAEKAAEALAAAAAABAAEAAAICTAEAOw==\" class=\"lazyload\" style=\"--smush-placeholder-width: 16px; --smush-placeholder-aspect-ratio: 16\/16;\"><noscript><img decoding=\"async\" height=\"16\" width=\"16\" alt=\"\ud83c\udf84\" src=\"https:\/\/static.xx.fbcdn.net\/images\/emoji.php\/v9\/t7\/1\/16\/1f384.png\"><\/noscript><\/noscript><\/p>\n\n\n\n<p class=\"has-medium-font-size\"><strong>TERMIN:<\/strong> 13 grudnia 2025 (sobota) godz. 16.00<\/p>\n\n\n\n<p class=\"has-medium-font-size\"><strong>Miejsce realizacji: <\/strong>sala widowiskowa MSK Chojny \u2013 CKM, ul. Lokatorska 13<\/p>\n\n\n\n<p class=\"has-medium-font-size\"><a><\/a>Zapraszamy na wyj\u0105tkowe, pe\u0142ne ciep\u0142a i folklorystycznego uroku spotkanie, kt\u00f3re przeniesie Was prosto w klimat \u015awi\u0105t Bo\u017cego Narodzenia.<\/p>\n\n\n\n<p class=\"has-medium-font-size\">Na naszej scenie wyst\u0105pi\u0105:<\/p>\n\n\n\n<p><\/p>\n\n\n\n<ul class=\"wp-block-list\">\n<li class=\"has-medium-font-size\">Zesp\u00f3\u0142 Pie\u015bni i Ta\u0144ca \u201e\u0141\u00f3d\u017a\u201d<\/li>\n<\/ul>\n\n\n\n<ul class=\"wp-block-list\">\n<li class=\"has-medium-font-size\"> Dzieci\u0119cy Zesp\u00f3\u0142 Pie\u015bni i Ta\u0144ca \u201e\u0141\u00f3deczki\u201d<\/li>\n<\/ul>\n\n\n\n<p class=\"has-medium-font-size\">A to wszystko przy akompaniamencie kapeli ludowej, kt\u00f3rej d\u017awi\u0119ki instrument\u00f3w roz\u015bwietl\u0105 grudniowy wiecz\u00f3r niczym pierwsza gwiazdka.<\/p>\n\n\n\n<p class=\"has-medium-font-size\"><\/p>\n\n\n\n<p class=\"has-medium-font-size\"><strong>Wst\u0119p:<\/strong> 20 z\u0142<\/p>\n\n\n\n<p class=\"has-medium-font-size\"><strong>ILO\u015a\u0106 MIEJSC OGRANICZONA &#8211; BILETY DO NABYCIA:<\/strong><\/p>\n\n\n\n<p class=\"has-medium-font-size\"> <a href=\"https:\/\/msk.lodz.pl\/en\/msk\/koncert-w-oczekiwaniu-na-swieta\/?occurrence=2025-12-13&amp;fbclid=IwZXh0bgNhZW0CMTAAc3J0YwZhcHBfaWQPNTE0NzcxNTY5MjI4MDYxAAEeDBBMzhdnIXJDQJRgJmBp53UfHdyeHa0yjB5txbvPipL2difMmZx5C5-7QAk_aem_5AWxrMKUvU2U1DeRCOA2OQ\" target=\"_blank\" rel=\"noreferrer noopener\">https:\/\/msk.lodz.pl\/msk\/koncert-w-oczekiwaniu-na-swieta\/<\/a><\/p>\n\n\n\n<p><\/p>","protected":false},"excerpt":{"rendered":"<p>KONCERT \u201eW OCZEKIWANIU NA \u015aWI\u0118TA\u201d \u2013 poczuj magi\u0119 tradycji! TERMIN: 13 grudnia 2025 (sobota) godz. 16.00 Miejsce realizacji: sala widowiskowa MSK Chojny \u2013 CKM, ul. Lokatorska 13 Zapraszamy na wyj\u0105tkowe, pe\u0142ne ciep\u0142a i folklorystycznego uroku spotkanie, kt\u00f3re przeniesie Was prosto w klimat \u015awi\u0105t Bo\u017cego Narodzenia. Na naszej scenie wyst\u0105pi\u0105: A to wszystko przy akompaniamencie kapeli [&hellip;]<\/p>","protected":false},"author":25,"featured_media":123181,"comment_status":"closed","ping_status":"","sticky":false,"template":"","format":"standard","meta":{"footnotes":""},"categories":[212,211],"tags":[],"class_list":["post-123780","post","type-post","status-publish","format-standard","has-post-thumbnail","hentry","category-aktualnosci-msk-chojny","category-msk-chojny"],"yoast_head":"<!-- This site is optimized with the Yoast SEO plugin v26.5 - https:\/\/yoast.com\/wordpress\/plugins\/seo\/ -->\n<title>KONCERT \u201eW OCZEKIWANIU NA \u015aWI\u0118TA\u201d - MSK<\/title>\n<meta name=\"robots\" content=\"index, follow, max-snippet:-1, max-image-preview:large, max-video-preview:-1\" \/>\n<link rel=\"canonical\" href=\"http:\/\/msk.lodz.pl\/en\/koncert-w-oczekiwaniu-na-swieta\/\" \/>\n<meta property=\"og:locale\" content=\"en_GB\" \/>\n<meta property=\"og:type\" content=\"article\" \/>\n<meta property=\"og:title\" content=\"KONCERT \u201eW OCZEKIWANIU NA \u015aWI\u0118TA\u201d - MSK\" \/>\n<meta property=\"og:description\" content=\"KONCERT \u201eW OCZEKIWANIU NA \u015aWI\u0118TA\u201d \u2013 poczuj magi\u0119 tradycji! TERMIN: 13 grudnia 2025 (sobota) godz. 16.00 Miejsce realizacji: sala widowiskowa MSK Chojny \u2013 CKM, ul. Lokatorska 13 Zapraszamy na wyj\u0105tkowe, pe\u0142ne ciep\u0142a i folklorystycznego uroku spotkanie, kt\u00f3re przeniesie Was prosto w klimat \u015awi\u0105t Bo\u017cego Narodzenia. Na naszej scenie wyst\u0105pi\u0105: A to wszystko przy akompaniamencie kapeli [&hellip;]\" \/>\n<meta property=\"og:url\" content=\"http:\/\/msk.lodz.pl\/en\/koncert-w-oczekiwaniu-na-swieta\/\" \/>\n<meta property=\"og:site_name\" content=\"MSK\" \/>\n<meta property=\"article:published_time\" content=\"2025-11-27T10:53:29+00:00\" \/>\n<meta property=\"og:image\" content=\"https:\/\/msk.lodz.pl\/wp-content\/uploads\/2025\/09\/1-3.png\" \/>\n\t<meta property=\"og:image:width\" content=\"1414\" \/>\n\t<meta property=\"og:image:height\" content=\"2000\" \/>\n\t<meta property=\"og:image:type\" content=\"image\/png\" \/>\n<meta name=\"author\" content=\"Beata Stelmach\" \/>\n<meta name=\"twitter:card\" content=\"summary_large_image\" \/>\n<meta name=\"twitter:label1\" content=\"Written by\" \/>\n\t<meta name=\"twitter:data1\" content=\"Beata Stelmach\" \/>\n\t<meta name=\"twitter:label2\" content=\"Estimated reading time\" \/>\n\t<meta name=\"twitter:data2\" content=\"1 minute\" \/>\n<script type=\"application\/ld+json\" class=\"yoast-schema-graph\">{\"@context\":\"https:\/\/schema.org\",\"@graph\":[{\"@type\":\"Article\",\"@id\":\"http:\/\/msk.lodz.pl\/en\/koncert-w-oczekiwaniu-na-swieta\/#article\",\"isPartOf\":{\"@id\":\"http:\/\/msk.lodz.pl\/en\/koncert-w-oczekiwaniu-na-swieta\/\"},\"author\":{\"name\":\"Beata Stelmach\",\"@id\":\"https:\/\/msk.lodz.pl\/#\/schema\/person\/9ca48f944abede884e6acd413ab27d0f\"},\"headline\":\"KONCERT \u201eW OCZEKIWANIU NA \u015aWI\u0118TA\u201d\",\"datePublished\":\"2025-11-27T10:53:29+00:00\",\"mainEntityOfPage\":{\"@id\":\"http:\/\/msk.lodz.pl\/en\/koncert-w-oczekiwaniu-na-swieta\/\"},\"wordCount\":111,\"publisher\":{\"@id\":\"https:\/\/msk.lodz.pl\/#organization\"},\"image\":{\"@id\":\"http:\/\/msk.lodz.pl\/en\/koncert-w-oczekiwaniu-na-swieta\/#primaryimage\"},\"thumbnailUrl\":\"https:\/\/msk.lodz.pl\/wp-content\/uploads\/2025\/09\/1-3.png\",\"articleSection\":[\"Aktualno\u015bci\",\"MSK: Chojny\"],\"inLanguage\":\"en-GB\"},{\"@type\":\"WebPage\",\"@id\":\"http:\/\/msk.lodz.pl\/en\/koncert-w-oczekiwaniu-na-swieta\/\",\"url\":\"http:\/\/msk.lodz.pl\/en\/koncert-w-oczekiwaniu-na-swieta\/\",\"name\":\"KONCERT \u201eW OCZEKIWANIU NA \u015aWI\u0118TA\u201d - MSK\",\"isPartOf\":{\"@id\":\"https:\/\/msk.lodz.pl\/#website\"},\"primaryImageOfPage\":{\"@id\":\"http:\/\/msk.lodz.pl\/en\/koncert-w-oczekiwaniu-na-swieta\/#primaryimage\"},\"image\":{\"@id\":\"http:\/\/msk.lodz.pl\/en\/koncert-w-oczekiwaniu-na-swieta\/#primaryimage\"},\"thumbnailUrl\":\"https:\/\/msk.lodz.pl\/wp-content\/uploads\/2025\/09\/1-3.png\",\"datePublished\":\"2025-11-27T10:53:29+00:00\",\"breadcrumb\":{\"@id\":\"http:\/\/msk.lodz.pl\/en\/koncert-w-oczekiwaniu-na-swieta\/#breadcrumb\"},\"inLanguage\":\"en-GB\",\"potentialAction\":[{\"@type\":\"ReadAction\",\"target\":[\"http:\/\/msk.lodz.pl\/en\/koncert-w-oczekiwaniu-na-swieta\/\"]}]},{\"@type\":\"ImageObject\",\"inLanguage\":\"en-GB\",\"@id\":\"http:\/\/msk.lodz.pl\/en\/koncert-w-oczekiwaniu-na-swieta\/#primaryimage\",\"url\":\"https:\/\/msk.lodz.pl\/wp-content\/uploads\/2025\/09\/1-3.png\",\"contentUrl\":\"https:\/\/msk.lodz.pl\/wp-content\/uploads\/2025\/09\/1-3.png\",\"width\":1414,\"height\":2000},{\"@type\":\"BreadcrumbList\",\"@id\":\"http:\/\/msk.lodz.pl\/en\/koncert-w-oczekiwaniu-na-swieta\/#breadcrumb\",\"itemListElement\":[{\"@type\":\"ListItem\",\"position\":1,\"name\":\"Strona g\u0142\u00f3wna\",\"item\":\"http:\/\/msk.lodz.pl\/en\/\"},{\"@type\":\"ListItem\",\"position\":2,\"name\":\"KONCERT \u201eW OCZEKIWANIU NA \u015aWI\u0118TA\u201d\"}]},{\"@type\":\"WebSite\",\"@id\":\"https:\/\/msk.lodz.pl\/#website\",\"url\":\"https:\/\/msk.lodz.pl\/\",\"name\":\"MSK - \u0141\u00f3d\u017a\",\"description\":\"\",\"publisher\":{\"@id\":\"https:\/\/msk.lodz.pl\/#organization\"},\"potentialAction\":[{\"@type\":\"SearchAction\",\"target\":{\"@type\":\"EntryPoint\",\"urlTemplate\":\"https:\/\/msk.lodz.pl\/?s={search_term_string}\"},\"query-input\":{\"@type\":\"PropertyValueSpecification\",\"valueRequired\":true,\"valueName\":\"search_term_string\"}}],\"inLanguage\":\"en-GB\"},{\"@type\":\"Organization\",\"@id\":\"https:\/\/msk.lodz.pl\/#organization\",\"name\":\"MSK - \u0141\u00f3d\u017a\",\"url\":\"https:\/\/msk.lodz.pl\/\",\"logo\":{\"@type\":\"ImageObject\",\"inLanguage\":\"en-GB\",\"@id\":\"https:\/\/msk.lodz.pl\/#\/schema\/logo\/image\/\",\"url\":\"https:\/\/msk.lodz.pl\/wp-content\/uploads\/2023\/04\/cropped-Fav_icon_MSK.png\",\"contentUrl\":\"https:\/\/msk.lodz.pl\/wp-content\/uploads\/2023\/04\/cropped-Fav_icon_MSK.png\",\"width\":512,\"height\":512,\"caption\":\"MSK - \u0141\u00f3d\u017a\"},\"image\":{\"@id\":\"https:\/\/msk.lodz.pl\/#\/schema\/logo\/image\/\"}},{\"@type\":\"Person\",\"@id\":\"https:\/\/msk.lodz.pl\/#\/schema\/person\/9ca48f944abede884e6acd413ab27d0f\",\"name\":\"Beata Stelmach\",\"image\":{\"@type\":\"ImageObject\",\"inLanguage\":\"en-GB\",\"@id\":\"https:\/\/msk.lodz.pl\/#\/schema\/person\/image\/\",\"url\":\"https:\/\/secure.gravatar.com\/avatar\/07dba2b4e3c4585ac0f2ecb9bea6785f1e276c16aac674da70dde71deae98156?s=96&d=mm&r=g\",\"contentUrl\":\"https:\/\/secure.gravatar.com\/avatar\/07dba2b4e3c4585ac0f2ecb9bea6785f1e276c16aac674da70dde71deae98156?s=96&d=mm&r=g\",\"caption\":\"Beata Stelmach\"},\"url\":\"https:\/\/msk.lodz.pl\/en\/author\/beata-stelmach\/\"}]}<\/script>\n<!-- \/ Yoast SEO plugin. -->","yoast_head_json":{"title":"KONCERT \u201eW OCZEKIWANIU NA \u015aWI\u0118TA\u201d - MSK","robots":{"index":"index","follow":"follow","max-snippet":"max-snippet:-1","max-image-preview":"max-image-preview:large","max-video-preview":"max-video-preview:-1"},"canonical":"http:\/\/msk.lodz.pl\/en\/koncert-w-oczekiwaniu-na-swieta\/","og_locale":"en_GB","og_type":"article","og_title":"KONCERT \u201eW OCZEKIWANIU NA \u015aWI\u0118TA\u201d - MSK","og_description":"KONCERT \u201eW OCZEKIWANIU NA \u015aWI\u0118TA\u201d \u2013 poczuj magi\u0119 tradycji! TERMIN: 13 grudnia 2025 (sobota) godz. 16.00 Miejsce realizacji: sala widowiskowa MSK Chojny \u2013 CKM, ul. Lokatorska 13 Zapraszamy na wyj\u0105tkowe, pe\u0142ne ciep\u0142a i folklorystycznego uroku spotkanie, kt\u00f3re przeniesie Was prosto w klimat \u015awi\u0105t Bo\u017cego Narodzenia. Na naszej scenie wyst\u0105pi\u0105: A to wszystko przy akompaniamencie kapeli [&hellip;]","og_url":"http:\/\/msk.lodz.pl\/en\/koncert-w-oczekiwaniu-na-swieta\/","og_site_name":"MSK","article_published_time":"2025-11-27T10:53:29+00:00","og_image":[{"width":1414,"height":2000,"url":"https:\/\/msk.lodz.pl\/wp-content\/uploads\/2025\/09\/1-3.png","type":"image\/png"}],"author":"Beata Stelmach","twitter_card":"summary_large_image","twitter_misc":{"Written by":"Beata Stelmach","Estimated reading time":"1 minute"},"schema":{"@context":"https:\/\/schema.org","@graph":[{"@type":"Article","@id":"http:\/\/msk.lodz.pl\/en\/koncert-w-oczekiwaniu-na-swieta\/#article","isPartOf":{"@id":"http:\/\/msk.lodz.pl\/en\/koncert-w-oczekiwaniu-na-swieta\/"},"author":{"name":"Beata Stelmach","@id":"https:\/\/msk.lodz.pl\/#\/schema\/person\/9ca48f944abede884e6acd413ab27d0f"},"headline":"KONCERT \u201eW OCZEKIWANIU NA \u015aWI\u0118TA\u201d","datePublished":"2025-11-27T10:53:29+00:00","mainEntityOfPage":{"@id":"http:\/\/msk.lodz.pl\/en\/koncert-w-oczekiwaniu-na-swieta\/"},"wordCount":111,"publisher":{"@id":"https:\/\/msk.lodz.pl\/#organization"},"image":{"@id":"http:\/\/msk.lodz.pl\/en\/koncert-w-oczekiwaniu-na-swieta\/#primaryimage"},"thumbnailUrl":"https:\/\/msk.lodz.pl\/wp-content\/uploads\/2025\/09\/1-3.png","articleSection":["Aktualno\u015bci","MSK: Chojny"],"inLanguage":"en-GB"},{"@type":"WebPage","@id":"http:\/\/msk.lodz.pl\/en\/koncert-w-oczekiwaniu-na-swieta\/","url":"http:\/\/msk.lodz.pl\/en\/koncert-w-oczekiwaniu-na-swieta\/","name":"KONCERT \u201eW OCZEKIWANIU NA \u015aWI\u0118TA\u201d - MSK","isPartOf":{"@id":"https:\/\/msk.lodz.pl\/#website"},"primaryImageOfPage":{"@id":"http:\/\/msk.lodz.pl\/en\/koncert-w-oczekiwaniu-na-swieta\/#primaryimage"},"image":{"@id":"http:\/\/msk.lodz.pl\/en\/koncert-w-oczekiwaniu-na-swieta\/#primaryimage"},"thumbnailUrl":"https:\/\/msk.lodz.pl\/wp-content\/uploads\/2025\/09\/1-3.png","datePublished":"2025-11-27T10:53:29+00:00","breadcrumb":{"@id":"http:\/\/msk.lodz.pl\/en\/koncert-w-oczekiwaniu-na-swieta\/#breadcrumb"},"inLanguage":"en-GB","potentialAction":[{"@type":"ReadAction","target":["http:\/\/msk.lodz.pl\/en\/koncert-w-oczekiwaniu-na-swieta\/"]}]},{"@type":"ImageObject","inLanguage":"en-GB","@id":"http:\/\/msk.lodz.pl\/en\/koncert-w-oczekiwaniu-na-swieta\/#primaryimage","url":"https:\/\/msk.lodz.pl\/wp-content\/uploads\/2025\/09\/1-3.png","contentUrl":"https:\/\/msk.lodz.pl\/wp-content\/uploads\/2025\/09\/1-3.png","width":1414,"height":2000},{"@type":"BreadcrumbList","@id":"http:\/\/msk.lodz.pl\/en\/koncert-w-oczekiwaniu-na-swieta\/#breadcrumb","itemListElement":[{"@type":"ListItem","position":1,"name":"Strona g\u0142\u00f3wna","item":"http:\/\/msk.lodz.pl\/en\/"},{"@type":"ListItem","position":2,"name":"KONCERT \u201eW OCZEKIWANIU NA \u015aWI\u0118TA\u201d"}]},{"@type":"WebSite","@id":"https:\/\/msk.lodz.pl\/#website","url":"https:\/\/msk.lodz.pl\/","name":"MSK - \u0141\u00f3d\u017a","description":"","publisher":{"@id":"https:\/\/msk.lodz.pl\/#organization"},"potentialAction":[{"@type":"SearchAction","target":{"@type":"EntryPoint","urlTemplate":"https:\/\/msk.lodz.pl\/?s={search_term_string}"},"query-input":{"@type":"PropertyValueSpecification","valueRequired":true,"valueName":"search_term_string"}}],"inLanguage":"en-GB"},{"@type":"Organization","@id":"https:\/\/msk.lodz.pl\/#organization","name":"MSK - \u0141\u00f3d\u017a","url":"https:\/\/msk.lodz.pl\/","logo":{"@type":"ImageObject","inLanguage":"en-GB","@id":"https:\/\/msk.lodz.pl\/#\/schema\/logo\/image\/","url":"https:\/\/msk.lodz.pl\/wp-content\/uploads\/2023\/04\/cropped-Fav_icon_MSK.png","contentUrl":"https:\/\/msk.lodz.pl\/wp-content\/uploads\/2023\/04\/cropped-Fav_icon_MSK.png","width":512,"height":512,"caption":"MSK - \u0141\u00f3d\u017a"},"image":{"@id":"https:\/\/msk.lodz.pl\/#\/schema\/logo\/image\/"}},{"@type":"Person","@id":"https:\/\/msk.lodz.pl\/#\/schema\/person\/9ca48f944abede884e6acd413ab27d0f","name":"Beata Stelmach","image":{"@type":"ImageObject","inLanguage":"en-GB","@id":"https:\/\/msk.lodz.pl\/#\/schema\/person\/image\/","url":"https:\/\/secure.gravatar.com\/avatar\/07dba2b4e3c4585ac0f2ecb9bea6785f1e276c16aac674da70dde71deae98156?s=96&d=mm&r=g","contentUrl":"https:\/\/secure.gravatar.com\/avatar\/07dba2b4e3c4585ac0f2ecb9bea6785f1e276c16aac674da70dde71deae98156?s=96&d=mm&r=g","caption":"Beata Stelmach"},"url":"https:\/\/msk.lodz.pl\/en\/author\/beata-stelmach\/"}]}},"_links":{"self":[{"href":"https:\/\/msk.lodz.pl\/en\/wp-json\/wp\/v2\/posts\/123780","targetHints":{"allow":["GET"]}}],"collection":[{"href":"https:\/\/msk.lodz.pl\/en\/wp-json\/wp\/v2\/posts"}],"about":[{"href":"https:\/\/msk.lodz.pl\/en\/wp-json\/wp\/v2\/types\/post"}],"author":[{"embeddable":true,"href":"https:\/\/msk.lodz.pl\/en\/wp-json\/wp\/v2\/users\/25"}],"replies":[{"embeddable":true,"href":"https:\/\/msk.lodz.pl\/en\/wp-json\/wp\/v2\/comments?post=123780"}],"version-history":[{"count":0,"href":"https:\/\/msk.lodz.pl\/en\/wp-json\/wp\/v2\/posts\/123780\/revisions"}],"wp:featuredmedia":[{"embeddable":true,"href":"https:\/\/msk.lodz.pl\/en\/wp-json\/wp\/v2\/media\/123181"}],"wp:attachment":[{"href":"https:\/\/msk.lodz.pl\/en\/wp-json\/wp\/v2\/media?parent=123780"}],"wp:term":[{"taxonomy":"category","embeddable":true,"href":"https:\/\/msk.lodz.pl\/en\/wp-json\/wp\/v2\/categories?post=123780"},{"taxonomy":"post_tag","embeddable":true,"href":"https:\/\/msk.lodz.pl\/en\/wp-json\/wp\/v2\/tags?post=123780"}],"curies":[{"name":"wp","href":"https:\/\/api.w.org\/{rel}","templated":true}]}}