{"id":125460,"date":"2025-12-04T09:00:25","date_gmt":"2025-12-04T08:00:25","guid":{"rendered":"https:\/\/msk.lodz.pl\/?p=125460"},"modified":"2025-12-04T10:39:30","modified_gmt":"2025-12-04T09:39:30","slug":"114-wystawa-ekslibrisow","status":"publish","type":"post","link":"https:\/\/msk.lodz.pl\/en\/114-wystawa-ekslibrisow\/","title":{"rendered":"114 Wystawa Ekslibris\u00f3w"},"content":{"rendered":"<p>Zapraszamy na 114 WYSTAW\u0118 EKSLIBRIS\u00d3W, stanowi\u0105c\u0105 podsumowanie dzia\u0142alno\u015bci Widzewskiej Galerii Ekslibrisu: oko\u0142o 60 wystaw autorskich oraz oko\u0142o 60 wystaw <a><\/a>tematycznych.<\/p>\n\n\n\n<p>W 114 Wystawie ekslibris\u00f3w dominuje tematyka \u0142\u00f3dzka (szczeg\u00f3lnie \u0142\u00f3dzkie zabytki), ale te\u017c podr\u00f3\u017ce kosmiczne, ludzie kultury i ekslibrisy familii \u0142\u00f3dzkich, jedynej w tym gronie kobiety, \u0142odzianki Hanny Ewy Sta\u0144skiej.<\/p>\n\n\n\n<p>Ca\u0142y dorobek Galerii, wszystkie katalogi wystaw znajduj\u0105 si\u0119 w Archiwum Pa\u0144stwowym w \u0141odzi, w zakresie zbioru &#8222;Miros\u0142aw Zbigniew Wojalski. Widzewska Galeria Ekslibrisu&#8221;.<\/p>\n\n\n\n<p><\/p>\n\n\n\n<p>Organizatorzy:<\/p>\n\n\n\n<p>Miros\u0142aw Zbigniew Wojalski<\/p>\n\n\n\n<p>Zofia Radzikowska<\/p>\n\n\n\n<p>W\u0142odzimierz Rudnicki<\/p>\n\n\n\n<p><\/p>\n\n\n\n<p><strong>Termin: 6 grudnia godz. 15:00<\/strong><\/p>\n\n\n\n<p><strong>Miejsce: <a href=\"https:\/\/www.facebook.com\/domkultury502?__cft__[0]=AZXE5Q9gOgG4zGA8rMiJj40HOS06v0NCCzUdsSVn9VJ4vZ2oLhse_koPfjzt5JPMgZnIO1AZdeUta_9OLgzYh_GcrXrrgWlOb8P8SM2SXSHRfIsoBx7U3AgNtKcF47Bztq6B3IslyiMrjWJSveCEZWXq501FC4HGC375YmVoS-w68ThZy12mVMxZJm5Mt4XENns&amp;__tn__=-]K-R\">MSK: Widzew Wsch\u00f3d &#8211; Dom Kultury 502<\/a>, ul. Sacharowa 18 w \u0141odzi<\/strong><\/p>\n\n\n\n<p> Wst\u0119p: wolny<\/p>\n\n\n\n<p><\/p>","protected":false},"excerpt":{"rendered":"<p>Zapraszamy na 114 WYSTAW\u0118 EKSLIBRIS\u00d3W, stanowi\u0105c\u0105 podsumowanie dzia\u0142alno\u015bci Widzewskiej Galerii Ekslibrisu: oko\u0142o 60 wystaw autorskich oraz oko\u0142o 60 wystaw tematycznych. W 114 Wystawie ekslibris\u00f3w dominuje tematyka \u0142\u00f3dzka (szczeg\u00f3lnie \u0142\u00f3dzkie zabytki), ale te\u017c podr\u00f3\u017ce kosmiczne, ludzie kultury i ekslibrisy familii \u0142\u00f3dzkich, jedynej w tym gronie kobiety, \u0142odzianki Hanny Ewy Sta\u0144skiej. Ca\u0142y dorobek Galerii, wszystkie katalogi wystaw [&hellip;]<\/p>","protected":false},"author":111,"featured_media":125462,"comment_status":"closed","ping_status":"","sticky":false,"template":"","format":"standard","meta":{"footnotes":""},"categories":[227],"tags":[872,281],"class_list":["post-125460","post","type-post","status-publish","format-standard","has-post-thumbnail","hentry","category-aktualnosci-msk-widzew-wschod","tag-ekslibris","tag-wystawa"],"yoast_head":"<!-- This site is optimized with the Yoast SEO plugin v26.5 - https:\/\/yoast.com\/wordpress\/plugins\/seo\/ -->\n<title>114 Wystawa Ekslibris\u00f3w - MSK<\/title>\n<meta name=\"robots\" content=\"index, follow, max-snippet:-1, max-image-preview:large, max-video-preview:-1\" \/>\n<link rel=\"canonical\" href=\"https:\/\/msk.lodz.pl\/en\/114-wystawa-ekslibrisow\/\" \/>\n<meta property=\"og:locale\" content=\"en_GB\" \/>\n<meta property=\"og:type\" content=\"article\" \/>\n<meta property=\"og:title\" content=\"114 Wystawa Ekslibris\u00f3w - MSK\" \/>\n<meta property=\"og:description\" content=\"Zapraszamy na 114 WYSTAW\u0118 EKSLIBRIS\u00d3W, stanowi\u0105c\u0105 podsumowanie dzia\u0142alno\u015bci Widzewskiej Galerii Ekslibrisu: oko\u0142o 60 wystaw autorskich oraz oko\u0142o 60 wystaw tematycznych. W 114 Wystawie ekslibris\u00f3w dominuje tematyka \u0142\u00f3dzka (szczeg\u00f3lnie \u0142\u00f3dzkie zabytki), ale te\u017c podr\u00f3\u017ce kosmiczne, ludzie kultury i ekslibrisy familii \u0142\u00f3dzkich, jedynej w tym gronie kobiety, \u0142odzianki Hanny Ewy Sta\u0144skiej. Ca\u0142y dorobek Galerii, wszystkie katalogi wystaw [&hellip;]\" \/>\n<meta property=\"og:url\" content=\"https:\/\/msk.lodz.pl\/en\/114-wystawa-ekslibrisow\/\" \/>\n<meta property=\"og:site_name\" content=\"MSK\" \/>\n<meta property=\"article:published_time\" content=\"2025-12-04T08:00:25+00:00\" \/>\n<meta property=\"article:modified_time\" content=\"2025-12-04T09:39:30+00:00\" \/>\n<meta property=\"og:image\" content=\"https:\/\/msk.lodz.pl\/wp-content\/uploads\/2025\/12\/amk.png\" \/>\n\t<meta property=\"og:image:width\" content=\"1414\" \/>\n\t<meta property=\"og:image:height\" content=\"2000\" \/>\n\t<meta property=\"og:image:type\" content=\"image\/png\" \/>\n<meta name=\"author\" content=\"Irmina Roter-Gawlowska\" \/>\n<meta name=\"twitter:card\" content=\"summary_large_image\" \/>\n<meta name=\"twitter:label1\" content=\"Written by\" \/>\n\t<meta name=\"twitter:data1\" content=\"Irmina Roter-Gawlowska\" \/>\n\t<meta name=\"twitter:label2\" content=\"Estimated reading time\" \/>\n\t<meta name=\"twitter:data2\" content=\"1 minute\" \/>\n<script type=\"application\/ld+json\" class=\"yoast-schema-graph\">{\"@context\":\"https:\/\/schema.org\",\"@graph\":[{\"@type\":\"Article\",\"@id\":\"https:\/\/msk.lodz.pl\/114-wystawa-ekslibrisow\/#article\",\"isPartOf\":{\"@id\":\"https:\/\/msk.lodz.pl\/114-wystawa-ekslibrisow\/\"},\"author\":{\"name\":\"Irmina Roter-Gawlowska\",\"@id\":\"https:\/\/msk.lodz.pl\/#\/schema\/person\/c8bd14914498164f73a777a9927264c3\"},\"headline\":\"114 Wystawa Ekslibris\u00f3w\",\"datePublished\":\"2025-12-04T08:00:25+00:00\",\"dateModified\":\"2025-12-04T09:39:30+00:00\",\"mainEntityOfPage\":{\"@id\":\"https:\/\/msk.lodz.pl\/114-wystawa-ekslibrisow\/\"},\"wordCount\":111,\"publisher\":{\"@id\":\"https:\/\/msk.lodz.pl\/#organization\"},\"image\":{\"@id\":\"https:\/\/msk.lodz.pl\/114-wystawa-ekslibrisow\/#primaryimage\"},\"thumbnailUrl\":\"https:\/\/msk.lodz.pl\/wp-content\/uploads\/2025\/12\/amk.png\",\"keywords\":[\"ekslibris\",\"Wystawa\"],\"articleSection\":[\"Aktualno\u015bci\"],\"inLanguage\":\"en-GB\"},{\"@type\":\"WebPage\",\"@id\":\"https:\/\/msk.lodz.pl\/114-wystawa-ekslibrisow\/\",\"url\":\"https:\/\/msk.lodz.pl\/114-wystawa-ekslibrisow\/\",\"name\":\"114 Wystawa Ekslibris\u00f3w - MSK\",\"isPartOf\":{\"@id\":\"https:\/\/msk.lodz.pl\/#website\"},\"primaryImageOfPage\":{\"@id\":\"https:\/\/msk.lodz.pl\/114-wystawa-ekslibrisow\/#primaryimage\"},\"image\":{\"@id\":\"https:\/\/msk.lodz.pl\/114-wystawa-ekslibrisow\/#primaryimage\"},\"thumbnailUrl\":\"https:\/\/msk.lodz.pl\/wp-content\/uploads\/2025\/12\/amk.png\",\"datePublished\":\"2025-12-04T08:00:25+00:00\",\"dateModified\":\"2025-12-04T09:39:30+00:00\",\"breadcrumb\":{\"@id\":\"https:\/\/msk.lodz.pl\/114-wystawa-ekslibrisow\/#breadcrumb\"},\"inLanguage\":\"en-GB\",\"potentialAction\":[{\"@type\":\"ReadAction\",\"target\":[\"https:\/\/msk.lodz.pl\/114-wystawa-ekslibrisow\/\"]}]},{\"@type\":\"ImageObject\",\"inLanguage\":\"en-GB\",\"@id\":\"https:\/\/msk.lodz.pl\/114-wystawa-ekslibrisow\/#primaryimage\",\"url\":\"https:\/\/msk.lodz.pl\/wp-content\/uploads\/2025\/12\/amk.png\",\"contentUrl\":\"https:\/\/msk.lodz.pl\/wp-content\/uploads\/2025\/12\/amk.png\",\"width\":1414,\"height\":2000},{\"@type\":\"BreadcrumbList\",\"@id\":\"https:\/\/msk.lodz.pl\/114-wystawa-ekslibrisow\/#breadcrumb\",\"itemListElement\":[{\"@type\":\"ListItem\",\"position\":1,\"name\":\"Strona g\u0142\u00f3wna\",\"item\":\"http:\/\/msk.lodz.pl\/en\/\"},{\"@type\":\"ListItem\",\"position\":2,\"name\":\"114 Wystawa Ekslibris\u00f3w\"}]},{\"@type\":\"WebSite\",\"@id\":\"https:\/\/msk.lodz.pl\/#website\",\"url\":\"https:\/\/msk.lodz.pl\/\",\"name\":\"MSK - \u0141\u00f3d\u017a\",\"description\":\"\",\"publisher\":{\"@id\":\"https:\/\/msk.lodz.pl\/#organization\"},\"potentialAction\":[{\"@type\":\"SearchAction\",\"target\":{\"@type\":\"EntryPoint\",\"urlTemplate\":\"https:\/\/msk.lodz.pl\/?s={search_term_string}\"},\"query-input\":{\"@type\":\"PropertyValueSpecification\",\"valueRequired\":true,\"valueName\":\"search_term_string\"}}],\"inLanguage\":\"en-GB\"},{\"@type\":\"Organization\",\"@id\":\"https:\/\/msk.lodz.pl\/#organization\",\"name\":\"MSK - \u0141\u00f3d\u017a\",\"url\":\"https:\/\/msk.lodz.pl\/\",\"logo\":{\"@type\":\"ImageObject\",\"inLanguage\":\"en-GB\",\"@id\":\"https:\/\/msk.lodz.pl\/#\/schema\/logo\/image\/\",\"url\":\"https:\/\/msk.lodz.pl\/wp-content\/uploads\/2023\/04\/cropped-Fav_icon_MSK.png\",\"contentUrl\":\"https:\/\/msk.lodz.pl\/wp-content\/uploads\/2023\/04\/cropped-Fav_icon_MSK.png\",\"width\":512,\"height\":512,\"caption\":\"MSK - \u0141\u00f3d\u017a\"},\"image\":{\"@id\":\"https:\/\/msk.lodz.pl\/#\/schema\/logo\/image\/\"}},{\"@type\":\"Person\",\"@id\":\"https:\/\/msk.lodz.pl\/#\/schema\/person\/c8bd14914498164f73a777a9927264c3\",\"name\":\"Irmina Roter-Gawlowska\",\"image\":{\"@type\":\"ImageObject\",\"inLanguage\":\"en-GB\",\"@id\":\"https:\/\/msk.lodz.pl\/#\/schema\/person\/image\/\",\"url\":\"https:\/\/secure.gravatar.com\/avatar\/19115b5d24aae3e22d3d31a78586e7509f8fede168c818b959e7487887af22c5?s=96&d=mm&r=g\",\"contentUrl\":\"https:\/\/secure.gravatar.com\/avatar\/19115b5d24aae3e22d3d31a78586e7509f8fede168c818b959e7487887af22c5?s=96&d=mm&r=g\",\"caption\":\"Irmina Roter-Gawlowska\"},\"url\":\"https:\/\/msk.lodz.pl\/en\/author\/irmina-roter-gawlowska\/\"}]}<\/script>\n<!-- \/ Yoast SEO plugin. -->","yoast_head_json":{"title":"114 Wystawa Ekslibris\u00f3w - MSK","robots":{"index":"index","follow":"follow","max-snippet":"max-snippet:-1","max-image-preview":"max-image-preview:large","max-video-preview":"max-video-preview:-1"},"canonical":"https:\/\/msk.lodz.pl\/en\/114-wystawa-ekslibrisow\/","og_locale":"en_GB","og_type":"article","og_title":"114 Wystawa Ekslibris\u00f3w - MSK","og_description":"Zapraszamy na 114 WYSTAW\u0118 EKSLIBRIS\u00d3W, stanowi\u0105c\u0105 podsumowanie dzia\u0142alno\u015bci Widzewskiej Galerii Ekslibrisu: oko\u0142o 60 wystaw autorskich oraz oko\u0142o 60 wystaw tematycznych. W 114 Wystawie ekslibris\u00f3w dominuje tematyka \u0142\u00f3dzka (szczeg\u00f3lnie \u0142\u00f3dzkie zabytki), ale te\u017c podr\u00f3\u017ce kosmiczne, ludzie kultury i ekslibrisy familii \u0142\u00f3dzkich, jedynej w tym gronie kobiety, \u0142odzianki Hanny Ewy Sta\u0144skiej. Ca\u0142y dorobek Galerii, wszystkie katalogi wystaw [&hellip;]","og_url":"https:\/\/msk.lodz.pl\/en\/114-wystawa-ekslibrisow\/","og_site_name":"MSK","article_published_time":"2025-12-04T08:00:25+00:00","article_modified_time":"2025-12-04T09:39:30+00:00","og_image":[{"width":1414,"height":2000,"url":"https:\/\/msk.lodz.pl\/wp-content\/uploads\/2025\/12\/amk.png","type":"image\/png"}],"author":"Irmina Roter-Gawlowska","twitter_card":"summary_large_image","twitter_misc":{"Written by":"Irmina Roter-Gawlowska","Estimated reading time":"1 minute"},"schema":{"@context":"https:\/\/schema.org","@graph":[{"@type":"Article","@id":"https:\/\/msk.lodz.pl\/114-wystawa-ekslibrisow\/#article","isPartOf":{"@id":"https:\/\/msk.lodz.pl\/114-wystawa-ekslibrisow\/"},"author":{"name":"Irmina Roter-Gawlowska","@id":"https:\/\/msk.lodz.pl\/#\/schema\/person\/c8bd14914498164f73a777a9927264c3"},"headline":"114 Wystawa Ekslibris\u00f3w","datePublished":"2025-12-04T08:00:25+00:00","dateModified":"2025-12-04T09:39:30+00:00","mainEntityOfPage":{"@id":"https:\/\/msk.lodz.pl\/114-wystawa-ekslibrisow\/"},"wordCount":111,"publisher":{"@id":"https:\/\/msk.lodz.pl\/#organization"},"image":{"@id":"https:\/\/msk.lodz.pl\/114-wystawa-ekslibrisow\/#primaryimage"},"thumbnailUrl":"https:\/\/msk.lodz.pl\/wp-content\/uploads\/2025\/12\/amk.png","keywords":["ekslibris","Wystawa"],"articleSection":["Aktualno\u015bci"],"inLanguage":"en-GB"},{"@type":"WebPage","@id":"https:\/\/msk.lodz.pl\/114-wystawa-ekslibrisow\/","url":"https:\/\/msk.lodz.pl\/114-wystawa-ekslibrisow\/","name":"114 Wystawa Ekslibris\u00f3w - MSK","isPartOf":{"@id":"https:\/\/msk.lodz.pl\/#website"},"primaryImageOfPage":{"@id":"https:\/\/msk.lodz.pl\/114-wystawa-ekslibrisow\/#primaryimage"},"image":{"@id":"https:\/\/msk.lodz.pl\/114-wystawa-ekslibrisow\/#primaryimage"},"thumbnailUrl":"https:\/\/msk.lodz.pl\/wp-content\/uploads\/2025\/12\/amk.png","datePublished":"2025-12-04T08:00:25+00:00","dateModified":"2025-12-04T09:39:30+00:00","breadcrumb":{"@id":"https:\/\/msk.lodz.pl\/114-wystawa-ekslibrisow\/#breadcrumb"},"inLanguage":"en-GB","potentialAction":[{"@type":"ReadAction","target":["https:\/\/msk.lodz.pl\/114-wystawa-ekslibrisow\/"]}]},{"@type":"ImageObject","inLanguage":"en-GB","@id":"https:\/\/msk.lodz.pl\/114-wystawa-ekslibrisow\/#primaryimage","url":"https:\/\/msk.lodz.pl\/wp-content\/uploads\/2025\/12\/amk.png","contentUrl":"https:\/\/msk.lodz.pl\/wp-content\/uploads\/2025\/12\/amk.png","width":1414,"height":2000},{"@type":"BreadcrumbList","@id":"https:\/\/msk.lodz.pl\/114-wystawa-ekslibrisow\/#breadcrumb","itemListElement":[{"@type":"ListItem","position":1,"name":"Strona g\u0142\u00f3wna","item":"http:\/\/msk.lodz.pl\/en\/"},{"@type":"ListItem","position":2,"name":"114 Wystawa Ekslibris\u00f3w"}]},{"@type":"WebSite","@id":"https:\/\/msk.lodz.pl\/#website","url":"https:\/\/msk.lodz.pl\/","name":"MSK - \u0141\u00f3d\u017a","description":"","publisher":{"@id":"https:\/\/msk.lodz.pl\/#organization"},"potentialAction":[{"@type":"SearchAction","target":{"@type":"EntryPoint","urlTemplate":"https:\/\/msk.lodz.pl\/?s={search_term_string}"},"query-input":{"@type":"PropertyValueSpecification","valueRequired":true,"valueName":"search_term_string"}}],"inLanguage":"en-GB"},{"@type":"Organization","@id":"https:\/\/msk.lodz.pl\/#organization","name":"MSK - \u0141\u00f3d\u017a","url":"https:\/\/msk.lodz.pl\/","logo":{"@type":"ImageObject","inLanguage":"en-GB","@id":"https:\/\/msk.lodz.pl\/#\/schema\/logo\/image\/","url":"https:\/\/msk.lodz.pl\/wp-content\/uploads\/2023\/04\/cropped-Fav_icon_MSK.png","contentUrl":"https:\/\/msk.lodz.pl\/wp-content\/uploads\/2023\/04\/cropped-Fav_icon_MSK.png","width":512,"height":512,"caption":"MSK - \u0141\u00f3d\u017a"},"image":{"@id":"https:\/\/msk.lodz.pl\/#\/schema\/logo\/image\/"}},{"@type":"Person","@id":"https:\/\/msk.lodz.pl\/#\/schema\/person\/c8bd14914498164f73a777a9927264c3","name":"Irmina Roter-Gawlowska","image":{"@type":"ImageObject","inLanguage":"en-GB","@id":"https:\/\/msk.lodz.pl\/#\/schema\/person\/image\/","url":"https:\/\/secure.gravatar.com\/avatar\/19115b5d24aae3e22d3d31a78586e7509f8fede168c818b959e7487887af22c5?s=96&d=mm&r=g","contentUrl":"https:\/\/secure.gravatar.com\/avatar\/19115b5d24aae3e22d3d31a78586e7509f8fede168c818b959e7487887af22c5?s=96&d=mm&r=g","caption":"Irmina Roter-Gawlowska"},"url":"https:\/\/msk.lodz.pl\/en\/author\/irmina-roter-gawlowska\/"}]}},"_links":{"self":[{"href":"https:\/\/msk.lodz.pl\/en\/wp-json\/wp\/v2\/posts\/125460","targetHints":{"allow":["GET"]}}],"collection":[{"href":"https:\/\/msk.lodz.pl\/en\/wp-json\/wp\/v2\/posts"}],"about":[{"href":"https:\/\/msk.lodz.pl\/en\/wp-json\/wp\/v2\/types\/post"}],"author":[{"embeddable":true,"href":"https:\/\/msk.lodz.pl\/en\/wp-json\/wp\/v2\/users\/111"}],"replies":[{"embeddable":true,"href":"https:\/\/msk.lodz.pl\/en\/wp-json\/wp\/v2\/comments?post=125460"}],"version-history":[{"count":0,"href":"https:\/\/msk.lodz.pl\/en\/wp-json\/wp\/v2\/posts\/125460\/revisions"}],"wp:featuredmedia":[{"embeddable":true,"href":"https:\/\/msk.lodz.pl\/en\/wp-json\/wp\/v2\/media\/125462"}],"wp:attachment":[{"href":"https:\/\/msk.lodz.pl\/en\/wp-json\/wp\/v2\/media?parent=125460"}],"wp:term":[{"taxonomy":"category","embeddable":true,"href":"https:\/\/msk.lodz.pl\/en\/wp-json\/wp\/v2\/categories?post=125460"},{"taxonomy":"post_tag","embeddable":true,"href":"https:\/\/msk.lodz.pl\/en\/wp-json\/wp\/v2\/tags?post=125460"}],"curies":[{"name":"wp","href":"https:\/\/api.w.org\/{rel}","templated":true}]}}