{"id":131405,"date":"2026-01-09T11:31:38","date_gmt":"2026-01-09T10:31:38","guid":{"rendered":"https:\/\/msk.lodz.pl\/?p=131405"},"modified":"2026-01-09T11:31:43","modified_gmt":"2026-01-09T10:31:43","slug":"czlowieku-podaj-lape-vi-edycja-akcji-charytatywnej","status":"publish","type":"post","link":"https:\/\/msk.lodz.pl\/en\/czlowieku-podaj-lape-vi-edycja-akcji-charytatywnej\/","title":{"rendered":"&#8222;CZ\u0141OWIEKU PODAJ \u0141AP\u0118&#8221; &#8211; VI edycja akcji charytatywnej"},"content":{"rendered":"<p><\/p>\n\n\n\n<p class=\"has-medium-font-size\"><strong>AKCJA CHARYTATYWNA \u201eCZ\u0141OWIEKU PODAJ \u0141AP\u0118&#8221;<\/strong>\u00a0<strong>&#8211; \u00a0to ju\u017c 6 edycja\u00a0<\/strong>realizowanej na terenie MSK w \u0141odzi oraz w wybranych \u0142\u00f3dzkich szko\u0142ach, bibliotekach i plac\u00f3wkach o\u015bwiatowo \u2013 edukacyjnych zbi\u00f3rki pokarm\u00f3w i akcesori\u00f3w <strong>dla podopiecznych Fundacji \u201eNiechciane \u2013 Zapomniane&#8221;\u00a0\u2013 SOS dla Zwierz\u0105t.<\/strong> <strong>Inicjatorami akcji s\u0105: Zesp\u00f3\u0142 Pie\u015bni i Ta\u0144ca \u201e\u0141\u00f3d\u017a&#8221; oraz Dzieci\u0119cy Zesp\u00f3\u0142 Pie\u015bni i Ta\u0144ca &#8222;\u0141\u00f3deczki&#8221;.<\/strong><\/p>\n\n\n\n<p class=\"has-medium-font-size\"><strong>Zbi\u00f3rka jest zarejestrowana&nbsp;<\/strong><strong>w<\/strong>&nbsp;<strong>Ministerstwie Spraw Wewn\u0119trznych i Administracji&nbsp;<\/strong><strong>pod numerem: 2026\/9\/KS&nbsp;<\/strong><\/p>\n\n\n\n<p class=\"has-medium-font-size\"><strong>Termin zbi\u00f3rki:<\/strong>&nbsp;07.01.2026r. &#8211; 20.02.2026r.<\/p>\n\n\n\n<p class=\"has-medium-font-size\"><strong>Co zbieramy:<\/strong><\/p>\n\n\n\n<p class=\"has-medium-font-size\">&#8211; karm\u0119 mokr\u0105 i such\u0105 dla ps\u00f3w i kot\u00f3w, najlepiej Dolina Noteci, Rafi, Animoda, Rocco Gastrointestinal pies<\/p>\n\n\n\n<p class=\"has-medium-font-size\">&#8211; \u017cwirek dla kot\u00f3w<\/p>\n\n\n\n<p class=\"has-medium-font-size\">&#8211; naturalne \u017cwacze i przysmaki, psi ciasteczka<\/p>\n\n\n\n<p class=\"has-medium-font-size\">&#8211; marchewki, buraki i jab\u0142ka<\/p>\n\n\n\n<p class=\"has-medium-font-size\">&#8211; koce, r\u0119czniki, prze\u015bcierad\u0142a<\/p>\n\n\n\n<p class=\"has-medium-font-size\">&#8211; r\u0119czniki papierowe, worki na \u015bmieci<\/p>\n\n\n\n<p class=\"has-medium-font-size\">&#8211; p\u0142yny do pod\u0142ug, domestosy, odt\u0142uszczacze i proszki do prania<\/p>\n\n\n\n<p class=\"has-medium-font-size\">&#8211; r\u0119kawiczki nitrylowe M i L<\/p>\n\n\n\n<p><\/p>\n\n\n\n<p class=\"has-medium-font-size\"><strong>GDZIE MO\u017bNA PRZYNIE\u015a\u0106 DARY:<\/strong> Zapraszamy do siedziby MSK: Chojny &#8211; Centrum Kultury M\u0142odych przy ul. Lokatorskiej 13 oraz do innych Filii MSK w \u0141odzi, od poniedzia\u0142ku do pi\u0105tku, w godzinach pracy instytucji.<\/p>\n\n\n\n<p class=\"has-medium-font-size\"><strong>22.02.2026r.<\/strong> <strong>11.00 am\u00a0<\/strong>\u2013 fina\u0142 akcji \u201eCz\u0142owieku podaj \u0142ap\u0119&#8221; \u2013 koncert charytatywny zrealizowany na sali widowiskowej MSK: Chojny \u2013 Centrum Kultury M\u0142odych \u2013 koncertowi towarzyszy\u0107 b\u0119dzie zbi\u00f3rka pokarm\u00f3w i akcesori\u00f3w dla Fundacji \u201eNiechciane \u2013 Zapomniane&#8221;<\/p>\n\n\n\n<p class=\"has-medium-font-size\"><strong>Z ko\u0144cem lutego 2026r.<\/strong>&nbsp;\u2013 nast\u0105pi przekazanie dar\u00f3w do schroniska Fundacji &#8222;Niechciane &#8211; Zapomniane&#8221; \u2013 \u0141\u00f3d\u017a, ul. Malownicza 82<\/p>\n\n\n\n<p class=\"has-medium-font-size\"><strong>ZAPRASZAMY DO POMOCY<\/strong> &#8211; Zach\u0119camy wszystkich, kt\u00f3rym los zwierz\u0105t nie jest oboj\u0119tny, do udzia\u0142u w zbi\u00f3rce i koncercie. Razem mo\u017cemy sprawi\u0107, \u017ce \u015bwiat stanie si\u0119 lepszym miejscem \u2013 r\u00f3wnie\u017c dla naszych czworono\u017cnych przyjaci\u00f3\u0142.<\/p>\n\n\n\n<p class=\"has-medium-font-size\"><\/p>","protected":false},"excerpt":{"rendered":"<p>AKCJA CHARYTATYWNA \u201eCZ\u0141OWIEKU PODAJ \u0141AP\u0118&#8221;\u00a0&#8211; \u00a0to ju\u017c 6 edycja\u00a0realizowanej na terenie MSK w \u0141odzi oraz w wybranych \u0142\u00f3dzkich szko\u0142ach, bibliotekach i plac\u00f3wkach o\u015bwiatowo \u2013 edukacyjnych zbi\u00f3rki pokarm\u00f3w i akcesori\u00f3w dla podopiecznych Fundacji \u201eNiechciane \u2013 Zapomniane&#8221;\u00a0\u2013 SOS dla Zwierz\u0105t. Inicjatorami akcji s\u0105: Zesp\u00f3\u0142 Pie\u015bni i Ta\u0144ca \u201e\u0141\u00f3d\u017a&#8221; oraz Dzieci\u0119cy Zesp\u00f3\u0142 Pie\u015bni i Ta\u0144ca &#8222;\u0141\u00f3deczki&#8221;. Zbi\u00f3rka jest [&hellip;]<\/p>","protected":false},"author":25,"featured_media":131406,"comment_status":"closed","ping_status":"closed","sticky":false,"template":"","format":"standard","meta":{"footnotes":""},"categories":[212,211],"tags":[],"class_list":["post-131405","post","type-post","status-publish","format-standard","has-post-thumbnail","hentry","category-aktualnosci-msk-chojny","category-msk-chojny"],"yoast_head":"<!-- This site is optimized with the Yoast SEO plugin v26.5 - https:\/\/yoast.com\/wordpress\/plugins\/seo\/ -->\n<title>&quot;CZ\u0141OWIEKU PODAJ \u0141AP\u0118&quot; - VI edycja akcji charytatywnej - MSK<\/title>\n<meta name=\"robots\" content=\"index, follow, max-snippet:-1, max-image-preview:large, max-video-preview:-1\" \/>\n<link rel=\"canonical\" href=\"https:\/\/msk.lodz.pl\/en\/czlowieku-podaj-lape-vi-edycja-akcji-charytatywnej\/\" \/>\n<meta property=\"og:locale\" content=\"en_GB\" \/>\n<meta property=\"og:type\" content=\"article\" \/>\n<meta property=\"og:title\" content=\"&quot;CZ\u0141OWIEKU PODAJ \u0141AP\u0118&quot; - VI edycja akcji charytatywnej - MSK\" \/>\n<meta property=\"og:description\" content=\"AKCJA CHARYTATYWNA \u201eCZ\u0141OWIEKU PODAJ \u0141AP\u0118&#8221;\u00a0&#8211; \u00a0to ju\u017c 6 edycja\u00a0realizowanej na terenie MSK w \u0141odzi oraz w wybranych \u0142\u00f3dzkich szko\u0142ach, bibliotekach i plac\u00f3wkach o\u015bwiatowo \u2013 edukacyjnych zbi\u00f3rki pokarm\u00f3w i akcesori\u00f3w dla podopiecznych Fundacji \u201eNiechciane \u2013 Zapomniane&#8221;\u00a0\u2013 SOS dla Zwierz\u0105t. Inicjatorami akcji s\u0105: Zesp\u00f3\u0142 Pie\u015bni i Ta\u0144ca \u201e\u0141\u00f3d\u017a&#8221; oraz Dzieci\u0119cy Zesp\u00f3\u0142 Pie\u015bni i Ta\u0144ca &#8222;\u0141\u00f3deczki&#8221;. Zbi\u00f3rka jest [&hellip;]\" \/>\n<meta property=\"og:url\" content=\"https:\/\/msk.lodz.pl\/en\/czlowieku-podaj-lape-vi-edycja-akcji-charytatywnej\/\" \/>\n<meta property=\"og:site_name\" content=\"MSK\" \/>\n<meta property=\"article:published_time\" content=\"2026-01-09T10:31:38+00:00\" \/>\n<meta property=\"article:modified_time\" content=\"2026-01-09T10:31:43+00:00\" \/>\n<meta property=\"og:image\" content=\"https:\/\/msk.lodz.pl\/wp-content\/uploads\/2026\/01\/plakat-MSk-Chojny.jpg\" \/>\n\t<meta property=\"og:image:width\" content=\"1448\" \/>\n\t<meta property=\"og:image:height\" content=\"2048\" \/>\n\t<meta property=\"og:image:type\" content=\"image\/jpeg\" \/>\n<meta name=\"author\" content=\"Beata Stelmach\" \/>\n<meta name=\"twitter:card\" content=\"summary_large_image\" \/>\n<meta name=\"twitter:label1\" content=\"Written by\" \/>\n\t<meta name=\"twitter:data1\" content=\"Beata Stelmach\" \/>\n\t<meta name=\"twitter:label2\" content=\"Estimated reading time\" \/>\n\t<meta name=\"twitter:data2\" content=\"2 minutes\" \/>\n<script type=\"application\/ld+json\" class=\"yoast-schema-graph\">{\"@context\":\"https:\/\/schema.org\",\"@graph\":[{\"@type\":\"Article\",\"@id\":\"https:\/\/msk.lodz.pl\/czlowieku-podaj-lape-vi-edycja-akcji-charytatywnej\/#article\",\"isPartOf\":{\"@id\":\"https:\/\/msk.lodz.pl\/czlowieku-podaj-lape-vi-edycja-akcji-charytatywnej\/\"},\"author\":{\"name\":\"Beata Stelmach\",\"@id\":\"https:\/\/msk.lodz.pl\/#\/schema\/person\/9ca48f944abede884e6acd413ab27d0f\"},\"headline\":\"&#8222;CZ\u0141OWIEKU PODAJ \u0141AP\u0118&#8221; &#8211; VI edycja akcji charytatywnej\",\"datePublished\":\"2026-01-09T10:31:38+00:00\",\"dateModified\":\"2026-01-09T10:31:43+00:00\",\"mainEntityOfPage\":{\"@id\":\"https:\/\/msk.lodz.pl\/czlowieku-podaj-lape-vi-edycja-akcji-charytatywnej\/\"},\"wordCount\":303,\"publisher\":{\"@id\":\"https:\/\/msk.lodz.pl\/#organization\"},\"image\":{\"@id\":\"https:\/\/msk.lodz.pl\/czlowieku-podaj-lape-vi-edycja-akcji-charytatywnej\/#primaryimage\"},\"thumbnailUrl\":\"https:\/\/msk.lodz.pl\/wp-content\/uploads\/2026\/01\/plakat-MSk-Chojny.jpg\",\"articleSection\":[\"Aktualno\u015bci\",\"MSK: Chojny\"],\"inLanguage\":\"en-GB\"},{\"@type\":\"WebPage\",\"@id\":\"https:\/\/msk.lodz.pl\/czlowieku-podaj-lape-vi-edycja-akcji-charytatywnej\/\",\"url\":\"https:\/\/msk.lodz.pl\/czlowieku-podaj-lape-vi-edycja-akcji-charytatywnej\/\",\"name\":\"\\\"CZ\u0141OWIEKU PODAJ \u0141AP\u0118\\\" - VI edycja akcji charytatywnej - MSK\",\"isPartOf\":{\"@id\":\"https:\/\/msk.lodz.pl\/#website\"},\"primaryImageOfPage\":{\"@id\":\"https:\/\/msk.lodz.pl\/czlowieku-podaj-lape-vi-edycja-akcji-charytatywnej\/#primaryimage\"},\"image\":{\"@id\":\"https:\/\/msk.lodz.pl\/czlowieku-podaj-lape-vi-edycja-akcji-charytatywnej\/#primaryimage\"},\"thumbnailUrl\":\"https:\/\/msk.lodz.pl\/wp-content\/uploads\/2026\/01\/plakat-MSk-Chojny.jpg\",\"datePublished\":\"2026-01-09T10:31:38+00:00\",\"dateModified\":\"2026-01-09T10:31:43+00:00\",\"breadcrumb\":{\"@id\":\"https:\/\/msk.lodz.pl\/czlowieku-podaj-lape-vi-edycja-akcji-charytatywnej\/#breadcrumb\"},\"inLanguage\":\"en-GB\",\"potentialAction\":[{\"@type\":\"ReadAction\",\"target\":[\"https:\/\/msk.lodz.pl\/czlowieku-podaj-lape-vi-edycja-akcji-charytatywnej\/\"]}]},{\"@type\":\"ImageObject\",\"inLanguage\":\"en-GB\",\"@id\":\"https:\/\/msk.lodz.pl\/czlowieku-podaj-lape-vi-edycja-akcji-charytatywnej\/#primaryimage\",\"url\":\"https:\/\/msk.lodz.pl\/wp-content\/uploads\/2026\/01\/plakat-MSk-Chojny.jpg\",\"contentUrl\":\"https:\/\/msk.lodz.pl\/wp-content\/uploads\/2026\/01\/plakat-MSk-Chojny.jpg\",\"width\":1448,\"height\":2048},{\"@type\":\"BreadcrumbList\",\"@id\":\"https:\/\/msk.lodz.pl\/czlowieku-podaj-lape-vi-edycja-akcji-charytatywnej\/#breadcrumb\",\"itemListElement\":[{\"@type\":\"ListItem\",\"position\":1,\"name\":\"Strona g\u0142\u00f3wna\",\"item\":\"http:\/\/msk.lodz.pl\/en\/\"},{\"@type\":\"ListItem\",\"position\":2,\"name\":\"&#8222;CZ\u0141OWIEKU PODAJ \u0141AP\u0118&#8221; &#8211; VI edycja akcji charytatywnej\"}]},{\"@type\":\"WebSite\",\"@id\":\"https:\/\/msk.lodz.pl\/#website\",\"url\":\"https:\/\/msk.lodz.pl\/\",\"name\":\"MSK - \u0141\u00f3d\u017a\",\"description\":\"\",\"publisher\":{\"@id\":\"https:\/\/msk.lodz.pl\/#organization\"},\"potentialAction\":[{\"@type\":\"SearchAction\",\"target\":{\"@type\":\"EntryPoint\",\"urlTemplate\":\"https:\/\/msk.lodz.pl\/?s={search_term_string}\"},\"query-input\":{\"@type\":\"PropertyValueSpecification\",\"valueRequired\":true,\"valueName\":\"search_term_string\"}}],\"inLanguage\":\"en-GB\"},{\"@type\":\"Organization\",\"@id\":\"https:\/\/msk.lodz.pl\/#organization\",\"name\":\"MSK - \u0141\u00f3d\u017a\",\"url\":\"https:\/\/msk.lodz.pl\/\",\"logo\":{\"@type\":\"ImageObject\",\"inLanguage\":\"en-GB\",\"@id\":\"https:\/\/msk.lodz.pl\/#\/schema\/logo\/image\/\",\"url\":\"https:\/\/msk.lodz.pl\/wp-content\/uploads\/2023\/04\/cropped-Fav_icon_MSK.png\",\"contentUrl\":\"https:\/\/msk.lodz.pl\/wp-content\/uploads\/2023\/04\/cropped-Fav_icon_MSK.png\",\"width\":512,\"height\":512,\"caption\":\"MSK - \u0141\u00f3d\u017a\"},\"image\":{\"@id\":\"https:\/\/msk.lodz.pl\/#\/schema\/logo\/image\/\"}},{\"@type\":\"Person\",\"@id\":\"https:\/\/msk.lodz.pl\/#\/schema\/person\/9ca48f944abede884e6acd413ab27d0f\",\"name\":\"Beata Stelmach\",\"image\":{\"@type\":\"ImageObject\",\"inLanguage\":\"en-GB\",\"@id\":\"https:\/\/msk.lodz.pl\/#\/schema\/person\/image\/\",\"url\":\"https:\/\/secure.gravatar.com\/avatar\/07dba2b4e3c4585ac0f2ecb9bea6785f1e276c16aac674da70dde71deae98156?s=96&d=mm&r=g\",\"contentUrl\":\"https:\/\/secure.gravatar.com\/avatar\/07dba2b4e3c4585ac0f2ecb9bea6785f1e276c16aac674da70dde71deae98156?s=96&d=mm&r=g\",\"caption\":\"Beata Stelmach\"},\"url\":\"https:\/\/msk.lodz.pl\/en\/author\/beata-stelmach\/\"}]}<\/script>\n<!-- \/ Yoast SEO plugin. -->","yoast_head_json":{"title":"\"CZ\u0141OWIEKU PODAJ \u0141AP\u0118\" - VI edycja akcji charytatywnej - MSK","robots":{"index":"index","follow":"follow","max-snippet":"max-snippet:-1","max-image-preview":"max-image-preview:large","max-video-preview":"max-video-preview:-1"},"canonical":"https:\/\/msk.lodz.pl\/en\/czlowieku-podaj-lape-vi-edycja-akcji-charytatywnej\/","og_locale":"en_GB","og_type":"article","og_title":"\"CZ\u0141OWIEKU PODAJ \u0141AP\u0118\" - VI edycja akcji charytatywnej - MSK","og_description":"AKCJA CHARYTATYWNA \u201eCZ\u0141OWIEKU PODAJ \u0141AP\u0118&#8221;\u00a0&#8211; \u00a0to ju\u017c 6 edycja\u00a0realizowanej na terenie MSK w \u0141odzi oraz w wybranych \u0142\u00f3dzkich szko\u0142ach, bibliotekach i plac\u00f3wkach o\u015bwiatowo \u2013 edukacyjnych zbi\u00f3rki pokarm\u00f3w i akcesori\u00f3w dla podopiecznych Fundacji \u201eNiechciane \u2013 Zapomniane&#8221;\u00a0\u2013 SOS dla Zwierz\u0105t. Inicjatorami akcji s\u0105: Zesp\u00f3\u0142 Pie\u015bni i Ta\u0144ca \u201e\u0141\u00f3d\u017a&#8221; oraz Dzieci\u0119cy Zesp\u00f3\u0142 Pie\u015bni i Ta\u0144ca &#8222;\u0141\u00f3deczki&#8221;. Zbi\u00f3rka jest [&hellip;]","og_url":"https:\/\/msk.lodz.pl\/en\/czlowieku-podaj-lape-vi-edycja-akcji-charytatywnej\/","og_site_name":"MSK","article_published_time":"2026-01-09T10:31:38+00:00","article_modified_time":"2026-01-09T10:31:43+00:00","og_image":[{"width":1448,"height":2048,"url":"https:\/\/msk.lodz.pl\/wp-content\/uploads\/2026\/01\/plakat-MSk-Chojny.jpg","type":"image\/jpeg"}],"author":"Beata Stelmach","twitter_card":"summary_large_image","twitter_misc":{"Written by":"Beata Stelmach","Estimated reading time":"2 minutes"},"schema":{"@context":"https:\/\/schema.org","@graph":[{"@type":"Article","@id":"https:\/\/msk.lodz.pl\/czlowieku-podaj-lape-vi-edycja-akcji-charytatywnej\/#article","isPartOf":{"@id":"https:\/\/msk.lodz.pl\/czlowieku-podaj-lape-vi-edycja-akcji-charytatywnej\/"},"author":{"name":"Beata Stelmach","@id":"https:\/\/msk.lodz.pl\/#\/schema\/person\/9ca48f944abede884e6acd413ab27d0f"},"headline":"&#8222;CZ\u0141OWIEKU PODAJ \u0141AP\u0118&#8221; &#8211; VI edycja akcji charytatywnej","datePublished":"2026-01-09T10:31:38+00:00","dateModified":"2026-01-09T10:31:43+00:00","mainEntityOfPage":{"@id":"https:\/\/msk.lodz.pl\/czlowieku-podaj-lape-vi-edycja-akcji-charytatywnej\/"},"wordCount":303,"publisher":{"@id":"https:\/\/msk.lodz.pl\/#organization"},"image":{"@id":"https:\/\/msk.lodz.pl\/czlowieku-podaj-lape-vi-edycja-akcji-charytatywnej\/#primaryimage"},"thumbnailUrl":"https:\/\/msk.lodz.pl\/wp-content\/uploads\/2026\/01\/plakat-MSk-Chojny.jpg","articleSection":["Aktualno\u015bci","MSK: Chojny"],"inLanguage":"en-GB"},{"@type":"WebPage","@id":"https:\/\/msk.lodz.pl\/czlowieku-podaj-lape-vi-edycja-akcji-charytatywnej\/","url":"https:\/\/msk.lodz.pl\/czlowieku-podaj-lape-vi-edycja-akcji-charytatywnej\/","name":"\"CZ\u0141OWIEKU PODAJ \u0141AP\u0118\" - VI edycja akcji charytatywnej - MSK","isPartOf":{"@id":"https:\/\/msk.lodz.pl\/#website"},"primaryImageOfPage":{"@id":"https:\/\/msk.lodz.pl\/czlowieku-podaj-lape-vi-edycja-akcji-charytatywnej\/#primaryimage"},"image":{"@id":"https:\/\/msk.lodz.pl\/czlowieku-podaj-lape-vi-edycja-akcji-charytatywnej\/#primaryimage"},"thumbnailUrl":"https:\/\/msk.lodz.pl\/wp-content\/uploads\/2026\/01\/plakat-MSk-Chojny.jpg","datePublished":"2026-01-09T10:31:38+00:00","dateModified":"2026-01-09T10:31:43+00:00","breadcrumb":{"@id":"https:\/\/msk.lodz.pl\/czlowieku-podaj-lape-vi-edycja-akcji-charytatywnej\/#breadcrumb"},"inLanguage":"en-GB","potentialAction":[{"@type":"ReadAction","target":["https:\/\/msk.lodz.pl\/czlowieku-podaj-lape-vi-edycja-akcji-charytatywnej\/"]}]},{"@type":"ImageObject","inLanguage":"en-GB","@id":"https:\/\/msk.lodz.pl\/czlowieku-podaj-lape-vi-edycja-akcji-charytatywnej\/#primaryimage","url":"https:\/\/msk.lodz.pl\/wp-content\/uploads\/2026\/01\/plakat-MSk-Chojny.jpg","contentUrl":"https:\/\/msk.lodz.pl\/wp-content\/uploads\/2026\/01\/plakat-MSk-Chojny.jpg","width":1448,"height":2048},{"@type":"BreadcrumbList","@id":"https:\/\/msk.lodz.pl\/czlowieku-podaj-lape-vi-edycja-akcji-charytatywnej\/#breadcrumb","itemListElement":[{"@type":"ListItem","position":1,"name":"Strona g\u0142\u00f3wna","item":"http:\/\/msk.lodz.pl\/en\/"},{"@type":"ListItem","position":2,"name":"&#8222;CZ\u0141OWIEKU PODAJ \u0141AP\u0118&#8221; &#8211; VI edycja akcji charytatywnej"}]},{"@type":"WebSite","@id":"https:\/\/msk.lodz.pl\/#website","url":"https:\/\/msk.lodz.pl\/","name":"MSK - \u0141\u00f3d\u017a","description":"","publisher":{"@id":"https:\/\/msk.lodz.pl\/#organization"},"potentialAction":[{"@type":"SearchAction","target":{"@type":"EntryPoint","urlTemplate":"https:\/\/msk.lodz.pl\/?s={search_term_string}"},"query-input":{"@type":"PropertyValueSpecification","valueRequired":true,"valueName":"search_term_string"}}],"inLanguage":"en-GB"},{"@type":"Organization","@id":"https:\/\/msk.lodz.pl\/#organization","name":"MSK - \u0141\u00f3d\u017a","url":"https:\/\/msk.lodz.pl\/","logo":{"@type":"ImageObject","inLanguage":"en-GB","@id":"https:\/\/msk.lodz.pl\/#\/schema\/logo\/image\/","url":"https:\/\/msk.lodz.pl\/wp-content\/uploads\/2023\/04\/cropped-Fav_icon_MSK.png","contentUrl":"https:\/\/msk.lodz.pl\/wp-content\/uploads\/2023\/04\/cropped-Fav_icon_MSK.png","width":512,"height":512,"caption":"MSK - \u0141\u00f3d\u017a"},"image":{"@id":"https:\/\/msk.lodz.pl\/#\/schema\/logo\/image\/"}},{"@type":"Person","@id":"https:\/\/msk.lodz.pl\/#\/schema\/person\/9ca48f944abede884e6acd413ab27d0f","name":"Beata Stelmach","image":{"@type":"ImageObject","inLanguage":"en-GB","@id":"https:\/\/msk.lodz.pl\/#\/schema\/person\/image\/","url":"https:\/\/secure.gravatar.com\/avatar\/07dba2b4e3c4585ac0f2ecb9bea6785f1e276c16aac674da70dde71deae98156?s=96&d=mm&r=g","contentUrl":"https:\/\/secure.gravatar.com\/avatar\/07dba2b4e3c4585ac0f2ecb9bea6785f1e276c16aac674da70dde71deae98156?s=96&d=mm&r=g","caption":"Beata Stelmach"},"url":"https:\/\/msk.lodz.pl\/en\/author\/beata-stelmach\/"}]}},"_links":{"self":[{"href":"https:\/\/msk.lodz.pl\/en\/wp-json\/wp\/v2\/posts\/131405","targetHints":{"allow":["GET"]}}],"collection":[{"href":"https:\/\/msk.lodz.pl\/en\/wp-json\/wp\/v2\/posts"}],"about":[{"href":"https:\/\/msk.lodz.pl\/en\/wp-json\/wp\/v2\/types\/post"}],"author":[{"embeddable":true,"href":"https:\/\/msk.lodz.pl\/en\/wp-json\/wp\/v2\/users\/25"}],"replies":[{"embeddable":true,"href":"https:\/\/msk.lodz.pl\/en\/wp-json\/wp\/v2\/comments?post=131405"}],"version-history":[{"count":0,"href":"https:\/\/msk.lodz.pl\/en\/wp-json\/wp\/v2\/posts\/131405\/revisions"}],"wp:featuredmedia":[{"embeddable":true,"href":"https:\/\/msk.lodz.pl\/en\/wp-json\/wp\/v2\/media\/131406"}],"wp:attachment":[{"href":"https:\/\/msk.lodz.pl\/en\/wp-json\/wp\/v2\/media?parent=131405"}],"wp:term":[{"taxonomy":"category","embeddable":true,"href":"https:\/\/msk.lodz.pl\/en\/wp-json\/wp\/v2\/categories?post=131405"},{"taxonomy":"post_tag","embeddable":true,"href":"https:\/\/msk.lodz.pl\/en\/wp-json\/wp\/v2\/tags?post=131405"}],"curies":[{"name":"wp","href":"https:\/\/api.w.org\/{rel}","templated":true}]}}