{"id":133880,"date":"2026-01-26T11:04:22","date_gmt":"2026-01-26T10:04:22","guid":{"rendered":"https:\/\/msk.lodz.pl\/?p=133880"},"modified":"2026-01-21T11:07:34","modified_gmt":"2026-01-21T10:07:34","slug":"na-lezaco-koncert-relaksacyjny-w-lutym","status":"publish","type":"post","link":"https:\/\/msk.lodz.pl\/en\/na-lezaco-koncert-relaksacyjny-w-lutym\/","title":{"rendered":"&#8222;Na le\u017c\u0105co&#8221; &#8211; koncert relaksacyjny w lutym"},"content":{"rendered":"<p><\/p>\n\n\n\n<p><strong>Termin<\/strong>: 13.02.2026 godz. 19:00<\/p>\n\n\n\n<p><strong>Miejsce<\/strong>: MSK: Widzew Wsch\u00f3d &#8211; Dom Kultury 502, ul. Sacharowa 18 w \u0141odzi<\/p>\n\n\n\n<p><strong>O wydarzeniu<\/strong>: B\u0119dzie to koncert sprzyjaj\u0105cy odpoczynkowi cia\u0142a i ducha. Po\u0142\u0105czymy kilka element\u00f3w &#8211; autorskie kompozycje, muzyk\u0119 klasyczn\u0105 oraz relaksacj\u0119 w d\u017awi\u0119kach mis i gongu. B\u0119dzie r\u00f3\u017cnorodnie i barwnie, ale w kierunku spokojno\u015bci.<\/p>\n\n\n\n<p>Dlaczego \u201cna le\u017c\u0105co\u201d? Chcemy, umo\u017cliwi\u0107 s\u0142uchaczom odbi\u00f3r muzyki na \u017cywo bez napi\u0119\u0107 w ciele, poza sztywnymi ramami. Wiemy, \u017ce wtedy mo\u017cna \u201cwej\u015b\u0107\u201d w d\u017awi\u0119k bardziej, do\u015bwiadczy\u0107 muzyki w inny, nowy spos\u00f3b i pozwoli\u0107 sobie po prostu na rozlu\u017anienie i relaks.<\/p>\n\n\n\n<p><strong>O wyst\u0119puj\u0105cych<\/strong>: Martyna Susek i Maciej Milczarek &#8211; oboje jeste\u015bmy absolwentami \u0142\u00f3dzkiej Akademii Muzycznej, wsp\u00f3lnie od lat tworzymy r\u00f3\u017cne projekty muzyczne i interdyscyplinarne, a przede wszystkim &#8211; przyja\u017animy si\u0119 i lubimy razem gra\u0107.<\/p>\n\n\n\n<p><strong>Koszt\/zapisy<\/strong>: 70 z\u0142 \/ tel: 536492884, 574190682, domkultury502@msk.lodz.pl<\/p>\n\n\n\n<p><\/p>","protected":false},"excerpt":{"rendered":"<p>Termin: 13.02.2026 godz. 19:00 Miejsce: MSK: Widzew Wsch\u00f3d &#8211; Dom Kultury 502, ul. Sacharowa 18 w \u0141odzi O wydarzeniu: B\u0119dzie to koncert sprzyjaj\u0105cy odpoczynkowi cia\u0142a i ducha. Po\u0142\u0105czymy kilka element\u00f3w &#8211; autorskie kompozycje, muzyk\u0119 klasyczn\u0105 oraz relaksacj\u0119 w d\u017awi\u0119kach mis i gongu. B\u0119dzie r\u00f3\u017cnorodnie i barwnie, ale w kierunku spokojno\u015bci. Dlaczego \u201cna le\u017c\u0105co\u201d? Chcemy, umo\u017cliwi\u0107 [&hellip;]<\/p>","protected":false},"author":111,"featured_media":133882,"comment_status":"closed","ping_status":"closed","sticky":false,"template":"","format":"standard","meta":{"footnotes":""},"categories":[227,1],"tags":[],"class_list":["post-133880","post","type-post","status-publish","format-standard","has-post-thumbnail","hentry","category-aktualnosci-msk-widzew-wschod","category-nieprzypisane"],"yoast_head":"<!-- This site is optimized with the Yoast SEO plugin v26.5 - https:\/\/yoast.com\/wordpress\/plugins\/seo\/ -->\n<title>&quot;Na le\u017c\u0105co&quot; - koncert relaksacyjny w lutym - MSK<\/title>\n<meta name=\"robots\" content=\"index, follow, max-snippet:-1, max-image-preview:large, max-video-preview:-1\" \/>\n<link rel=\"canonical\" href=\"https:\/\/msk.lodz.pl\/en\/na-lezaco-koncert-relaksacyjny-w-lutym\/\" \/>\n<meta property=\"og:locale\" content=\"en_GB\" \/>\n<meta property=\"og:type\" content=\"article\" \/>\n<meta property=\"og:title\" content=\"&quot;Na le\u017c\u0105co&quot; - koncert relaksacyjny w lutym - MSK\" \/>\n<meta property=\"og:description\" content=\"Termin: 13.02.2026 godz. 19:00 Miejsce: MSK: Widzew Wsch\u00f3d &#8211; Dom Kultury 502, ul. Sacharowa 18 w \u0141odzi O wydarzeniu: B\u0119dzie to koncert sprzyjaj\u0105cy odpoczynkowi cia\u0142a i ducha. Po\u0142\u0105czymy kilka element\u00f3w &#8211; autorskie kompozycje, muzyk\u0119 klasyczn\u0105 oraz relaksacj\u0119 w d\u017awi\u0119kach mis i gongu. B\u0119dzie r\u00f3\u017cnorodnie i barwnie, ale w kierunku spokojno\u015bci. Dlaczego \u201cna le\u017c\u0105co\u201d? Chcemy, umo\u017cliwi\u0107 [&hellip;]\" \/>\n<meta property=\"og:url\" content=\"https:\/\/msk.lodz.pl\/en\/na-lezaco-koncert-relaksacyjny-w-lutym\/\" \/>\n<meta property=\"og:site_name\" content=\"MSK\" \/>\n<meta property=\"article:published_time\" content=\"2026-01-26T10:04:22+00:00\" \/>\n<meta property=\"og:image\" content=\"https:\/\/msk.lodz.pl\/wp-content\/uploads\/2026\/01\/na-lezaco.png\" \/>\n\t<meta property=\"og:image:width\" content=\"1587\" \/>\n\t<meta property=\"og:image:height\" content=\"2245\" \/>\n\t<meta property=\"og:image:type\" content=\"image\/png\" \/>\n<meta name=\"author\" content=\"Irmina Roter-Gawlowska\" \/>\n<meta name=\"twitter:card\" content=\"summary_large_image\" \/>\n<meta name=\"twitter:label1\" content=\"Written by\" \/>\n\t<meta name=\"twitter:data1\" content=\"Irmina Roter-Gawlowska\" \/>\n\t<meta name=\"twitter:label2\" content=\"Estimated reading time\" \/>\n\t<meta name=\"twitter:data2\" content=\"1 minute\" \/>\n<script type=\"application\/ld+json\" class=\"yoast-schema-graph\">{\"@context\":\"https:\/\/schema.org\",\"@graph\":[{\"@type\":\"Article\",\"@id\":\"https:\/\/msk.lodz.pl\/na-lezaco-koncert-relaksacyjny-w-lutym\/#article\",\"isPartOf\":{\"@id\":\"https:\/\/msk.lodz.pl\/na-lezaco-koncert-relaksacyjny-w-lutym\/\"},\"author\":{\"name\":\"Irmina Roter-Gawlowska\",\"@id\":\"https:\/\/msk.lodz.pl\/#\/schema\/person\/c8bd14914498164f73a777a9927264c3\"},\"headline\":\"&#8222;Na le\u017c\u0105co&#8221; &#8211; koncert relaksacyjny w lutym\",\"datePublished\":\"2026-01-26T10:04:22+00:00\",\"mainEntityOfPage\":{\"@id\":\"https:\/\/msk.lodz.pl\/na-lezaco-koncert-relaksacyjny-w-lutym\/\"},\"wordCount\":162,\"publisher\":{\"@id\":\"https:\/\/msk.lodz.pl\/#organization\"},\"image\":{\"@id\":\"https:\/\/msk.lodz.pl\/na-lezaco-koncert-relaksacyjny-w-lutym\/#primaryimage\"},\"thumbnailUrl\":\"https:\/\/msk.lodz.pl\/wp-content\/uploads\/2026\/01\/na-lezaco.png\",\"articleSection\":[\"Aktualno\u015bci\",\"Nie przypisane\"],\"inLanguage\":\"en-GB\"},{\"@type\":\"WebPage\",\"@id\":\"https:\/\/msk.lodz.pl\/na-lezaco-koncert-relaksacyjny-w-lutym\/\",\"url\":\"https:\/\/msk.lodz.pl\/na-lezaco-koncert-relaksacyjny-w-lutym\/\",\"name\":\"\\\"Na le\u017c\u0105co\\\" - koncert relaksacyjny w lutym - MSK\",\"isPartOf\":{\"@id\":\"https:\/\/msk.lodz.pl\/#website\"},\"primaryImageOfPage\":{\"@id\":\"https:\/\/msk.lodz.pl\/na-lezaco-koncert-relaksacyjny-w-lutym\/#primaryimage\"},\"image\":{\"@id\":\"https:\/\/msk.lodz.pl\/na-lezaco-koncert-relaksacyjny-w-lutym\/#primaryimage\"},\"thumbnailUrl\":\"https:\/\/msk.lodz.pl\/wp-content\/uploads\/2026\/01\/na-lezaco.png\",\"datePublished\":\"2026-01-26T10:04:22+00:00\",\"breadcrumb\":{\"@id\":\"https:\/\/msk.lodz.pl\/na-lezaco-koncert-relaksacyjny-w-lutym\/#breadcrumb\"},\"inLanguage\":\"en-GB\",\"potentialAction\":[{\"@type\":\"ReadAction\",\"target\":[\"https:\/\/msk.lodz.pl\/na-lezaco-koncert-relaksacyjny-w-lutym\/\"]}]},{\"@type\":\"ImageObject\",\"inLanguage\":\"en-GB\",\"@id\":\"https:\/\/msk.lodz.pl\/na-lezaco-koncert-relaksacyjny-w-lutym\/#primaryimage\",\"url\":\"https:\/\/msk.lodz.pl\/wp-content\/uploads\/2026\/01\/na-lezaco.png\",\"contentUrl\":\"https:\/\/msk.lodz.pl\/wp-content\/uploads\/2026\/01\/na-lezaco.png\",\"width\":1587,\"height\":2245},{\"@type\":\"BreadcrumbList\",\"@id\":\"https:\/\/msk.lodz.pl\/na-lezaco-koncert-relaksacyjny-w-lutym\/#breadcrumb\",\"itemListElement\":[{\"@type\":\"ListItem\",\"position\":1,\"name\":\"Strona g\u0142\u00f3wna\",\"item\":\"http:\/\/msk.lodz.pl\/en\/\"},{\"@type\":\"ListItem\",\"position\":2,\"name\":\"&#8222;Na le\u017c\u0105co&#8221; &#8211; koncert relaksacyjny w lutym\"}]},{\"@type\":\"WebSite\",\"@id\":\"https:\/\/msk.lodz.pl\/#website\",\"url\":\"https:\/\/msk.lodz.pl\/\",\"name\":\"MSK - \u0141\u00f3d\u017a\",\"description\":\"\",\"publisher\":{\"@id\":\"https:\/\/msk.lodz.pl\/#organization\"},\"potentialAction\":[{\"@type\":\"SearchAction\",\"target\":{\"@type\":\"EntryPoint\",\"urlTemplate\":\"https:\/\/msk.lodz.pl\/?s={search_term_string}\"},\"query-input\":{\"@type\":\"PropertyValueSpecification\",\"valueRequired\":true,\"valueName\":\"search_term_string\"}}],\"inLanguage\":\"en-GB\"},{\"@type\":\"Organization\",\"@id\":\"https:\/\/msk.lodz.pl\/#organization\",\"name\":\"MSK - \u0141\u00f3d\u017a\",\"url\":\"https:\/\/msk.lodz.pl\/\",\"logo\":{\"@type\":\"ImageObject\",\"inLanguage\":\"en-GB\",\"@id\":\"https:\/\/msk.lodz.pl\/#\/schema\/logo\/image\/\",\"url\":\"https:\/\/msk.lodz.pl\/wp-content\/uploads\/2023\/04\/cropped-Fav_icon_MSK.png\",\"contentUrl\":\"https:\/\/msk.lodz.pl\/wp-content\/uploads\/2023\/04\/cropped-Fav_icon_MSK.png\",\"width\":512,\"height\":512,\"caption\":\"MSK - \u0141\u00f3d\u017a\"},\"image\":{\"@id\":\"https:\/\/msk.lodz.pl\/#\/schema\/logo\/image\/\"}},{\"@type\":\"Person\",\"@id\":\"https:\/\/msk.lodz.pl\/#\/schema\/person\/c8bd14914498164f73a777a9927264c3\",\"name\":\"Irmina Roter-Gawlowska\",\"image\":{\"@type\":\"ImageObject\",\"inLanguage\":\"en-GB\",\"@id\":\"https:\/\/msk.lodz.pl\/#\/schema\/person\/image\/\",\"url\":\"https:\/\/secure.gravatar.com\/avatar\/19115b5d24aae3e22d3d31a78586e7509f8fede168c818b959e7487887af22c5?s=96&d=mm&r=g\",\"contentUrl\":\"https:\/\/secure.gravatar.com\/avatar\/19115b5d24aae3e22d3d31a78586e7509f8fede168c818b959e7487887af22c5?s=96&d=mm&r=g\",\"caption\":\"Irmina Roter-Gawlowska\"},\"url\":\"https:\/\/msk.lodz.pl\/en\/author\/irmina-roter-gawlowska\/\"}]}<\/script>\n<!-- \/ Yoast SEO plugin. -->","yoast_head_json":{"title":"\"Na le\u017c\u0105co\" - koncert relaksacyjny w lutym - MSK","robots":{"index":"index","follow":"follow","max-snippet":"max-snippet:-1","max-image-preview":"max-image-preview:large","max-video-preview":"max-video-preview:-1"},"canonical":"https:\/\/msk.lodz.pl\/en\/na-lezaco-koncert-relaksacyjny-w-lutym\/","og_locale":"en_GB","og_type":"article","og_title":"\"Na le\u017c\u0105co\" - koncert relaksacyjny w lutym - MSK","og_description":"Termin: 13.02.2026 godz. 19:00 Miejsce: MSK: Widzew Wsch\u00f3d &#8211; Dom Kultury 502, ul. Sacharowa 18 w \u0141odzi O wydarzeniu: B\u0119dzie to koncert sprzyjaj\u0105cy odpoczynkowi cia\u0142a i ducha. Po\u0142\u0105czymy kilka element\u00f3w &#8211; autorskie kompozycje, muzyk\u0119 klasyczn\u0105 oraz relaksacj\u0119 w d\u017awi\u0119kach mis i gongu. B\u0119dzie r\u00f3\u017cnorodnie i barwnie, ale w kierunku spokojno\u015bci. Dlaczego \u201cna le\u017c\u0105co\u201d? Chcemy, umo\u017cliwi\u0107 [&hellip;]","og_url":"https:\/\/msk.lodz.pl\/en\/na-lezaco-koncert-relaksacyjny-w-lutym\/","og_site_name":"MSK","article_published_time":"2026-01-26T10:04:22+00:00","og_image":[{"width":1587,"height":2245,"url":"https:\/\/msk.lodz.pl\/wp-content\/uploads\/2026\/01\/na-lezaco.png","type":"image\/png"}],"author":"Irmina Roter-Gawlowska","twitter_card":"summary_large_image","twitter_misc":{"Written by":"Irmina Roter-Gawlowska","Estimated reading time":"1 minute"},"schema":{"@context":"https:\/\/schema.org","@graph":[{"@type":"Article","@id":"https:\/\/msk.lodz.pl\/na-lezaco-koncert-relaksacyjny-w-lutym\/#article","isPartOf":{"@id":"https:\/\/msk.lodz.pl\/na-lezaco-koncert-relaksacyjny-w-lutym\/"},"author":{"name":"Irmina Roter-Gawlowska","@id":"https:\/\/msk.lodz.pl\/#\/schema\/person\/c8bd14914498164f73a777a9927264c3"},"headline":"&#8222;Na le\u017c\u0105co&#8221; &#8211; koncert relaksacyjny w lutym","datePublished":"2026-01-26T10:04:22+00:00","mainEntityOfPage":{"@id":"https:\/\/msk.lodz.pl\/na-lezaco-koncert-relaksacyjny-w-lutym\/"},"wordCount":162,"publisher":{"@id":"https:\/\/msk.lodz.pl\/#organization"},"image":{"@id":"https:\/\/msk.lodz.pl\/na-lezaco-koncert-relaksacyjny-w-lutym\/#primaryimage"},"thumbnailUrl":"https:\/\/msk.lodz.pl\/wp-content\/uploads\/2026\/01\/na-lezaco.png","articleSection":["Aktualno\u015bci","Nie przypisane"],"inLanguage":"en-GB"},{"@type":"WebPage","@id":"https:\/\/msk.lodz.pl\/na-lezaco-koncert-relaksacyjny-w-lutym\/","url":"https:\/\/msk.lodz.pl\/na-lezaco-koncert-relaksacyjny-w-lutym\/","name":"\"Na le\u017c\u0105co\" - koncert relaksacyjny w lutym - MSK","isPartOf":{"@id":"https:\/\/msk.lodz.pl\/#website"},"primaryImageOfPage":{"@id":"https:\/\/msk.lodz.pl\/na-lezaco-koncert-relaksacyjny-w-lutym\/#primaryimage"},"image":{"@id":"https:\/\/msk.lodz.pl\/na-lezaco-koncert-relaksacyjny-w-lutym\/#primaryimage"},"thumbnailUrl":"https:\/\/msk.lodz.pl\/wp-content\/uploads\/2026\/01\/na-lezaco.png","datePublished":"2026-01-26T10:04:22+00:00","breadcrumb":{"@id":"https:\/\/msk.lodz.pl\/na-lezaco-koncert-relaksacyjny-w-lutym\/#breadcrumb"},"inLanguage":"en-GB","potentialAction":[{"@type":"ReadAction","target":["https:\/\/msk.lodz.pl\/na-lezaco-koncert-relaksacyjny-w-lutym\/"]}]},{"@type":"ImageObject","inLanguage":"en-GB","@id":"https:\/\/msk.lodz.pl\/na-lezaco-koncert-relaksacyjny-w-lutym\/#primaryimage","url":"https:\/\/msk.lodz.pl\/wp-content\/uploads\/2026\/01\/na-lezaco.png","contentUrl":"https:\/\/msk.lodz.pl\/wp-content\/uploads\/2026\/01\/na-lezaco.png","width":1587,"height":2245},{"@type":"BreadcrumbList","@id":"https:\/\/msk.lodz.pl\/na-lezaco-koncert-relaksacyjny-w-lutym\/#breadcrumb","itemListElement":[{"@type":"ListItem","position":1,"name":"Strona g\u0142\u00f3wna","item":"http:\/\/msk.lodz.pl\/en\/"},{"@type":"ListItem","position":2,"name":"&#8222;Na le\u017c\u0105co&#8221; &#8211; koncert relaksacyjny w lutym"}]},{"@type":"WebSite","@id":"https:\/\/msk.lodz.pl\/#website","url":"https:\/\/msk.lodz.pl\/","name":"MSK - \u0141\u00f3d\u017a","description":"","publisher":{"@id":"https:\/\/msk.lodz.pl\/#organization"},"potentialAction":[{"@type":"SearchAction","target":{"@type":"EntryPoint","urlTemplate":"https:\/\/msk.lodz.pl\/?s={search_term_string}"},"query-input":{"@type":"PropertyValueSpecification","valueRequired":true,"valueName":"search_term_string"}}],"inLanguage":"en-GB"},{"@type":"Organization","@id":"https:\/\/msk.lodz.pl\/#organization","name":"MSK - \u0141\u00f3d\u017a","url":"https:\/\/msk.lodz.pl\/","logo":{"@type":"ImageObject","inLanguage":"en-GB","@id":"https:\/\/msk.lodz.pl\/#\/schema\/logo\/image\/","url":"https:\/\/msk.lodz.pl\/wp-content\/uploads\/2023\/04\/cropped-Fav_icon_MSK.png","contentUrl":"https:\/\/msk.lodz.pl\/wp-content\/uploads\/2023\/04\/cropped-Fav_icon_MSK.png","width":512,"height":512,"caption":"MSK - \u0141\u00f3d\u017a"},"image":{"@id":"https:\/\/msk.lodz.pl\/#\/schema\/logo\/image\/"}},{"@type":"Person","@id":"https:\/\/msk.lodz.pl\/#\/schema\/person\/c8bd14914498164f73a777a9927264c3","name":"Irmina Roter-Gawlowska","image":{"@type":"ImageObject","inLanguage":"en-GB","@id":"https:\/\/msk.lodz.pl\/#\/schema\/person\/image\/","url":"https:\/\/secure.gravatar.com\/avatar\/19115b5d24aae3e22d3d31a78586e7509f8fede168c818b959e7487887af22c5?s=96&d=mm&r=g","contentUrl":"https:\/\/secure.gravatar.com\/avatar\/19115b5d24aae3e22d3d31a78586e7509f8fede168c818b959e7487887af22c5?s=96&d=mm&r=g","caption":"Irmina Roter-Gawlowska"},"url":"https:\/\/msk.lodz.pl\/en\/author\/irmina-roter-gawlowska\/"}]}},"_links":{"self":[{"href":"https:\/\/msk.lodz.pl\/en\/wp-json\/wp\/v2\/posts\/133880","targetHints":{"allow":["GET"]}}],"collection":[{"href":"https:\/\/msk.lodz.pl\/en\/wp-json\/wp\/v2\/posts"}],"about":[{"href":"https:\/\/msk.lodz.pl\/en\/wp-json\/wp\/v2\/types\/post"}],"author":[{"embeddable":true,"href":"https:\/\/msk.lodz.pl\/en\/wp-json\/wp\/v2\/users\/111"}],"replies":[{"embeddable":true,"href":"https:\/\/msk.lodz.pl\/en\/wp-json\/wp\/v2\/comments?post=133880"}],"version-history":[{"count":0,"href":"https:\/\/msk.lodz.pl\/en\/wp-json\/wp\/v2\/posts\/133880\/revisions"}],"wp:featuredmedia":[{"embeddable":true,"href":"https:\/\/msk.lodz.pl\/en\/wp-json\/wp\/v2\/media\/133882"}],"wp:attachment":[{"href":"https:\/\/msk.lodz.pl\/en\/wp-json\/wp\/v2\/media?parent=133880"}],"wp:term":[{"taxonomy":"category","embeddable":true,"href":"https:\/\/msk.lodz.pl\/en\/wp-json\/wp\/v2\/categories?post=133880"},{"taxonomy":"post_tag","embeddable":true,"href":"https:\/\/msk.lodz.pl\/en\/wp-json\/wp\/v2\/tags?post=133880"}],"curies":[{"name":"wp","href":"https:\/\/api.w.org\/{rel}","templated":true}]}}