{"id":134162,"date":"2026-01-23T13:52:25","date_gmt":"2026-01-23T12:52:25","guid":{"rendered":"https:\/\/msk.lodz.pl\/?p=134162"},"modified":"2026-01-23T13:52:30","modified_gmt":"2026-01-23T12:52:30","slug":"zdobadz-kalendarz-zespolu-piesni-i-tanca-lodz-na-2026-rok","status":"publish","type":"post","link":"https:\/\/msk.lodz.pl\/en\/zdobadz-kalendarz-zespolu-piesni-i-tanca-lodz-na-2026-rok\/","title":{"rendered":"Zdob\u0105d\u017a kalendarz Zespo\u0142u Pie\u015bni i Ta\u0144ca \u0141\u00f3d\u017a na 2026. rok!"},"content":{"rendered":"<p class=\"has-medium-font-size\">Zapraszamy do zakupu unikatowego kalendarza, na stronach kt\u00f3rego znajduj\u0105 si\u0119 zdj\u0119cia MAD FOTOGRAFIA, a modelami byli tancerze Dzieci\u0119cego Zespo\u0142u Pie\u015bni i Ta\u0144ca \u201e\u0141\u00f3deczki\u201d oraz Zespo\u0142u Pie\u015bni i Ta\u0144ca \u201e\u0141\u00f3d\u017a\u201d.<\/p>\n\n\n\n<p class=\"has-medium-font-size\">Cena jednostkowa: 27 z\u0142<\/p>\n\n\n\n<p class=\"has-medium-font-size\">Po zakupieniu kalendarza zapraszamy po odbi\u00f3r w godzinach otwarcia MSK: Chojny \u2013 Centrum Kultury M\u0142odych przy ul. Lokatorskiej 13, od 29.01.2026 w\u0142\u0105cznie\u00a0<\/p>\n\n\n\n<p class=\"has-medium-font-size\">Zdob\u0105d\u017a kalendarz <a href=\"https:\/\/msk.lodz.pl\/en\/msk\/kalendarz-zespolu-piesni-i-tanca-lodz-na-2026-rok\/\">here<\/a><\/p>","protected":false},"excerpt":{"rendered":"<p>Zapraszamy do zakupu unikatowego kalendarza, na stronach kt\u00f3rego znajduj\u0105 si\u0119 zdj\u0119cia MAD FOTOGRAFIA, a modelami byli tancerze Dzieci\u0119cego Zespo\u0142u Pie\u015bni i Ta\u0144ca \u201e\u0141\u00f3deczki\u201d oraz Zespo\u0142u Pie\u015bni i Ta\u0144ca \u201e\u0141\u00f3d\u017a\u201d. Cena jednostkowa: 27 z\u0142 Po zakupieniu kalendarza zapraszamy po odbi\u00f3r w godzinach otwarcia MSK: Chojny \u2013 Centrum Kultury M\u0142odych przy ul. Lokatorskiej 13, od 29.01.2026 w\u0142\u0105cznie\u00a0 [&hellip;]<\/p>","protected":false},"author":3,"featured_media":134161,"comment_status":"closed","ping_status":"closed","sticky":false,"template":"","format":"standard","meta":{"footnotes":""},"categories":[212,211],"tags":[],"class_list":["post-134162","post","type-post","status-publish","format-standard","has-post-thumbnail","hentry","category-aktualnosci-msk-chojny","category-msk-chojny"],"yoast_head":"<!-- This site is optimized with the Yoast SEO plugin v26.5 - https:\/\/yoast.com\/wordpress\/plugins\/seo\/ -->\n<title>Zdob\u0105d\u017a kalendarz Zespo\u0142u Pie\u015bni i Ta\u0144ca \u0141\u00f3d\u017a na 2026. rok! - MSK<\/title>\n<meta name=\"robots\" content=\"index, follow, max-snippet:-1, max-image-preview:large, max-video-preview:-1\" \/>\n<link rel=\"canonical\" href=\"https:\/\/msk.lodz.pl\/en\/zdobadz-kalendarz-zespolu-piesni-i-tanca-lodz-na-2026-rok\/\" \/>\n<meta property=\"og:locale\" content=\"en_GB\" \/>\n<meta property=\"og:type\" content=\"article\" \/>\n<meta property=\"og:title\" content=\"Zdob\u0105d\u017a kalendarz Zespo\u0142u Pie\u015bni i Ta\u0144ca \u0141\u00f3d\u017a na 2026. rok! - MSK\" \/>\n<meta property=\"og:description\" content=\"Zapraszamy do zakupu unikatowego kalendarza, na stronach kt\u00f3rego znajduj\u0105 si\u0119 zdj\u0119cia MAD FOTOGRAFIA, a modelami byli tancerze Dzieci\u0119cego Zespo\u0142u Pie\u015bni i Ta\u0144ca \u201e\u0141\u00f3deczki\u201d oraz Zespo\u0142u Pie\u015bni i Ta\u0144ca \u201e\u0141\u00f3d\u017a\u201d. Cena jednostkowa: 27 z\u0142 Po zakupieniu kalendarza zapraszamy po odbi\u00f3r w godzinach otwarcia MSK: Chojny \u2013 Centrum Kultury M\u0142odych przy ul. Lokatorskiej 13, od 29.01.2026 w\u0142\u0105cznie\u00a0 [&hellip;]\" \/>\n<meta property=\"og:url\" content=\"https:\/\/msk.lodz.pl\/en\/zdobadz-kalendarz-zespolu-piesni-i-tanca-lodz-na-2026-rok\/\" \/>\n<meta property=\"og:site_name\" content=\"MSK\" \/>\n<meta property=\"article:published_time\" content=\"2026-01-23T12:52:25+00:00\" \/>\n<meta property=\"article:modified_time\" content=\"2026-01-23T12:52:30+00:00\" \/>\n<meta property=\"og:image\" content=\"https:\/\/msk.lodz.pl\/wp-content\/uploads\/2026\/01\/www-3.png\" \/>\n\t<meta property=\"og:image:width\" content=\"1246\" \/>\n\t<meta property=\"og:image:height\" content=\"896\" \/>\n\t<meta property=\"og:image:type\" content=\"image\/png\" \/>\n<meta name=\"author\" content=\"Aleksandra Sowa\" \/>\n<meta name=\"twitter:card\" content=\"summary_large_image\" \/>\n<meta name=\"twitter:label1\" content=\"Written by\" \/>\n\t<meta name=\"twitter:data1\" content=\"Aleksandra Sowa\" \/>\n\t<meta name=\"twitter:label2\" content=\"Estimated reading time\" \/>\n\t<meta name=\"twitter:data2\" content=\"1 minute\" \/>\n<script type=\"application\/ld+json\" class=\"yoast-schema-graph\">{\"@context\":\"https:\/\/schema.org\",\"@graph\":[{\"@type\":\"Article\",\"@id\":\"https:\/\/msk.lodz.pl\/zdobadz-kalendarz-zespolu-piesni-i-tanca-lodz-na-2026-rok\/#article\",\"isPartOf\":{\"@id\":\"https:\/\/msk.lodz.pl\/zdobadz-kalendarz-zespolu-piesni-i-tanca-lodz-na-2026-rok\/\"},\"author\":{\"name\":\"Aleksandra Sowa\",\"@id\":\"https:\/\/msk.lodz.pl\/#\/schema\/person\/7a397b10f9bac91b62bc4836aff6fed8\"},\"headline\":\"Zdob\u0105d\u017a kalendarz Zespo\u0142u Pie\u015bni i Ta\u0144ca \u0141\u00f3d\u017a na 2026. rok!\",\"datePublished\":\"2026-01-23T12:52:25+00:00\",\"dateModified\":\"2026-01-23T12:52:30+00:00\",\"mainEntityOfPage\":{\"@id\":\"https:\/\/msk.lodz.pl\/zdobadz-kalendarz-zespolu-piesni-i-tanca-lodz-na-2026-rok\/\"},\"wordCount\":80,\"publisher\":{\"@id\":\"https:\/\/msk.lodz.pl\/#organization\"},\"image\":{\"@id\":\"https:\/\/msk.lodz.pl\/zdobadz-kalendarz-zespolu-piesni-i-tanca-lodz-na-2026-rok\/#primaryimage\"},\"thumbnailUrl\":\"https:\/\/msk.lodz.pl\/wp-content\/uploads\/2026\/01\/www-3.png\",\"articleSection\":[\"Aktualno\u015bci\",\"MSK: Chojny\"],\"inLanguage\":\"en-GB\"},{\"@type\":\"WebPage\",\"@id\":\"https:\/\/msk.lodz.pl\/zdobadz-kalendarz-zespolu-piesni-i-tanca-lodz-na-2026-rok\/\",\"url\":\"https:\/\/msk.lodz.pl\/zdobadz-kalendarz-zespolu-piesni-i-tanca-lodz-na-2026-rok\/\",\"name\":\"Zdob\u0105d\u017a kalendarz Zespo\u0142u Pie\u015bni i Ta\u0144ca \u0141\u00f3d\u017a na 2026. rok! - MSK\",\"isPartOf\":{\"@id\":\"https:\/\/msk.lodz.pl\/#website\"},\"primaryImageOfPage\":{\"@id\":\"https:\/\/msk.lodz.pl\/zdobadz-kalendarz-zespolu-piesni-i-tanca-lodz-na-2026-rok\/#primaryimage\"},\"image\":{\"@id\":\"https:\/\/msk.lodz.pl\/zdobadz-kalendarz-zespolu-piesni-i-tanca-lodz-na-2026-rok\/#primaryimage\"},\"thumbnailUrl\":\"https:\/\/msk.lodz.pl\/wp-content\/uploads\/2026\/01\/www-3.png\",\"datePublished\":\"2026-01-23T12:52:25+00:00\",\"dateModified\":\"2026-01-23T12:52:30+00:00\",\"breadcrumb\":{\"@id\":\"https:\/\/msk.lodz.pl\/zdobadz-kalendarz-zespolu-piesni-i-tanca-lodz-na-2026-rok\/#breadcrumb\"},\"inLanguage\":\"en-GB\",\"potentialAction\":[{\"@type\":\"ReadAction\",\"target\":[\"https:\/\/msk.lodz.pl\/zdobadz-kalendarz-zespolu-piesni-i-tanca-lodz-na-2026-rok\/\"]}]},{\"@type\":\"ImageObject\",\"inLanguage\":\"en-GB\",\"@id\":\"https:\/\/msk.lodz.pl\/zdobadz-kalendarz-zespolu-piesni-i-tanca-lodz-na-2026-rok\/#primaryimage\",\"url\":\"https:\/\/msk.lodz.pl\/wp-content\/uploads\/2026\/01\/www-3.png\",\"contentUrl\":\"https:\/\/msk.lodz.pl\/wp-content\/uploads\/2026\/01\/www-3.png\",\"width\":1246,\"height\":896},{\"@type\":\"BreadcrumbList\",\"@id\":\"https:\/\/msk.lodz.pl\/zdobadz-kalendarz-zespolu-piesni-i-tanca-lodz-na-2026-rok\/#breadcrumb\",\"itemListElement\":[{\"@type\":\"ListItem\",\"position\":1,\"name\":\"Strona g\u0142\u00f3wna\",\"item\":\"http:\/\/msk.lodz.pl\/en\/\"},{\"@type\":\"ListItem\",\"position\":2,\"name\":\"Zdob\u0105d\u017a kalendarz Zespo\u0142u Pie\u015bni i Ta\u0144ca \u0141\u00f3d\u017a na 2026. rok!\"}]},{\"@type\":\"WebSite\",\"@id\":\"https:\/\/msk.lodz.pl\/#website\",\"url\":\"https:\/\/msk.lodz.pl\/\",\"name\":\"MSK - \u0141\u00f3d\u017a\",\"description\":\"\",\"publisher\":{\"@id\":\"https:\/\/msk.lodz.pl\/#organization\"},\"potentialAction\":[{\"@type\":\"SearchAction\",\"target\":{\"@type\":\"EntryPoint\",\"urlTemplate\":\"https:\/\/msk.lodz.pl\/?s={search_term_string}\"},\"query-input\":{\"@type\":\"PropertyValueSpecification\",\"valueRequired\":true,\"valueName\":\"search_term_string\"}}],\"inLanguage\":\"en-GB\"},{\"@type\":\"Organization\",\"@id\":\"https:\/\/msk.lodz.pl\/#organization\",\"name\":\"MSK - \u0141\u00f3d\u017a\",\"url\":\"https:\/\/msk.lodz.pl\/\",\"logo\":{\"@type\":\"ImageObject\",\"inLanguage\":\"en-GB\",\"@id\":\"https:\/\/msk.lodz.pl\/#\/schema\/logo\/image\/\",\"url\":\"https:\/\/msk.lodz.pl\/wp-content\/uploads\/2023\/04\/cropped-Fav_icon_MSK.png\",\"contentUrl\":\"https:\/\/msk.lodz.pl\/wp-content\/uploads\/2023\/04\/cropped-Fav_icon_MSK.png\",\"width\":512,\"height\":512,\"caption\":\"MSK - \u0141\u00f3d\u017a\"},\"image\":{\"@id\":\"https:\/\/msk.lodz.pl\/#\/schema\/logo\/image\/\"}},{\"@type\":\"Person\",\"@id\":\"https:\/\/msk.lodz.pl\/#\/schema\/person\/7a397b10f9bac91b62bc4836aff6fed8\",\"name\":\"Aleksandra Sowa\",\"image\":{\"@type\":\"ImageObject\",\"inLanguage\":\"en-GB\",\"@id\":\"https:\/\/msk.lodz.pl\/#\/schema\/person\/image\/\",\"url\":\"https:\/\/secure.gravatar.com\/avatar\/7d16c1079266eae429b8725d6b8f490a80ccf7fbb4e3b6223f499aa34088ea85?s=96&d=mm&r=g\",\"contentUrl\":\"https:\/\/secure.gravatar.com\/avatar\/7d16c1079266eae429b8725d6b8f490a80ccf7fbb4e3b6223f499aa34088ea85?s=96&d=mm&r=g\",\"caption\":\"Aleksandra Sowa\"},\"url\":\"https:\/\/msk.lodz.pl\/en\/author\/a-sowa\/\"}]}<\/script>\n<!-- \/ Yoast SEO plugin. -->","yoast_head_json":{"title":"Zdob\u0105d\u017a kalendarz Zespo\u0142u Pie\u015bni i Ta\u0144ca \u0141\u00f3d\u017a na 2026. rok! - MSK","robots":{"index":"index","follow":"follow","max-snippet":"max-snippet:-1","max-image-preview":"max-image-preview:large","max-video-preview":"max-video-preview:-1"},"canonical":"https:\/\/msk.lodz.pl\/en\/zdobadz-kalendarz-zespolu-piesni-i-tanca-lodz-na-2026-rok\/","og_locale":"en_GB","og_type":"article","og_title":"Zdob\u0105d\u017a kalendarz Zespo\u0142u Pie\u015bni i Ta\u0144ca \u0141\u00f3d\u017a na 2026. rok! - MSK","og_description":"Zapraszamy do zakupu unikatowego kalendarza, na stronach kt\u00f3rego znajduj\u0105 si\u0119 zdj\u0119cia MAD FOTOGRAFIA, a modelami byli tancerze Dzieci\u0119cego Zespo\u0142u Pie\u015bni i Ta\u0144ca \u201e\u0141\u00f3deczki\u201d oraz Zespo\u0142u Pie\u015bni i Ta\u0144ca \u201e\u0141\u00f3d\u017a\u201d. Cena jednostkowa: 27 z\u0142 Po zakupieniu kalendarza zapraszamy po odbi\u00f3r w godzinach otwarcia MSK: Chojny \u2013 Centrum Kultury M\u0142odych przy ul. Lokatorskiej 13, od 29.01.2026 w\u0142\u0105cznie\u00a0 [&hellip;]","og_url":"https:\/\/msk.lodz.pl\/en\/zdobadz-kalendarz-zespolu-piesni-i-tanca-lodz-na-2026-rok\/","og_site_name":"MSK","article_published_time":"2026-01-23T12:52:25+00:00","article_modified_time":"2026-01-23T12:52:30+00:00","og_image":[{"width":1246,"height":896,"url":"https:\/\/msk.lodz.pl\/wp-content\/uploads\/2026\/01\/www-3.png","type":"image\/png"}],"author":"Aleksandra Sowa","twitter_card":"summary_large_image","twitter_misc":{"Written by":"Aleksandra Sowa","Estimated reading time":"1 minute"},"schema":{"@context":"https:\/\/schema.org","@graph":[{"@type":"Article","@id":"https:\/\/msk.lodz.pl\/zdobadz-kalendarz-zespolu-piesni-i-tanca-lodz-na-2026-rok\/#article","isPartOf":{"@id":"https:\/\/msk.lodz.pl\/zdobadz-kalendarz-zespolu-piesni-i-tanca-lodz-na-2026-rok\/"},"author":{"name":"Aleksandra Sowa","@id":"https:\/\/msk.lodz.pl\/#\/schema\/person\/7a397b10f9bac91b62bc4836aff6fed8"},"headline":"Zdob\u0105d\u017a kalendarz Zespo\u0142u Pie\u015bni i Ta\u0144ca \u0141\u00f3d\u017a na 2026. rok!","datePublished":"2026-01-23T12:52:25+00:00","dateModified":"2026-01-23T12:52:30+00:00","mainEntityOfPage":{"@id":"https:\/\/msk.lodz.pl\/zdobadz-kalendarz-zespolu-piesni-i-tanca-lodz-na-2026-rok\/"},"wordCount":80,"publisher":{"@id":"https:\/\/msk.lodz.pl\/#organization"},"image":{"@id":"https:\/\/msk.lodz.pl\/zdobadz-kalendarz-zespolu-piesni-i-tanca-lodz-na-2026-rok\/#primaryimage"},"thumbnailUrl":"https:\/\/msk.lodz.pl\/wp-content\/uploads\/2026\/01\/www-3.png","articleSection":["Aktualno\u015bci","MSK: Chojny"],"inLanguage":"en-GB"},{"@type":"WebPage","@id":"https:\/\/msk.lodz.pl\/zdobadz-kalendarz-zespolu-piesni-i-tanca-lodz-na-2026-rok\/","url":"https:\/\/msk.lodz.pl\/zdobadz-kalendarz-zespolu-piesni-i-tanca-lodz-na-2026-rok\/","name":"Zdob\u0105d\u017a kalendarz Zespo\u0142u Pie\u015bni i Ta\u0144ca \u0141\u00f3d\u017a na 2026. rok! - MSK","isPartOf":{"@id":"https:\/\/msk.lodz.pl\/#website"},"primaryImageOfPage":{"@id":"https:\/\/msk.lodz.pl\/zdobadz-kalendarz-zespolu-piesni-i-tanca-lodz-na-2026-rok\/#primaryimage"},"image":{"@id":"https:\/\/msk.lodz.pl\/zdobadz-kalendarz-zespolu-piesni-i-tanca-lodz-na-2026-rok\/#primaryimage"},"thumbnailUrl":"https:\/\/msk.lodz.pl\/wp-content\/uploads\/2026\/01\/www-3.png","datePublished":"2026-01-23T12:52:25+00:00","dateModified":"2026-01-23T12:52:30+00:00","breadcrumb":{"@id":"https:\/\/msk.lodz.pl\/zdobadz-kalendarz-zespolu-piesni-i-tanca-lodz-na-2026-rok\/#breadcrumb"},"inLanguage":"en-GB","potentialAction":[{"@type":"ReadAction","target":["https:\/\/msk.lodz.pl\/zdobadz-kalendarz-zespolu-piesni-i-tanca-lodz-na-2026-rok\/"]}]},{"@type":"ImageObject","inLanguage":"en-GB","@id":"https:\/\/msk.lodz.pl\/zdobadz-kalendarz-zespolu-piesni-i-tanca-lodz-na-2026-rok\/#primaryimage","url":"https:\/\/msk.lodz.pl\/wp-content\/uploads\/2026\/01\/www-3.png","contentUrl":"https:\/\/msk.lodz.pl\/wp-content\/uploads\/2026\/01\/www-3.png","width":1246,"height":896},{"@type":"BreadcrumbList","@id":"https:\/\/msk.lodz.pl\/zdobadz-kalendarz-zespolu-piesni-i-tanca-lodz-na-2026-rok\/#breadcrumb","itemListElement":[{"@type":"ListItem","position":1,"name":"Strona g\u0142\u00f3wna","item":"http:\/\/msk.lodz.pl\/en\/"},{"@type":"ListItem","position":2,"name":"Zdob\u0105d\u017a kalendarz Zespo\u0142u Pie\u015bni i Ta\u0144ca \u0141\u00f3d\u017a na 2026. rok!"}]},{"@type":"WebSite","@id":"https:\/\/msk.lodz.pl\/#website","url":"https:\/\/msk.lodz.pl\/","name":"MSK - \u0141\u00f3d\u017a","description":"","publisher":{"@id":"https:\/\/msk.lodz.pl\/#organization"},"potentialAction":[{"@type":"SearchAction","target":{"@type":"EntryPoint","urlTemplate":"https:\/\/msk.lodz.pl\/?s={search_term_string}"},"query-input":{"@type":"PropertyValueSpecification","valueRequired":true,"valueName":"search_term_string"}}],"inLanguage":"en-GB"},{"@type":"Organization","@id":"https:\/\/msk.lodz.pl\/#organization","name":"MSK - \u0141\u00f3d\u017a","url":"https:\/\/msk.lodz.pl\/","logo":{"@type":"ImageObject","inLanguage":"en-GB","@id":"https:\/\/msk.lodz.pl\/#\/schema\/logo\/image\/","url":"https:\/\/msk.lodz.pl\/wp-content\/uploads\/2023\/04\/cropped-Fav_icon_MSK.png","contentUrl":"https:\/\/msk.lodz.pl\/wp-content\/uploads\/2023\/04\/cropped-Fav_icon_MSK.png","width":512,"height":512,"caption":"MSK - \u0141\u00f3d\u017a"},"image":{"@id":"https:\/\/msk.lodz.pl\/#\/schema\/logo\/image\/"}},{"@type":"Person","@id":"https:\/\/msk.lodz.pl\/#\/schema\/person\/7a397b10f9bac91b62bc4836aff6fed8","name":"Aleksandra Sowa","image":{"@type":"ImageObject","inLanguage":"en-GB","@id":"https:\/\/msk.lodz.pl\/#\/schema\/person\/image\/","url":"https:\/\/secure.gravatar.com\/avatar\/7d16c1079266eae429b8725d6b8f490a80ccf7fbb4e3b6223f499aa34088ea85?s=96&d=mm&r=g","contentUrl":"https:\/\/secure.gravatar.com\/avatar\/7d16c1079266eae429b8725d6b8f490a80ccf7fbb4e3b6223f499aa34088ea85?s=96&d=mm&r=g","caption":"Aleksandra Sowa"},"url":"https:\/\/msk.lodz.pl\/en\/author\/a-sowa\/"}]}},"_links":{"self":[{"href":"https:\/\/msk.lodz.pl\/en\/wp-json\/wp\/v2\/posts\/134162","targetHints":{"allow":["GET"]}}],"collection":[{"href":"https:\/\/msk.lodz.pl\/en\/wp-json\/wp\/v2\/posts"}],"about":[{"href":"https:\/\/msk.lodz.pl\/en\/wp-json\/wp\/v2\/types\/post"}],"author":[{"embeddable":true,"href":"https:\/\/msk.lodz.pl\/en\/wp-json\/wp\/v2\/users\/3"}],"replies":[{"embeddable":true,"href":"https:\/\/msk.lodz.pl\/en\/wp-json\/wp\/v2\/comments?post=134162"}],"version-history":[{"count":0,"href":"https:\/\/msk.lodz.pl\/en\/wp-json\/wp\/v2\/posts\/134162\/revisions"}],"wp:featuredmedia":[{"embeddable":true,"href":"https:\/\/msk.lodz.pl\/en\/wp-json\/wp\/v2\/media\/134161"}],"wp:attachment":[{"href":"https:\/\/msk.lodz.pl\/en\/wp-json\/wp\/v2\/media?parent=134162"}],"wp:term":[{"taxonomy":"category","embeddable":true,"href":"https:\/\/msk.lodz.pl\/en\/wp-json\/wp\/v2\/categories?post=134162"},{"taxonomy":"post_tag","embeddable":true,"href":"https:\/\/msk.lodz.pl\/en\/wp-json\/wp\/v2\/tags?post=134162"}],"curies":[{"name":"wp","href":"https:\/\/api.w.org\/{rel}","templated":true}]}}