{"id":150964,"date":"2026-04-28T14:15:31","date_gmt":"2026-04-28T12:15:31","guid":{"rendered":"https:\/\/msk.lodz.pl\/?p=150964"},"modified":"2026-04-29T14:58:10","modified_gmt":"2026-04-29T12:58:10","slug":"20-edycja-lalkowych-spotkan-teatralnych-im-waldemara-presi","status":"publish","type":"post","link":"https:\/\/msk.lodz.pl\/en\/20-edycja-lalkowych-spotkan-teatralnych-im-waldemara-presi\/","title":{"rendered":"20 edycja LALKOWYCH SPOTKA\u0143 TEATRALNYCH im. Waldemara Presi"},"content":{"rendered":"<p><\/p>\n\n\n\n<p>W 2026 roku<strong> Lalkowe Spotkania Teatralne im. Waldemara Presi <\/strong>\u015bwi\u0119tuj\u0105 sw\u00f3j wyj\u0105tkowy jubileusz \u2013 dwudziest\u0105 edycj\u0119. Wydarzenie organizowane jest przez SP nr 23 w \u0141odzi we wsp\u00f3\u0142pracy z MSK: Widzew Wsch\u00f3d \u2013 Domem Kultury 502.<\/p>\n\n\n\n<p>Lalkowe Spotkania Teatralne to jedna z nielicznych w \u0141odzi imprez dla dzieci, kt\u00f3ra propaguje i popularyzuje teatr lalki. Ma ona charakter konkursu, kt\u00f3ry rozgrywa si\u0119 w dw\u00f3ch niezale\u017cnych od siebie kategoriach: <strong>plastycznej <\/strong>(wykonanie lalki inspirowanej produkcjami Studia Filmowego Se-Ma-For w \u0141odzi) i kategorii <strong>teatralnej <\/strong>(zaprezentowanie sztuki, w kt\u00f3rej wyst\u0105pi\u0142y elementy animacji lalki lub maski). 29 maja odb\u0119dzie si\u0119 fina\u0142, podczas kt\u00f3rego zostan\u0105 og\u0142oszeni zwyci\u0119zcy.<\/p>\n\n\n\n<p>Deadline:<\/p>\n\n\n\n<p><strong>20 maja, godz. 9:00 Przegl\u0105d Teatralny<\/strong><\/p>\n\n\n\n<p><strong>29 maja, godz. 11:00 Fina\u0142<\/strong><\/p>\n\n\n\n<p>Miejsce: MSK: Widzew Wsch\u00f3d &#8211; Dom Kultury 502, ul. Sacharowa 18 w \u0141odzi.<\/p>\n\n\n\n<p><strong>Regulaminy do pobrania:<\/strong><\/p>\n\n\n\n<div data-wp-interactive=\"core\/file\" class=\"wp-block-file\"><object data-wp-bind--hidden=\"!state.hasPdfPreview\" hidden class=\"wp-block-file__embed\" data=\"https:\/\/msk.lodz.pl\/wp-content\/uploads\/2026\/04\/2026-INFORMACJE-O-KONKURSIE-1.pdf\" type=\"application\/pdf\" style=\"width:100%;height:600px\" aria-label=\"Embed of 2026 INFORMACJE O KONKURSIE.\"><\/object><a id=\"wp-block-file--media-5c2c1755-dcb8-4c4c-be7f-b2c1100dd097\" href=\"https:\/\/msk.lodz.pl\/wp-content\/uploads\/2026\/04\/2026-INFORMACJE-O-KONKURSIE-1.pdf\">2026 INFORMACJE O KONKURSIE<\/a><a href=\"https:\/\/msk.lodz.pl\/wp-content\/uploads\/2026\/04\/2026-INFORMACJE-O-KONKURSIE-1.pdf\" class=\"wp-block-file__button wp-element-button\" download aria-describedby=\"wp-block-file--media-5c2c1755-dcb8-4c4c-be7f-b2c1100dd097\">Pobierz<\/a><\/div>\n\n\n\n<div data-wp-interactive=\"core\/file\" class=\"wp-block-file\"><object data-wp-bind--hidden=\"!state.hasPdfPreview\" hidden class=\"wp-block-file__embed\" data=\"https:\/\/msk.lodz.pl\/wp-content\/uploads\/2026\/04\/2026-KARTY-ZGLOSZENIA.pdf\" type=\"application\/pdf\" style=\"width:100%;height:600px\" aria-label=\"Embed of 2026 KARTY ZG\u0141OSZENIA.\"><\/object><a id=\"wp-block-file--media-7a90586f-3e5a-4605-bf4c-ccd2964157bb\" href=\"https:\/\/msk.lodz.pl\/wp-content\/uploads\/2026\/04\/2026-KARTY-ZGLOSZENIA.pdf\">2026 KARTY ZG\u0141OSZENIA<\/a><a href=\"https:\/\/msk.lodz.pl\/wp-content\/uploads\/2026\/04\/2026-KARTY-ZGLOSZENIA.pdf\" class=\"wp-block-file__button wp-element-button\" download aria-describedby=\"wp-block-file--media-7a90586f-3e5a-4605-bf4c-ccd2964157bb\">Pobierz<\/a><\/div>\n\n\n\n<div data-wp-interactive=\"core\/file\" class=\"wp-block-file\"><object data-wp-bind--hidden=\"!state.hasPdfPreview\" hidden class=\"wp-block-file__embed\" data=\"https:\/\/msk.lodz.pl\/wp-content\/uploads\/2026\/04\/2026-Regulamin-Konkursu.pdf\" type=\"application\/pdf\" style=\"width:100%;height:600px\" aria-label=\"Embed of 2026 Regulamin Konkursu.\"><\/object><a id=\"wp-block-file--media-4a053a5a-f06e-4455-b27b-e8779dd54d7e\" href=\"https:\/\/msk.lodz.pl\/wp-content\/uploads\/2026\/04\/2026-Regulamin-Konkursu.pdf\">2026 Regulamin Konkursu<\/a><a href=\"https:\/\/msk.lodz.pl\/wp-content\/uploads\/2026\/04\/2026-Regulamin-Konkursu.pdf\" class=\"wp-block-file__button wp-element-button\" download aria-describedby=\"wp-block-file--media-4a053a5a-f06e-4455-b27b-e8779dd54d7e\">Pobierz<\/a><\/div>\n\n\n\n<div data-wp-interactive=\"core\/file\" class=\"wp-block-file\"><object data-wp-bind--hidden=\"!state.hasPdfPreview\" hidden class=\"wp-block-file__embed\" data=\"https:\/\/msk.lodz.pl\/wp-content\/uploads\/2026\/04\/2026-Zgoda-rodzica-konkurs-Lalka.pdf\" type=\"application\/pdf\" style=\"width:100%;height:600px\" aria-label=\"Embed of 2026 Zgoda rodzica-konkurs-Lalka.\"><\/object><a id=\"wp-block-file--media-c85daa6b-d967-4c5d-b8ca-d757e4cde467\" href=\"https:\/\/msk.lodz.pl\/wp-content\/uploads\/2026\/04\/2026-Zgoda-rodzica-konkurs-Lalka.pdf\">2026 Zgoda rodzica-konkurs-Lalka<\/a><a href=\"https:\/\/msk.lodz.pl\/wp-content\/uploads\/2026\/04\/2026-Zgoda-rodzica-konkurs-Lalka.pdf\" class=\"wp-block-file__button wp-element-button\" download aria-describedby=\"wp-block-file--media-c85daa6b-d967-4c5d-b8ca-d757e4cde467\">Pobierz<\/a><\/div>\n\n\n\n<div data-wp-interactive=\"core\/file\" class=\"wp-block-file\"><object data-wp-bind--hidden=\"!state.hasPdfPreview\" hidden class=\"wp-block-file__embed\" data=\"https:\/\/msk.lodz.pl\/wp-content\/uploads\/2026\/04\/2026-Zgoda-rodzica-konkurs-Zlota-Maska.pdf\" type=\"application\/pdf\" style=\"width:100%;height:600px\" aria-label=\"Embed of 2026 Zgoda rodzica-konkurs-Zlota-Maska.\"><\/object><a id=\"wp-block-file--media-43c7dc76-f331-4f34-b03b-7b8ec8125073\" href=\"https:\/\/msk.lodz.pl\/wp-content\/uploads\/2026\/04\/2026-Zgoda-rodzica-konkurs-Zlota-Maska.pdf\">2026 Zgoda rodzica-konkurs-Zlota-Maska<\/a><a href=\"https:\/\/msk.lodz.pl\/wp-content\/uploads\/2026\/04\/2026-Zgoda-rodzica-konkurs-Zlota-Maska.pdf\" class=\"wp-block-file__button wp-element-button\" download aria-describedby=\"wp-block-file--media-43c7dc76-f331-4f34-b03b-7b8ec8125073\">Pobierz<\/a><\/div>","protected":false},"excerpt":{"rendered":"<p>W 2026 roku Lalkowe Spotkania Teatralne im. Waldemara Presi \u015bwi\u0119tuj\u0105 sw\u00f3j wyj\u0105tkowy jubileusz \u2013 dwudziest\u0105 edycj\u0119. Wydarzenie organizowane jest przez SP nr 23 w \u0141odzi we wsp\u00f3\u0142pracy z MSK: Widzew Wsch\u00f3d \u2013 Domem Kultury 502. Lalkowe Spotkania Teatralne to jedna z nielicznych w \u0141odzi imprez dla dzieci, kt\u00f3ra propaguje i popularyzuje teatr lalki. Ma ona [&hellip;]<\/p>","protected":false},"author":111,"featured_media":151132,"comment_status":"closed","ping_status":"closed","sticky":false,"template":"","format":"standard","meta":{"footnotes":""},"categories":[227],"tags":[955,959,957,38],"class_list":["post-150964","post","type-post","status-publish","format-standard","has-post-thumbnail","hentry","category-aktualnosci-msk-widzew-wschod","tag-lalki","tag-maska","tag-przeglad-teatralny","tag-teatr"],"yoast_head":"<!-- This site is optimized with the Yoast SEO plugin v26.5 - https:\/\/yoast.com\/wordpress\/plugins\/seo\/ -->\n<title>20 edycja LALKOWYCH SPOTKA\u0143 TEATRALNYCH im. Waldemara Presi - MSK<\/title>\n<meta name=\"robots\" content=\"index, follow, max-snippet:-1, max-image-preview:large, max-video-preview:-1\" \/>\n<link rel=\"canonical\" href=\"https:\/\/msk.lodz.pl\/en\/20-edycja-lalkowych-spotkan-teatralnych-im-waldemara-presi\/\" \/>\n<meta property=\"og:locale\" content=\"en_GB\" \/>\n<meta property=\"og:type\" content=\"article\" \/>\n<meta property=\"og:title\" content=\"20 edycja LALKOWYCH SPOTKA\u0143 TEATRALNYCH im. Waldemara Presi - MSK\" \/>\n<meta property=\"og:description\" content=\"W 2026 roku Lalkowe Spotkania Teatralne im. Waldemara Presi \u015bwi\u0119tuj\u0105 sw\u00f3j wyj\u0105tkowy jubileusz \u2013 dwudziest\u0105 edycj\u0119. Wydarzenie organizowane jest przez SP nr 23 w \u0141odzi we wsp\u00f3\u0142pracy z MSK: Widzew Wsch\u00f3d \u2013 Domem Kultury 502. Lalkowe Spotkania Teatralne to jedna z nielicznych w \u0141odzi imprez dla dzieci, kt\u00f3ra propaguje i popularyzuje teatr lalki. Ma ona [&hellip;]\" \/>\n<meta property=\"og:url\" content=\"https:\/\/msk.lodz.pl\/en\/20-edycja-lalkowych-spotkan-teatralnych-im-waldemara-presi\/\" \/>\n<meta property=\"og:site_name\" content=\"MSK\" \/>\n<meta property=\"article:published_time\" content=\"2026-04-28T12:15:31+00:00\" \/>\n<meta property=\"article:modified_time\" content=\"2026-04-29T12:58:10+00:00\" \/>\n<meta property=\"og:image\" content=\"https:\/\/msk.lodz.pl\/wp-content\/uploads\/2026\/04\/JEZYK-WLOSKI-DLA-DOROSLYCH-OD-PODSTAW-1-1.png\" \/>\n\t<meta property=\"og:image:width\" content=\"1424\" \/>\n\t<meta property=\"og:image:height\" content=\"1024\" \/>\n\t<meta property=\"og:image:type\" content=\"image\/png\" \/>\n<meta name=\"author\" content=\"Irmina Roter-Gawlowska\" \/>\n<meta name=\"twitter:card\" content=\"summary_large_image\" \/>\n<meta name=\"twitter:label1\" content=\"Written by\" \/>\n\t<meta name=\"twitter:data1\" content=\"Irmina Roter-Gawlowska\" \/>\n\t<meta name=\"twitter:label2\" content=\"Estimated reading time\" \/>\n\t<meta name=\"twitter:data2\" content=\"2 minutes\" \/>\n<script type=\"application\/ld+json\" class=\"yoast-schema-graph\">{\"@context\":\"https:\/\/schema.org\",\"@graph\":[{\"@type\":\"Article\",\"@id\":\"https:\/\/msk.lodz.pl\/20-edycja-lalkowych-spotkan-teatralnych-im-waldemara-presi\/#article\",\"isPartOf\":{\"@id\":\"https:\/\/msk.lodz.pl\/20-edycja-lalkowych-spotkan-teatralnych-im-waldemara-presi\/\"},\"author\":{\"name\":\"Irmina Roter-Gawlowska\",\"@id\":\"https:\/\/msk.lodz.pl\/#\/schema\/person\/c8bd14914498164f73a777a9927264c3\"},\"headline\":\"20 edycja LALKOWYCH SPOTKA\u0143 TEATRALNYCH im. Waldemara Presi\",\"datePublished\":\"2026-04-28T12:15:31+00:00\",\"dateModified\":\"2026-04-29T12:58:10+00:00\",\"mainEntityOfPage\":{\"@id\":\"https:\/\/msk.lodz.pl\/20-edycja-lalkowych-spotkan-teatralnych-im-waldemara-presi\/\"},\"wordCount\":157,\"publisher\":{\"@id\":\"https:\/\/msk.lodz.pl\/#organization\"},\"image\":{\"@id\":\"https:\/\/msk.lodz.pl\/20-edycja-lalkowych-spotkan-teatralnych-im-waldemara-presi\/#primaryimage\"},\"thumbnailUrl\":\"https:\/\/msk.lodz.pl\/wp-content\/uploads\/2026\/04\/JEZYK-WLOSKI-DLA-DOROSLYCH-OD-PODSTAW-1-1.png\",\"keywords\":[\"lalki\",\"maska\",\"przegl\u0105d teatralny\",\"Teatr\"],\"articleSection\":[\"Aktualno\u015bci\"],\"inLanguage\":\"en-GB\"},{\"@type\":\"WebPage\",\"@id\":\"https:\/\/msk.lodz.pl\/20-edycja-lalkowych-spotkan-teatralnych-im-waldemara-presi\/\",\"url\":\"https:\/\/msk.lodz.pl\/20-edycja-lalkowych-spotkan-teatralnych-im-waldemara-presi\/\",\"name\":\"20 edycja LALKOWYCH SPOTKA\u0143 TEATRALNYCH im. Waldemara Presi - MSK\",\"isPartOf\":{\"@id\":\"https:\/\/msk.lodz.pl\/#website\"},\"primaryImageOfPage\":{\"@id\":\"https:\/\/msk.lodz.pl\/20-edycja-lalkowych-spotkan-teatralnych-im-waldemara-presi\/#primaryimage\"},\"image\":{\"@id\":\"https:\/\/msk.lodz.pl\/20-edycja-lalkowych-spotkan-teatralnych-im-waldemara-presi\/#primaryimage\"},\"thumbnailUrl\":\"https:\/\/msk.lodz.pl\/wp-content\/uploads\/2026\/04\/JEZYK-WLOSKI-DLA-DOROSLYCH-OD-PODSTAW-1-1.png\",\"datePublished\":\"2026-04-28T12:15:31+00:00\",\"dateModified\":\"2026-04-29T12:58:10+00:00\",\"breadcrumb\":{\"@id\":\"https:\/\/msk.lodz.pl\/20-edycja-lalkowych-spotkan-teatralnych-im-waldemara-presi\/#breadcrumb\"},\"inLanguage\":\"en-GB\",\"potentialAction\":[{\"@type\":\"ReadAction\",\"target\":[\"https:\/\/msk.lodz.pl\/20-edycja-lalkowych-spotkan-teatralnych-im-waldemara-presi\/\"]}]},{\"@type\":\"ImageObject\",\"inLanguage\":\"en-GB\",\"@id\":\"https:\/\/msk.lodz.pl\/20-edycja-lalkowych-spotkan-teatralnych-im-waldemara-presi\/#primaryimage\",\"url\":\"https:\/\/msk.lodz.pl\/wp-content\/uploads\/2026\/04\/JEZYK-WLOSKI-DLA-DOROSLYCH-OD-PODSTAW-1-1.png\",\"contentUrl\":\"https:\/\/msk.lodz.pl\/wp-content\/uploads\/2026\/04\/JEZYK-WLOSKI-DLA-DOROSLYCH-OD-PODSTAW-1-1.png\",\"width\":1424,\"height\":1024},{\"@type\":\"BreadcrumbList\",\"@id\":\"https:\/\/msk.lodz.pl\/20-edycja-lalkowych-spotkan-teatralnych-im-waldemara-presi\/#breadcrumb\",\"itemListElement\":[{\"@type\":\"ListItem\",\"position\":1,\"name\":\"Strona g\u0142\u00f3wna\",\"item\":\"http:\/\/msk.lodz.pl\/en\/\"},{\"@type\":\"ListItem\",\"position\":2,\"name\":\"20 edycja LALKOWYCH SPOTKA\u0143 TEATRALNYCH im. Waldemara Presi\"}]},{\"@type\":\"WebSite\",\"@id\":\"https:\/\/msk.lodz.pl\/#website\",\"url\":\"https:\/\/msk.lodz.pl\/\",\"name\":\"MSK - \u0141\u00f3d\u017a\",\"description\":\"\",\"publisher\":{\"@id\":\"https:\/\/msk.lodz.pl\/#organization\"},\"potentialAction\":[{\"@type\":\"SearchAction\",\"target\":{\"@type\":\"EntryPoint\",\"urlTemplate\":\"https:\/\/msk.lodz.pl\/?s={search_term_string}\"},\"query-input\":{\"@type\":\"PropertyValueSpecification\",\"valueRequired\":true,\"valueName\":\"search_term_string\"}}],\"inLanguage\":\"en-GB\"},{\"@type\":\"Organization\",\"@id\":\"https:\/\/msk.lodz.pl\/#organization\",\"name\":\"MSK - \u0141\u00f3d\u017a\",\"url\":\"https:\/\/msk.lodz.pl\/\",\"logo\":{\"@type\":\"ImageObject\",\"inLanguage\":\"en-GB\",\"@id\":\"https:\/\/msk.lodz.pl\/#\/schema\/logo\/image\/\",\"url\":\"https:\/\/msk.lodz.pl\/wp-content\/uploads\/2023\/04\/cropped-Fav_icon_MSK.png\",\"contentUrl\":\"https:\/\/msk.lodz.pl\/wp-content\/uploads\/2023\/04\/cropped-Fav_icon_MSK.png\",\"width\":512,\"height\":512,\"caption\":\"MSK - \u0141\u00f3d\u017a\"},\"image\":{\"@id\":\"https:\/\/msk.lodz.pl\/#\/schema\/logo\/image\/\"}},{\"@type\":\"Person\",\"@id\":\"https:\/\/msk.lodz.pl\/#\/schema\/person\/c8bd14914498164f73a777a9927264c3\",\"name\":\"Irmina Roter-Gawlowska\",\"image\":{\"@type\":\"ImageObject\",\"inLanguage\":\"en-GB\",\"@id\":\"https:\/\/msk.lodz.pl\/#\/schema\/person\/image\/\",\"url\":\"https:\/\/secure.gravatar.com\/avatar\/19115b5d24aae3e22d3d31a78586e7509f8fede168c818b959e7487887af22c5?s=96&d=mm&r=g\",\"contentUrl\":\"https:\/\/secure.gravatar.com\/avatar\/19115b5d24aae3e22d3d31a78586e7509f8fede168c818b959e7487887af22c5?s=96&d=mm&r=g\",\"caption\":\"Irmina Roter-Gawlowska\"},\"url\":\"https:\/\/msk.lodz.pl\/en\/author\/irmina-roter-gawlowska\/\"}]}<\/script>\n<!-- \/ Yoast SEO plugin. -->","yoast_head_json":{"title":"20 edycja LALKOWYCH SPOTKA\u0143 TEATRALNYCH im. Waldemara Presi - MSK","robots":{"index":"index","follow":"follow","max-snippet":"max-snippet:-1","max-image-preview":"max-image-preview:large","max-video-preview":"max-video-preview:-1"},"canonical":"https:\/\/msk.lodz.pl\/en\/20-edycja-lalkowych-spotkan-teatralnych-im-waldemara-presi\/","og_locale":"en_GB","og_type":"article","og_title":"20 edycja LALKOWYCH SPOTKA\u0143 TEATRALNYCH im. Waldemara Presi - MSK","og_description":"W 2026 roku Lalkowe Spotkania Teatralne im. Waldemara Presi \u015bwi\u0119tuj\u0105 sw\u00f3j wyj\u0105tkowy jubileusz \u2013 dwudziest\u0105 edycj\u0119. Wydarzenie organizowane jest przez SP nr 23 w \u0141odzi we wsp\u00f3\u0142pracy z MSK: Widzew Wsch\u00f3d \u2013 Domem Kultury 502. Lalkowe Spotkania Teatralne to jedna z nielicznych w \u0141odzi imprez dla dzieci, kt\u00f3ra propaguje i popularyzuje teatr lalki. Ma ona [&hellip;]","og_url":"https:\/\/msk.lodz.pl\/en\/20-edycja-lalkowych-spotkan-teatralnych-im-waldemara-presi\/","og_site_name":"MSK","article_published_time":"2026-04-28T12:15:31+00:00","article_modified_time":"2026-04-29T12:58:10+00:00","og_image":[{"width":1424,"height":1024,"url":"https:\/\/msk.lodz.pl\/wp-content\/uploads\/2026\/04\/JEZYK-WLOSKI-DLA-DOROSLYCH-OD-PODSTAW-1-1.png","type":"image\/png"}],"author":"Irmina Roter-Gawlowska","twitter_card":"summary_large_image","twitter_misc":{"Written by":"Irmina Roter-Gawlowska","Estimated reading time":"2 minutes"},"schema":{"@context":"https:\/\/schema.org","@graph":[{"@type":"Article","@id":"https:\/\/msk.lodz.pl\/20-edycja-lalkowych-spotkan-teatralnych-im-waldemara-presi\/#article","isPartOf":{"@id":"https:\/\/msk.lodz.pl\/20-edycja-lalkowych-spotkan-teatralnych-im-waldemara-presi\/"},"author":{"name":"Irmina Roter-Gawlowska","@id":"https:\/\/msk.lodz.pl\/#\/schema\/person\/c8bd14914498164f73a777a9927264c3"},"headline":"20 edycja LALKOWYCH SPOTKA\u0143 TEATRALNYCH im. Waldemara Presi","datePublished":"2026-04-28T12:15:31+00:00","dateModified":"2026-04-29T12:58:10+00:00","mainEntityOfPage":{"@id":"https:\/\/msk.lodz.pl\/20-edycja-lalkowych-spotkan-teatralnych-im-waldemara-presi\/"},"wordCount":157,"publisher":{"@id":"https:\/\/msk.lodz.pl\/#organization"},"image":{"@id":"https:\/\/msk.lodz.pl\/20-edycja-lalkowych-spotkan-teatralnych-im-waldemara-presi\/#primaryimage"},"thumbnailUrl":"https:\/\/msk.lodz.pl\/wp-content\/uploads\/2026\/04\/JEZYK-WLOSKI-DLA-DOROSLYCH-OD-PODSTAW-1-1.png","keywords":["lalki","maska","przegl\u0105d teatralny","Teatr"],"articleSection":["Aktualno\u015bci"],"inLanguage":"en-GB"},{"@type":"WebPage","@id":"https:\/\/msk.lodz.pl\/20-edycja-lalkowych-spotkan-teatralnych-im-waldemara-presi\/","url":"https:\/\/msk.lodz.pl\/20-edycja-lalkowych-spotkan-teatralnych-im-waldemara-presi\/","name":"20 edycja LALKOWYCH SPOTKA\u0143 TEATRALNYCH im. Waldemara Presi - MSK","isPartOf":{"@id":"https:\/\/msk.lodz.pl\/#website"},"primaryImageOfPage":{"@id":"https:\/\/msk.lodz.pl\/20-edycja-lalkowych-spotkan-teatralnych-im-waldemara-presi\/#primaryimage"},"image":{"@id":"https:\/\/msk.lodz.pl\/20-edycja-lalkowych-spotkan-teatralnych-im-waldemara-presi\/#primaryimage"},"thumbnailUrl":"https:\/\/msk.lodz.pl\/wp-content\/uploads\/2026\/04\/JEZYK-WLOSKI-DLA-DOROSLYCH-OD-PODSTAW-1-1.png","datePublished":"2026-04-28T12:15:31+00:00","dateModified":"2026-04-29T12:58:10+00:00","breadcrumb":{"@id":"https:\/\/msk.lodz.pl\/20-edycja-lalkowych-spotkan-teatralnych-im-waldemara-presi\/#breadcrumb"},"inLanguage":"en-GB","potentialAction":[{"@type":"ReadAction","target":["https:\/\/msk.lodz.pl\/20-edycja-lalkowych-spotkan-teatralnych-im-waldemara-presi\/"]}]},{"@type":"ImageObject","inLanguage":"en-GB","@id":"https:\/\/msk.lodz.pl\/20-edycja-lalkowych-spotkan-teatralnych-im-waldemara-presi\/#primaryimage","url":"https:\/\/msk.lodz.pl\/wp-content\/uploads\/2026\/04\/JEZYK-WLOSKI-DLA-DOROSLYCH-OD-PODSTAW-1-1.png","contentUrl":"https:\/\/msk.lodz.pl\/wp-content\/uploads\/2026\/04\/JEZYK-WLOSKI-DLA-DOROSLYCH-OD-PODSTAW-1-1.png","width":1424,"height":1024},{"@type":"BreadcrumbList","@id":"https:\/\/msk.lodz.pl\/20-edycja-lalkowych-spotkan-teatralnych-im-waldemara-presi\/#breadcrumb","itemListElement":[{"@type":"ListItem","position":1,"name":"Strona g\u0142\u00f3wna","item":"http:\/\/msk.lodz.pl\/en\/"},{"@type":"ListItem","position":2,"name":"20 edycja LALKOWYCH SPOTKA\u0143 TEATRALNYCH im. Waldemara Presi"}]},{"@type":"WebSite","@id":"https:\/\/msk.lodz.pl\/#website","url":"https:\/\/msk.lodz.pl\/","name":"MSK - \u0141\u00f3d\u017a","description":"","publisher":{"@id":"https:\/\/msk.lodz.pl\/#organization"},"potentialAction":[{"@type":"SearchAction","target":{"@type":"EntryPoint","urlTemplate":"https:\/\/msk.lodz.pl\/?s={search_term_string}"},"query-input":{"@type":"PropertyValueSpecification","valueRequired":true,"valueName":"search_term_string"}}],"inLanguage":"en-GB"},{"@type":"Organization","@id":"https:\/\/msk.lodz.pl\/#organization","name":"MSK - \u0141\u00f3d\u017a","url":"https:\/\/msk.lodz.pl\/","logo":{"@type":"ImageObject","inLanguage":"en-GB","@id":"https:\/\/msk.lodz.pl\/#\/schema\/logo\/image\/","url":"https:\/\/msk.lodz.pl\/wp-content\/uploads\/2023\/04\/cropped-Fav_icon_MSK.png","contentUrl":"https:\/\/msk.lodz.pl\/wp-content\/uploads\/2023\/04\/cropped-Fav_icon_MSK.png","width":512,"height":512,"caption":"MSK - \u0141\u00f3d\u017a"},"image":{"@id":"https:\/\/msk.lodz.pl\/#\/schema\/logo\/image\/"}},{"@type":"Person","@id":"https:\/\/msk.lodz.pl\/#\/schema\/person\/c8bd14914498164f73a777a9927264c3","name":"Irmina Roter-Gawlowska","image":{"@type":"ImageObject","inLanguage":"en-GB","@id":"https:\/\/msk.lodz.pl\/#\/schema\/person\/image\/","url":"https:\/\/secure.gravatar.com\/avatar\/19115b5d24aae3e22d3d31a78586e7509f8fede168c818b959e7487887af22c5?s=96&d=mm&r=g","contentUrl":"https:\/\/secure.gravatar.com\/avatar\/19115b5d24aae3e22d3d31a78586e7509f8fede168c818b959e7487887af22c5?s=96&d=mm&r=g","caption":"Irmina Roter-Gawlowska"},"url":"https:\/\/msk.lodz.pl\/en\/author\/irmina-roter-gawlowska\/"}]}},"_links":{"self":[{"href":"https:\/\/msk.lodz.pl\/en\/wp-json\/wp\/v2\/posts\/150964","targetHints":{"allow":["GET"]}}],"collection":[{"href":"https:\/\/msk.lodz.pl\/en\/wp-json\/wp\/v2\/posts"}],"about":[{"href":"https:\/\/msk.lodz.pl\/en\/wp-json\/wp\/v2\/types\/post"}],"author":[{"embeddable":true,"href":"https:\/\/msk.lodz.pl\/en\/wp-json\/wp\/v2\/users\/111"}],"replies":[{"embeddable":true,"href":"https:\/\/msk.lodz.pl\/en\/wp-json\/wp\/v2\/comments?post=150964"}],"version-history":[{"count":0,"href":"https:\/\/msk.lodz.pl\/en\/wp-json\/wp\/v2\/posts\/150964\/revisions"}],"wp:featuredmedia":[{"embeddable":true,"href":"https:\/\/msk.lodz.pl\/en\/wp-json\/wp\/v2\/media\/151132"}],"wp:attachment":[{"href":"https:\/\/msk.lodz.pl\/en\/wp-json\/wp\/v2\/media?parent=150964"}],"wp:term":[{"taxonomy":"category","embeddable":true,"href":"https:\/\/msk.lodz.pl\/en\/wp-json\/wp\/v2\/categories?post=150964"},{"taxonomy":"post_tag","embeddable":true,"href":"https:\/\/msk.lodz.pl\/en\/wp-json\/wp\/v2\/tags?post=150964"}],"curies":[{"name":"wp","href":"https:\/\/api.w.org\/{rel}","templated":true}]}}