{"id":165321,"date":"2026-08-31T16:18:58","date_gmt":"2026-08-31T14:18:58","guid":{"rendered":"https:\/\/msk.lodz.pl\/?p=165321"},"modified":"2026-08-31T16:19:10","modified_gmt":"2026-08-31T14:19:10","slug":"dzien-otwarty-w-msk-chojny-poznaj-nas-i-odkryj-swoje-pasje","status":"publish","type":"post","link":"https:\/\/msk.lodz.pl\/en\/dzien-otwarty-w-msk-chojny-poznaj-nas-i-odkryj-swoje-pasje\/","title":{"rendered":"Dzie\u0144 Otwarty w MSK Chojny \u2013 poznaj nas i odkryj swoje pasje!"},"content":{"rendered":"<p class=\"wp-block-paragraph\">Nowy rok szkolny to dobry moment, \u017ceby spr\u00f3bowa\u0107 czego\u015b nowego! Zapraszamy na <strong>Dzie\u0144 Otwarty w MSK Chojny \u2013 Centrum Kultury M\u0142odych<\/strong>, podczas kt\u00f3rego b\u0119dzie mo\u017cna pozna\u0107 nasz\u0105 ofert\u0119 zaj\u0119\u0107 na sezon 2026\/2027, spotka\u0107 prowadz\u0105cych i przekona\u0107 si\u0119, kt\u00f3ra z propozycji najlepiej odpowiada Waszym zainteresowaniom.<\/p>\n\n\n\n<p class=\"wp-block-paragraph\"><\/p>\n\n\n\n<p class=\"wp-block-paragraph\">\ud83d\udcc5 <strong>05.09.2026<\/strong> | <strong>SOBOTA<\/strong><br>\ud83d\udccd <strong>MSK Chojny \u2013 Centrum Kultury M\u0142odych, ul. Lokatorska 13 w \u0141odzi<\/strong><\/p>\n\n\n\n<p class=\"wp-block-paragraph\">Przygotowali\u015bmy otwarte zaj\u0119cia dla <strong>dzieci, m\u0142odzie\u017cy i doros\u0142ych<\/strong>. B\u0119dzie przestrze\u0144 na taniec i ruch, teatr, dzia\u0142ania plastyczne, gry fabularne, kreatywne konstruowanie i chwil\u0119 dla cia\u0142a i oddechu.<\/p>\n\n\n\n<p class=\"wp-block-paragraph\">Mo\u017cecie wybra\u0107 jedne zaj\u0119cia lub zosta\u0107 z nami d\u0142u\u017cej i sprawdzi\u0107 kilka r\u00f3\u017cnych propozycji. <strong>Dzie\u0144 Otwarty to przede wszystkim mo\u017cliwo\u015b\u0107 poznania prowadz\u0105cych, naszych przestrzeni oraz charakteru zaj\u0119\u0107 przed rozpocz\u0119ciem regularnych spotka\u0144.<\/strong><\/p>\n\n\n\n<p class=\"wp-block-paragraph\"><\/p>\n\n\n\n<h2 class=\"wp-block-heading\">PROGRAM DNIA OTWARTEGO<\/h2>\n\n\n\n<h3 class=\"wp-block-heading\">godz. 10:00<\/h3>\n\n\n\n<p class=\"wp-block-paragraph\"><strong>NITKA PO NITCE<\/strong> \u2013 zaj\u0119cia dla doros\u0142ych | sala plastyczna<\/p>\n\n\n\n<p class=\"wp-block-paragraph\"><strong>MIX TANECZNY<\/strong> \u2013 zaj\u0119cia dla dzieci | sala widowiskowa<\/p>\n\n\n\n<p class=\"wp-block-paragraph\"><strong>TU TERAZ TEATR<\/strong> \u2013 zaj\u0119cia teatralne dla dzieci | sala 8<\/p>\n\n\n\n<p class=\"wp-block-paragraph\"><strong>M\u0141ODY KONSTRUKTOR<\/strong> \u2013 kreatywne budowanie z klock\u00f3w LEGO dla dzieci |  sala 19<\/p>\n\n\n\n<p class=\"wp-block-paragraph\"><\/p>\n\n\n\n<h3 class=\"wp-block-heading\">godz. 10:40<\/h3>\n\n\n\n<p class=\"wp-block-paragraph\"><strong>RPG<\/strong> \u2013 gry fabularne dla dzieci | sala 19<\/p>\n\n\n\n<h3 class=\"wp-block-heading\">godz. 10:45<\/h3>\n\n\n\n<p class=\"wp-block-paragraph\"><strong>ZR\u0118CZNE DZIE\u0141O<\/strong> \u2013 zaj\u0119cia plastyczne dla dzieci | sala 8<\/p>\n\n\n\n<p class=\"wp-block-paragraph\"><strong>THE GROOVE<\/strong> \u2013 zaj\u0119cia taneczno-ruchowe dla doros\u0142ych | sala widowiskowa<\/p>\n\n\n\n<p class=\"wp-block-paragraph\"><strong>PRACOWNIA SZTUKI<\/strong> \u2013 zaj\u0119cia plastyczne dla m\u0142odzie\u017cy | sala plastyczna<\/p>\n\n\n\n<p class=\"wp-block-paragraph\"><\/p>\n\n\n\n<h3 class=\"wp-block-heading\">godz. 11:30<\/h3>\n\n\n\n<p class=\"wp-block-paragraph\"><strong>JOGA<\/strong> \u2013 zaj\u0119cia dla doros\u0142ych | sala widowiskowa<\/p>\n\n\n\n<p class=\"wp-block-paragraph\"><\/p>\n\n\n\n<h3 class=\"wp-block-heading\">godz. 12:15<\/h3>\n\n\n\n<p class=\"wp-block-paragraph\"><strong>BODYWORK BALANCE<\/strong> \u2013 zaj\u0119cia ruchowe dla doros\u0142ych |  sala widowiskowa<\/p>\n\n\n\n<p class=\"wp-block-paragraph\"><\/p>\n\n\n\n<h2 class=\"wp-block-heading\">Znajd\u017a zaj\u0119cia dla siebie<\/h2>\n\n\n\n<p class=\"wp-block-paragraph\">Dzie\u0144 Otwarty to tylko cz\u0119\u015b\u0107 naszej propozycji na nowy sezon. W MSK Chojny znajdziecie zaj\u0119cia artystyczne, ruchowe, teatralne i edukacyjne skierowane do r\u00f3\u017cnych grup wiekowych.<\/p>\n\n\n\n<p class=\"wp-block-paragraph\">\ud83d\udc49 <strong>Pe\u0142n\u0105 ofert\u0119 zaj\u0119\u0107 MSK Chojny na sezon 2026\/2027 oraz mo\u017cliwo\u015b\u0107 zapis\u00f3w znajdziecie na stronie:<\/strong><br><a href=\"https:\/\/msk.lodz.pl\/msk-chojny-zajecia\/\">https:\/\/msk.lodz.pl\/msk-chojny-zajecia\/<\/a><\/p>\n\n\n\n<p class=\"wp-block-paragraph\">Na stronie dost\u0119pne s\u0105 szczeg\u00f3\u0142owe opisy poszczeg\u00f3lnych zaj\u0119\u0107, terminy oraz mo\u017cliwo\u015b\u0107 zg\u0142oszenia udzia\u0142u.<\/p>\n\n\n\n<p class=\"wp-block-paragraph\"><strong>Poznajcie nas i odkryjcie swoje pasje w nadchodz\u0105cym roku szkolnym! \ud83d\udc4b<\/strong><\/p>\n\n\n\n<p class=\"wp-block-paragraph\">Przyjd\u017acie, spr\u00f3bujcie i przekonajcie si\u0119, co najbardziej Wam odpowiada. Czekamy na dzieci, m\u0142odzie\u017c i doros\u0142ych \u2013 do zobaczenia w MSK Chojny!<\/p>\n\n\n\n<p class=\"wp-block-paragraph\"><strong>MSK Chojny \u2013 Centrum Kultury M\u0142odych<\/strong><br>\ud83d\udccd ul. Lokatorska 13, \u0141\u00f3d\u017a<br>\ud83d\udcde 42 684 24 02<br>\u2709\ufe0f <a href=\"mailto:ckm@msk.lodz.pl\">ckm@msk.lodz.pl<\/a><\/p>\n\n\n\n<p class=\"wp-block-paragraph\"><\/p>","protected":false},"excerpt":{"rendered":"<p>Nowy rok szkolny to dobry moment, \u017ceby spr\u00f3bowa\u0107 czego\u015b nowego! Zapraszamy na Dzie\u0144 Otwarty w MSK Chojny \u2013 Centrum Kultury M\u0142odych, podczas kt\u00f3rego b\u0119dzie mo\u017cna pozna\u0107 nasz\u0105 ofert\u0119 zaj\u0119\u0107 na sezon 2026\/2027, spotka\u0107 prowadz\u0105cych i przekona\u0107 si\u0119, kt\u00f3ra z propozycji najlepiej odpowiada Waszym zainteresowaniom. \ud83d\udcc5 05.09.2026 | SOBOTA\ud83d\udccd MSK Chojny \u2013 Centrum Kultury M\u0142odych, ul. [&hellip;]<\/p>\n","protected":false},"author":131,"featured_media":165337,"comment_status":"closed","ping_status":"closed","sticky":false,"template":"","format":"standard","meta":{"footnotes":""},"categories":[212,211,214],"tags":[192,191,307,1066,193,1064,503],"filia":[1045],"class_list":["post-165321","post","type-post","status-publish","format-standard","has-post-thumbnail","hentry","category-aktualnosci-msk-chojny","category-msk-chojny","category-zajecia-msk-chojny","tag-dorosli","tag-dzieci","tag-joga","tag-mlodziez-3","tag-seniorzy","tag-thai-chi","tag-zajecia-stale"],"yoast_head":"<!-- This site is optimized with the Yoast SEO plugin v28.3 - https:\/\/yoast.com\/product\/yoast-seo-wordpress\/ -->\n<title>Dzie\u0144 Otwarty w MSK Chojny \u2013 poznaj nas i odkryj swoje pasje! - MSK<\/title>\n<meta name=\"robots\" content=\"index, follow, max-snippet:-1, max-image-preview:large, max-video-preview:-1\" \/>\n<link rel=\"canonical\" href=\"https:\/\/msk.lodz.pl\/en\/dzien-otwarty-w-msk-chojny-poznaj-nas-i-odkryj-swoje-pasje\/\" \/>\n<meta property=\"og:locale\" content=\"en_GB\" \/>\n<meta property=\"og:type\" content=\"article\" \/>\n<meta property=\"og:title\" content=\"Dzie\u0144 Otwarty w MSK Chojny \u2013 poznaj nas i odkryj swoje pasje! - MSK\" \/>\n<meta property=\"og:description\" content=\"Nowy rok szkolny to dobry moment, \u017ceby spr\u00f3bowa\u0107 czego\u015b nowego! Zapraszamy na Dzie\u0144 Otwarty w MSK Chojny \u2013 Centrum Kultury M\u0142odych, podczas kt\u00f3rego b\u0119dzie mo\u017cna pozna\u0107 nasz\u0105 ofert\u0119 zaj\u0119\u0107 na sezon 2026\/2027, spotka\u0107 prowadz\u0105cych i przekona\u0107 si\u0119, kt\u00f3ra z propozycji najlepiej odpowiada Waszym zainteresowaniom. \ud83d\udcc5 05.09.2026 | SOBOTA\ud83d\udccd MSK Chojny \u2013 Centrum Kultury M\u0142odych, ul. [&hellip;]\" \/>\n<meta property=\"og:url\" content=\"https:\/\/msk.lodz.pl\/en\/dzien-otwarty-w-msk-chojny-poznaj-nas-i-odkryj-swoje-pasje\/\" \/>\n<meta property=\"og:site_name\" content=\"MSK\" \/>\n<meta property=\"article:published_time\" content=\"2026-08-31T14:18:58+00:00\" \/>\n<meta property=\"article:modified_time\" content=\"2026-08-31T14:19:10+00:00\" \/>\n<meta property=\"og:image\" content=\"https:\/\/msk.lodz.pl\/wp-content\/uploads\/2026\/08\/oferta-strona-1024x736.png\" \/>\n\t<meta property=\"og:image:width\" content=\"1024\" \/>\n\t<meta property=\"og:image:height\" content=\"736\" \/>\n\t<meta property=\"og:image:type\" content=\"image\/png\" \/>\n<meta name=\"author\" content=\"Ewa Otomanska\" \/>\n<meta name=\"twitter:card\" content=\"summary_large_image\" \/>\n<meta name=\"twitter:label1\" content=\"Written by\" \/>\n\t<meta name=\"twitter:data1\" content=\"Ewa Otomanska\" \/>\n\t<meta name=\"twitter:label2\" content=\"Estimated reading time\" \/>\n\t<meta name=\"twitter:data2\" content=\"3 minutes\" \/>\n<script type=\"application\/ld+json\" class=\"yoast-schema-graph\">{\"@context\":\"https:\\\/\\\/schema.org\",\"@graph\":[{\"@type\":\"Article\",\"@id\":\"https:\\\/\\\/msk.lodz.pl\\\/dzien-otwarty-w-msk-chojny-poznaj-nas-i-odkryj-swoje-pasje\\\/#article\",\"isPartOf\":{\"@id\":\"https:\\\/\\\/msk.lodz.pl\\\/dzien-otwarty-w-msk-chojny-poznaj-nas-i-odkryj-swoje-pasje\\\/\"},\"author\":{\"name\":\"Ewa Otomanska\",\"@id\":\"https:\\\/\\\/msk.lodz.pl\\\/#\\\/schema\\\/person\\\/0078e67674b724ffb9af9d982f2b67f5\"},\"headline\":\"Dzie\u0144 Otwarty w MSK Chojny \u2013 poznaj nas i odkryj swoje pasje!\",\"datePublished\":\"2026-08-31T14:18:58+00:00\",\"dateModified\":\"2026-08-31T14:19:10+00:00\",\"mainEntityOfPage\":{\"@id\":\"https:\\\/\\\/msk.lodz.pl\\\/dzien-otwarty-w-msk-chojny-poznaj-nas-i-odkryj-swoje-pasje\\\/\"},\"wordCount\":367,\"publisher\":{\"@id\":\"https:\\\/\\\/msk.lodz.pl\\\/#organization\"},\"image\":{\"@id\":\"https:\\\/\\\/msk.lodz.pl\\\/dzien-otwarty-w-msk-chojny-poznaj-nas-i-odkryj-swoje-pasje\\\/#primaryimage\"},\"thumbnailUrl\":\"https:\\\/\\\/msk.lodz.pl\\\/wp-content\\\/uploads\\\/2026\\\/08\\\/oferta-strona.png\",\"keywords\":[\"Doro\u015bli\",\"Dzieci\",\"Joga\",\"mlodzie\u017c\",\"Seniorzy\",\"thai chi\",\"Zaj\u0119cia sta\u0142e\"],\"articleSection\":[\"Aktualno\u015bci\",\"MSK: Chojny\",\"zaj\u0119cia\"],\"inLanguage\":\"en-GB\"},{\"@type\":\"WebPage\",\"@id\":\"https:\\\/\\\/msk.lodz.pl\\\/dzien-otwarty-w-msk-chojny-poznaj-nas-i-odkryj-swoje-pasje\\\/\",\"url\":\"https:\\\/\\\/msk.lodz.pl\\\/dzien-otwarty-w-msk-chojny-poznaj-nas-i-odkryj-swoje-pasje\\\/\",\"name\":\"Dzie\u0144 Otwarty w MSK Chojny \u2013 poznaj nas i odkryj swoje pasje! - MSK\",\"isPartOf\":{\"@id\":\"https:\\\/\\\/msk.lodz.pl\\\/#website\"},\"primaryImageOfPage\":{\"@id\":\"https:\\\/\\\/msk.lodz.pl\\\/dzien-otwarty-w-msk-chojny-poznaj-nas-i-odkryj-swoje-pasje\\\/#primaryimage\"},\"image\":{\"@id\":\"https:\\\/\\\/msk.lodz.pl\\\/dzien-otwarty-w-msk-chojny-poznaj-nas-i-odkryj-swoje-pasje\\\/#primaryimage\"},\"thumbnailUrl\":\"https:\\\/\\\/msk.lodz.pl\\\/wp-content\\\/uploads\\\/2026\\\/08\\\/oferta-strona.png\",\"datePublished\":\"2026-08-31T14:18:58+00:00\",\"dateModified\":\"2026-08-31T14:19:10+00:00\",\"breadcrumb\":{\"@id\":\"https:\\\/\\\/msk.lodz.pl\\\/dzien-otwarty-w-msk-chojny-poznaj-nas-i-odkryj-swoje-pasje\\\/#breadcrumb\"},\"inLanguage\":\"en-GB\",\"potentialAction\":[{\"@type\":\"ReadAction\",\"target\":[\"https:\\\/\\\/msk.lodz.pl\\\/dzien-otwarty-w-msk-chojny-poznaj-nas-i-odkryj-swoje-pasje\\\/\"]}]},{\"@type\":\"ImageObject\",\"inLanguage\":\"en-GB\",\"@id\":\"https:\\\/\\\/msk.lodz.pl\\\/dzien-otwarty-w-msk-chojny-poznaj-nas-i-odkryj-swoje-pasje\\\/#primaryimage\",\"url\":\"https:\\\/\\\/msk.lodz.pl\\\/wp-content\\\/uploads\\\/2026\\\/08\\\/oferta-strona.png\",\"contentUrl\":\"https:\\\/\\\/msk.lodz.pl\\\/wp-content\\\/uploads\\\/2026\\\/08\\\/oferta-strona.png\",\"width\":1424,\"height\":1024},{\"@type\":\"BreadcrumbList\",\"@id\":\"https:\\\/\\\/msk.lodz.pl\\\/dzien-otwarty-w-msk-chojny-poznaj-nas-i-odkryj-swoje-pasje\\\/#breadcrumb\",\"itemListElement\":[{\"@type\":\"ListItem\",\"position\":1,\"name\":\"Strona g\u0142\u00f3wna\",\"item\":\"https:\\\/\\\/msk.lodz.pl\\\/\"},{\"@type\":\"ListItem\",\"position\":2,\"name\":\"Dzie\u0144 Otwarty w MSK Chojny \u2013 poznaj nas i odkryj swoje pasje!\"}]},{\"@type\":\"WebSite\",\"@id\":\"https:\\\/\\\/msk.lodz.pl\\\/#website\",\"url\":\"https:\\\/\\\/msk.lodz.pl\\\/\",\"name\":\"MSK - \u0141\u00f3d\u017a\",\"description\":\"\",\"publisher\":{\"@id\":\"https:\\\/\\\/msk.lodz.pl\\\/#organization\"},\"potentialAction\":[{\"@type\":\"SearchAction\",\"target\":{\"@type\":\"EntryPoint\",\"urlTemplate\":\"https:\\\/\\\/msk.lodz.pl\\\/?s={search_term_string}\"},\"query-input\":{\"@type\":\"PropertyValueSpecification\",\"valueRequired\":true,\"valueName\":\"search_term_string\"}}],\"inLanguage\":\"en-GB\"},{\"@type\":\"Organization\",\"@id\":\"https:\\\/\\\/msk.lodz.pl\\\/#organization\",\"name\":\"MSK - \u0141\u00f3d\u017a\",\"url\":\"https:\\\/\\\/msk.lodz.pl\\\/\",\"logo\":{\"@type\":\"ImageObject\",\"inLanguage\":\"en-GB\",\"@id\":\"https:\\\/\\\/msk.lodz.pl\\\/#\\\/schema\\\/logo\\\/image\\\/\",\"url\":\"https:\\\/\\\/msk.lodz.pl\\\/wp-content\\\/uploads\\\/2023\\\/04\\\/cropped-Fav_icon_MSK.png\",\"contentUrl\":\"https:\\\/\\\/msk.lodz.pl\\\/wp-content\\\/uploads\\\/2023\\\/04\\\/cropped-Fav_icon_MSK.png\",\"width\":512,\"height\":512,\"caption\":\"MSK - \u0141\u00f3d\u017a\"},\"image\":{\"@id\":\"https:\\\/\\\/msk.lodz.pl\\\/#\\\/schema\\\/logo\\\/image\\\/\"}},{\"@type\":\"Person\",\"@id\":\"https:\\\/\\\/msk.lodz.pl\\\/#\\\/schema\\\/person\\\/0078e67674b724ffb9af9d982f2b67f5\",\"name\":\"Ewa Otomanska\",\"image\":{\"@type\":\"ImageObject\",\"inLanguage\":\"en-GB\",\"@id\":\"https:\\\/\\\/secure.gravatar.com\\\/avatar\\\/4c3a20a8ecd98455824691b33b355f0ea3c7fea9eac92d66ffccf0cebf81cf54?s=96&d=mm&r=g\",\"url\":\"https:\\\/\\\/secure.gravatar.com\\\/avatar\\\/4c3a20a8ecd98455824691b33b355f0ea3c7fea9eac92d66ffccf0cebf81cf54?s=96&d=mm&r=g\",\"contentUrl\":\"https:\\\/\\\/secure.gravatar.com\\\/avatar\\\/4c3a20a8ecd98455824691b33b355f0ea3c7fea9eac92d66ffccf0cebf81cf54?s=96&d=mm&r=g\",\"caption\":\"Ewa Otomanska\"},\"url\":\"https:\\\/\\\/msk.lodz.pl\\\/en\\\/author\\\/ewa-otomanska\\\/\"}]}<\/script>\n<!-- \/ Yoast SEO plugin. -->","yoast_head_json":{"title":"Dzie\u0144 Otwarty w MSK Chojny \u2013 poznaj nas i odkryj swoje pasje! - MSK","robots":{"index":"index","follow":"follow","max-snippet":"max-snippet:-1","max-image-preview":"max-image-preview:large","max-video-preview":"max-video-preview:-1"},"canonical":"https:\/\/msk.lodz.pl\/en\/dzien-otwarty-w-msk-chojny-poznaj-nas-i-odkryj-swoje-pasje\/","og_locale":"en_GB","og_type":"article","og_title":"Dzie\u0144 Otwarty w MSK Chojny \u2013 poznaj nas i odkryj swoje pasje! - MSK","og_description":"Nowy rok szkolny to dobry moment, \u017ceby spr\u00f3bowa\u0107 czego\u015b nowego! Zapraszamy na Dzie\u0144 Otwarty w MSK Chojny \u2013 Centrum Kultury M\u0142odych, podczas kt\u00f3rego b\u0119dzie mo\u017cna pozna\u0107 nasz\u0105 ofert\u0119 zaj\u0119\u0107 na sezon 2026\/2027, spotka\u0107 prowadz\u0105cych i przekona\u0107 si\u0119, kt\u00f3ra z propozycji najlepiej odpowiada Waszym zainteresowaniom. \ud83d\udcc5 05.09.2026 | SOBOTA\ud83d\udccd MSK Chojny \u2013 Centrum Kultury M\u0142odych, ul. [&hellip;]","og_url":"https:\/\/msk.lodz.pl\/en\/dzien-otwarty-w-msk-chojny-poznaj-nas-i-odkryj-swoje-pasje\/","og_site_name":"MSK","article_published_time":"2026-08-31T14:18:58+00:00","article_modified_time":"2026-08-31T14:19:10+00:00","og_image":[{"width":1024,"height":736,"url":"https:\/\/msk.lodz.pl\/wp-content\/uploads\/2026\/08\/oferta-strona-1024x736.png","type":"image\/png"}],"author":"Ewa Otomanska","twitter_card":"summary_large_image","twitter_misc":{"Written by":"Ewa Otomanska","Estimated reading time":"3 minutes"},"schema":{"@context":"https:\/\/schema.org","@graph":[{"@type":"Article","@id":"https:\/\/msk.lodz.pl\/dzien-otwarty-w-msk-chojny-poznaj-nas-i-odkryj-swoje-pasje\/#article","isPartOf":{"@id":"https:\/\/msk.lodz.pl\/dzien-otwarty-w-msk-chojny-poznaj-nas-i-odkryj-swoje-pasje\/"},"author":{"name":"Ewa Otomanska","@id":"https:\/\/msk.lodz.pl\/#\/schema\/person\/0078e67674b724ffb9af9d982f2b67f5"},"headline":"Dzie\u0144 Otwarty w MSK Chojny \u2013 poznaj nas i odkryj swoje pasje!","datePublished":"2026-08-31T14:18:58+00:00","dateModified":"2026-08-31T14:19:10+00:00","mainEntityOfPage":{"@id":"https:\/\/msk.lodz.pl\/dzien-otwarty-w-msk-chojny-poznaj-nas-i-odkryj-swoje-pasje\/"},"wordCount":367,"publisher":{"@id":"https:\/\/msk.lodz.pl\/#organization"},"image":{"@id":"https:\/\/msk.lodz.pl\/dzien-otwarty-w-msk-chojny-poznaj-nas-i-odkryj-swoje-pasje\/#primaryimage"},"thumbnailUrl":"https:\/\/msk.lodz.pl\/wp-content\/uploads\/2026\/08\/oferta-strona.png","keywords":["Doro\u015bli","Dzieci","Joga","mlodzie\u017c","Seniorzy","thai chi","Zaj\u0119cia sta\u0142e"],"articleSection":["Aktualno\u015bci","MSK: Chojny","zaj\u0119cia"],"inLanguage":"en-GB"},{"@type":"WebPage","@id":"https:\/\/msk.lodz.pl\/dzien-otwarty-w-msk-chojny-poznaj-nas-i-odkryj-swoje-pasje\/","url":"https:\/\/msk.lodz.pl\/dzien-otwarty-w-msk-chojny-poznaj-nas-i-odkryj-swoje-pasje\/","name":"Dzie\u0144 Otwarty w MSK Chojny \u2013 poznaj nas i odkryj swoje pasje! - MSK","isPartOf":{"@id":"https:\/\/msk.lodz.pl\/#website"},"primaryImageOfPage":{"@id":"https:\/\/msk.lodz.pl\/dzien-otwarty-w-msk-chojny-poznaj-nas-i-odkryj-swoje-pasje\/#primaryimage"},"image":{"@id":"https:\/\/msk.lodz.pl\/dzien-otwarty-w-msk-chojny-poznaj-nas-i-odkryj-swoje-pasje\/#primaryimage"},"thumbnailUrl":"https:\/\/msk.lodz.pl\/wp-content\/uploads\/2026\/08\/oferta-strona.png","datePublished":"2026-08-31T14:18:58+00:00","dateModified":"2026-08-31T14:19:10+00:00","breadcrumb":{"@id":"https:\/\/msk.lodz.pl\/dzien-otwarty-w-msk-chojny-poznaj-nas-i-odkryj-swoje-pasje\/#breadcrumb"},"inLanguage":"en-GB","potentialAction":[{"@type":"ReadAction","target":["https:\/\/msk.lodz.pl\/dzien-otwarty-w-msk-chojny-poznaj-nas-i-odkryj-swoje-pasje\/"]}]},{"@type":"ImageObject","inLanguage":"en-GB","@id":"https:\/\/msk.lodz.pl\/dzien-otwarty-w-msk-chojny-poznaj-nas-i-odkryj-swoje-pasje\/#primaryimage","url":"https:\/\/msk.lodz.pl\/wp-content\/uploads\/2026\/08\/oferta-strona.png","contentUrl":"https:\/\/msk.lodz.pl\/wp-content\/uploads\/2026\/08\/oferta-strona.png","width":1424,"height":1024},{"@type":"BreadcrumbList","@id":"https:\/\/msk.lodz.pl\/dzien-otwarty-w-msk-chojny-poznaj-nas-i-odkryj-swoje-pasje\/#breadcrumb","itemListElement":[{"@type":"ListItem","position":1,"name":"Strona g\u0142\u00f3wna","item":"https:\/\/msk.lodz.pl\/"},{"@type":"ListItem","position":2,"name":"Dzie\u0144 Otwarty w MSK Chojny \u2013 poznaj nas i odkryj swoje pasje!"}]},{"@type":"WebSite","@id":"https:\/\/msk.lodz.pl\/#website","url":"https:\/\/msk.lodz.pl\/","name":"MSK - \u0141\u00f3d\u017a","description":"","publisher":{"@id":"https:\/\/msk.lodz.pl\/#organization"},"potentialAction":[{"@type":"SearchAction","target":{"@type":"EntryPoint","urlTemplate":"https:\/\/msk.lodz.pl\/?s={search_term_string}"},"query-input":{"@type":"PropertyValueSpecification","valueRequired":true,"valueName":"search_term_string"}}],"inLanguage":"en-GB"},{"@type":"Organization","@id":"https:\/\/msk.lodz.pl\/#organization","name":"MSK - \u0141\u00f3d\u017a","url":"https:\/\/msk.lodz.pl\/","logo":{"@type":"ImageObject","inLanguage":"en-GB","@id":"https:\/\/msk.lodz.pl\/#\/schema\/logo\/image\/","url":"https:\/\/msk.lodz.pl\/wp-content\/uploads\/2023\/04\/cropped-Fav_icon_MSK.png","contentUrl":"https:\/\/msk.lodz.pl\/wp-content\/uploads\/2023\/04\/cropped-Fav_icon_MSK.png","width":512,"height":512,"caption":"MSK - \u0141\u00f3d\u017a"},"image":{"@id":"https:\/\/msk.lodz.pl\/#\/schema\/logo\/image\/"}},{"@type":"Person","@id":"https:\/\/msk.lodz.pl\/#\/schema\/person\/0078e67674b724ffb9af9d982f2b67f5","name":"Ewa Otomanska","image":{"@type":"ImageObject","inLanguage":"en-GB","@id":"https:\/\/secure.gravatar.com\/avatar\/4c3a20a8ecd98455824691b33b355f0ea3c7fea9eac92d66ffccf0cebf81cf54?s=96&d=mm&r=g","url":"https:\/\/secure.gravatar.com\/avatar\/4c3a20a8ecd98455824691b33b355f0ea3c7fea9eac92d66ffccf0cebf81cf54?s=96&d=mm&r=g","contentUrl":"https:\/\/secure.gravatar.com\/avatar\/4c3a20a8ecd98455824691b33b355f0ea3c7fea9eac92d66ffccf0cebf81cf54?s=96&d=mm&r=g","caption":"Ewa Otomanska"},"url":"https:\/\/msk.lodz.pl\/en\/author\/ewa-otomanska\/"}]}},"_links":{"self":[{"href":"https:\/\/msk.lodz.pl\/en\/wp-json\/wp\/v2\/posts\/165321","targetHints":{"allow":["GET"]}}],"collection":[{"href":"https:\/\/msk.lodz.pl\/en\/wp-json\/wp\/v2\/posts"}],"about":[{"href":"https:\/\/msk.lodz.pl\/en\/wp-json\/wp\/v2\/types\/post"}],"author":[{"embeddable":true,"href":"https:\/\/msk.lodz.pl\/en\/wp-json\/wp\/v2\/users\/131"}],"replies":[{"embeddable":true,"href":"https:\/\/msk.lodz.pl\/en\/wp-json\/wp\/v2\/comments?post=165321"}],"version-history":[{"count":1,"href":"https:\/\/msk.lodz.pl\/en\/wp-json\/wp\/v2\/posts\/165321\/revisions"}],"predecessor-version":[{"id":165349,"href":"https:\/\/msk.lodz.pl\/en\/wp-json\/wp\/v2\/posts\/165321\/revisions\/165349"}],"wp:attachment":[{"href":"https:\/\/msk.lodz.pl\/en\/wp-json\/wp\/v2\/media?parent=165321"}],"wp:term":[{"taxonomy":"category","embeddable":true,"href":"https:\/\/msk.lodz.pl\/en\/wp-json\/wp\/v2\/categories?post=165321"},{"taxonomy":"post_tag","embeddable":true,"href":"https:\/\/msk.lodz.pl\/en\/wp-json\/wp\/v2\/tags?post=165321"},{"taxonomy":"filia","embeddable":true,"href":"https:\/\/msk.lodz.pl\/en\/wp-json\/wp\/v2\/filia?post=165321"}],"curies":[{"name":"wp","href":"https:\/\/api.w.org\/{rel}","templated":true}]}}