{"id":23263,"date":"2023-10-18T18:02:26","date_gmt":"2023-10-18T16:02:26","guid":{"rendered":"https:\/\/msk.lodz.pl\/?p=23263"},"modified":"2023-10-19T10:42:23","modified_gmt":"2023-10-19T08:42:23","slug":"xxiv-lodzkie-konfrontacje-taneczne","status":"publish","type":"post","link":"https:\/\/msk.lodz.pl\/en\/xxiv-lodzkie-konfrontacje-taneczne\/","title":{"rendered":"XXIV \u0141\u00f3dzkie Konfrontacje Taneczne &#8211; zg\u0142oszenia"},"content":{"rendered":"<p class=\"has-medium-font-size\">Zg\u0142o\u015b zesp\u00f3\u0142 lub solist\u00f3w na XXIV \u0141\u00f3dzkie Konfrontacje Taneczne! <\/p>\n\n\n\n<p class=\"has-medium-font-size\">\u0141\u00f3dzkie Konfrontacje Taneczne to przegl\u0105d dzieci\u0119cych i m\u0142odzie\u017cowych zespo\u0142\u00f3w tanecznych oraz solist\u00f3w, kt\u00f3ry stopniowo z regionalnego stawa\u0142 si\u0119 og\u00f3lnopolskim konkursem ta\u0144ca.<br>Uczestnicy Konfrontacji prezentuj\u0105 si\u0119 w dw\u00f3ch kategoriach tanecznych i w trzech kategoriach wiekowych, do 11 lat, 12-15 lat oraz pow. 16 lat.<\/p>\n\n\n\n<p class=\"has-medium-font-size\">Na zg\u0142oszenia czekamy do<strong> 3 listopada.<\/strong><br>Zg\u0142oszenia za pomoc\u0105 formularzem Google pod linkiem:<br><a rel=\"noreferrer noopener\" href=\"https:\/\/tiny.pl\/c5fs2?fbclid=IwAR0zlt8kPdskpRfCw6bVC4DppKGYpgnBKim49e_fnu_IyW7RnuvwmPrIqQM\" target=\"_blank\">https:\/\/tiny.pl\/c5fs2<\/a><\/p>\n\n\n\n<p class=\"has-medium-font-size\">W razie pyta\u0144 prosimy o kontakt :<br>t.nowak@msk.lodz.pl&nbsp;<\/p>","protected":false},"excerpt":{"rendered":"<p>Zg\u0142o\u015b zesp\u00f3\u0142 lub solist\u00f3w na XXIV \u0141\u00f3dzkie Konfrontacje Taneczne! \u0141\u00f3dzkie Konfrontacje Taneczne to przegl\u0105d dzieci\u0119cych i m\u0142odzie\u017cowych zespo\u0142\u00f3w tanecznych oraz solist\u00f3w, kt\u00f3ry stopniowo z regionalnego stawa\u0142 si\u0119 og\u00f3lnopolskim konkursem ta\u0144ca.Uczestnicy Konfrontacji prezentuj\u0105 si\u0119 w dw\u00f3ch kategoriach tanecznych i w trzech kategoriach wiekowych, do 11 lat, 12-15 lat oraz pow. 16 lat. Na zg\u0142oszenia czekamy do [&hellip;]<\/p>","protected":false},"author":8,"featured_media":23264,"comment_status":"closed","ping_status":"closed","sticky":false,"template":"","format":"standard","meta":{"footnotes":""},"categories":[222,221],"tags":[194,30,44],"class_list":["post-23263","post","type-post","status-publish","format-standard","has-post-thumbnail","hentry","category-aktualnosci-msk-niciarniana","category-msk-niciarniana","tag-mlodziez","tag-sztuka","tag-taniec"],"yoast_head":"<!-- This site is optimized with the Yoast SEO plugin v26.5 - https:\/\/yoast.com\/wordpress\/plugins\/seo\/ -->\n<title>XXIV \u0141\u00f3dzkie Konfrontacje Taneczne - zg\u0142oszenia - MSK<\/title>\n<meta name=\"robots\" content=\"index, follow, max-snippet:-1, max-image-preview:large, max-video-preview:-1\" \/>\n<link rel=\"canonical\" href=\"https:\/\/msk.lodz.pl\/en\/xxiv-lodzkie-konfrontacje-taneczne\/\" \/>\n<meta property=\"og:locale\" content=\"en_GB\" \/>\n<meta property=\"og:type\" content=\"article\" \/>\n<meta property=\"og:title\" content=\"XXIV \u0141\u00f3dzkie Konfrontacje Taneczne - zg\u0142oszenia - MSK\" \/>\n<meta property=\"og:description\" content=\"Zg\u0142o\u015b zesp\u00f3\u0142 lub solist\u00f3w na XXIV \u0141\u00f3dzkie Konfrontacje Taneczne! \u0141\u00f3dzkie Konfrontacje Taneczne to przegl\u0105d dzieci\u0119cych i m\u0142odzie\u017cowych zespo\u0142\u00f3w tanecznych oraz solist\u00f3w, kt\u00f3ry stopniowo z regionalnego stawa\u0142 si\u0119 og\u00f3lnopolskim konkursem ta\u0144ca.Uczestnicy Konfrontacji prezentuj\u0105 si\u0119 w dw\u00f3ch kategoriach tanecznych i w trzech kategoriach wiekowych, do 11 lat, 12-15 lat oraz pow. 16 lat. Na zg\u0142oszenia czekamy do [&hellip;]\" \/>\n<meta property=\"og:url\" content=\"https:\/\/msk.lodz.pl\/en\/xxiv-lodzkie-konfrontacje-taneczne\/\" \/>\n<meta property=\"og:site_name\" content=\"MSK\" \/>\n<meta property=\"article:published_time\" content=\"2023-10-18T16:02:26+00:00\" \/>\n<meta property=\"article:modified_time\" content=\"2023-10-19T08:42:23+00:00\" \/>\n<meta property=\"og:image\" content=\"https:\/\/msk.lodz.pl\/wp-content\/uploads\/2023\/10\/konfrontacje-taneczne.jpg\" \/>\n\t<meta property=\"og:image:width\" content=\"2048\" \/>\n\t<meta property=\"og:image:height\" content=\"1365\" \/>\n\t<meta property=\"og:image:type\" content=\"image\/jpeg\" \/>\n<meta name=\"author\" content=\"Nina Wosik\" \/>\n<meta name=\"twitter:card\" content=\"summary_large_image\" \/>\n<meta name=\"twitter:label1\" content=\"Written by\" \/>\n\t<meta name=\"twitter:data1\" content=\"Nina Wosik\" \/>\n<script type=\"application\/ld+json\" class=\"yoast-schema-graph\">{\"@context\":\"https:\/\/schema.org\",\"@graph\":[{\"@type\":\"Article\",\"@id\":\"https:\/\/msk.lodz.pl\/xxiv-lodzkie-konfrontacje-taneczne\/#article\",\"isPartOf\":{\"@id\":\"https:\/\/msk.lodz.pl\/xxiv-lodzkie-konfrontacje-taneczne\/\"},\"author\":{\"name\":\"Nina Wosik\",\"@id\":\"https:\/\/msk.lodz.pl\/#\/schema\/person\/0a1b8ea56dffd2a70a464e2e9fd49958\"},\"headline\":\"XXIV \u0141\u00f3dzkie Konfrontacje Taneczne &#8211; zg\u0142oszenia\",\"datePublished\":\"2023-10-18T16:02:26+00:00\",\"dateModified\":\"2023-10-19T08:42:23+00:00\",\"mainEntityOfPage\":{\"@id\":\"https:\/\/msk.lodz.pl\/xxiv-lodzkie-konfrontacje-taneczne\/\"},\"wordCount\":100,\"publisher\":{\"@id\":\"https:\/\/msk.lodz.pl\/#organization\"},\"image\":{\"@id\":\"https:\/\/msk.lodz.pl\/xxiv-lodzkie-konfrontacje-taneczne\/#primaryimage\"},\"thumbnailUrl\":\"https:\/\/msk.lodz.pl\/wp-content\/uploads\/2023\/10\/konfrontacje-taneczne.jpg\",\"keywords\":[\"M\u0142odzie\u017c\",\"Sztuka\",\"Taniec\"],\"articleSection\":[\"Aktualno\u015bci\",\"MSK: Niciarniana\"],\"inLanguage\":\"en-GB\"},{\"@type\":\"WebPage\",\"@id\":\"https:\/\/msk.lodz.pl\/xxiv-lodzkie-konfrontacje-taneczne\/\",\"url\":\"https:\/\/msk.lodz.pl\/xxiv-lodzkie-konfrontacje-taneczne\/\",\"name\":\"XXIV \u0141\u00f3dzkie Konfrontacje Taneczne - zg\u0142oszenia - MSK\",\"isPartOf\":{\"@id\":\"https:\/\/msk.lodz.pl\/#website\"},\"primaryImageOfPage\":{\"@id\":\"https:\/\/msk.lodz.pl\/xxiv-lodzkie-konfrontacje-taneczne\/#primaryimage\"},\"image\":{\"@id\":\"https:\/\/msk.lodz.pl\/xxiv-lodzkie-konfrontacje-taneczne\/#primaryimage\"},\"thumbnailUrl\":\"https:\/\/msk.lodz.pl\/wp-content\/uploads\/2023\/10\/konfrontacje-taneczne.jpg\",\"datePublished\":\"2023-10-18T16:02:26+00:00\",\"dateModified\":\"2023-10-19T08:42:23+00:00\",\"breadcrumb\":{\"@id\":\"https:\/\/msk.lodz.pl\/xxiv-lodzkie-konfrontacje-taneczne\/#breadcrumb\"},\"inLanguage\":\"en-GB\",\"potentialAction\":[{\"@type\":\"ReadAction\",\"target\":[\"https:\/\/msk.lodz.pl\/xxiv-lodzkie-konfrontacje-taneczne\/\"]}]},{\"@type\":\"ImageObject\",\"inLanguage\":\"en-GB\",\"@id\":\"https:\/\/msk.lodz.pl\/xxiv-lodzkie-konfrontacje-taneczne\/#primaryimage\",\"url\":\"https:\/\/msk.lodz.pl\/wp-content\/uploads\/2023\/10\/konfrontacje-taneczne.jpg\",\"contentUrl\":\"https:\/\/msk.lodz.pl\/wp-content\/uploads\/2023\/10\/konfrontacje-taneczne.jpg\",\"width\":2048,\"height\":1365,\"caption\":\"Zdj\u0119cie przedstawia tancerki\"},{\"@type\":\"BreadcrumbList\",\"@id\":\"https:\/\/msk.lodz.pl\/xxiv-lodzkie-konfrontacje-taneczne\/#breadcrumb\",\"itemListElement\":[{\"@type\":\"ListItem\",\"position\":1,\"name\":\"Strona g\u0142\u00f3wna\",\"item\":\"http:\/\/msk.lodz.pl\/en\/\"},{\"@type\":\"ListItem\",\"position\":2,\"name\":\"XXIV \u0141\u00f3dzkie Konfrontacje Taneczne &#8211; zg\u0142oszenia\"}]},{\"@type\":\"WebSite\",\"@id\":\"https:\/\/msk.lodz.pl\/#website\",\"url\":\"https:\/\/msk.lodz.pl\/\",\"name\":\"MSK - \u0141\u00f3d\u017a\",\"description\":\"\",\"publisher\":{\"@id\":\"https:\/\/msk.lodz.pl\/#organization\"},\"potentialAction\":[{\"@type\":\"SearchAction\",\"target\":{\"@type\":\"EntryPoint\",\"urlTemplate\":\"https:\/\/msk.lodz.pl\/?s={search_term_string}\"},\"query-input\":{\"@type\":\"PropertyValueSpecification\",\"valueRequired\":true,\"valueName\":\"search_term_string\"}}],\"inLanguage\":\"en-GB\"},{\"@type\":\"Organization\",\"@id\":\"https:\/\/msk.lodz.pl\/#organization\",\"name\":\"MSK - \u0141\u00f3d\u017a\",\"url\":\"https:\/\/msk.lodz.pl\/\",\"logo\":{\"@type\":\"ImageObject\",\"inLanguage\":\"en-GB\",\"@id\":\"https:\/\/msk.lodz.pl\/#\/schema\/logo\/image\/\",\"url\":\"https:\/\/msk.lodz.pl\/wp-content\/uploads\/2023\/04\/cropped-Fav_icon_MSK.png\",\"contentUrl\":\"https:\/\/msk.lodz.pl\/wp-content\/uploads\/2023\/04\/cropped-Fav_icon_MSK.png\",\"width\":512,\"height\":512,\"caption\":\"MSK - \u0141\u00f3d\u017a\"},\"image\":{\"@id\":\"https:\/\/msk.lodz.pl\/#\/schema\/logo\/image\/\"}},{\"@type\":\"Person\",\"@id\":\"https:\/\/msk.lodz.pl\/#\/schema\/person\/0a1b8ea56dffd2a70a464e2e9fd49958\",\"name\":\"Nina Wosik\",\"image\":{\"@type\":\"ImageObject\",\"inLanguage\":\"en-GB\",\"@id\":\"https:\/\/msk.lodz.pl\/#\/schema\/person\/image\/\",\"url\":\"https:\/\/secure.gravatar.com\/avatar\/b1350abbe7c946a20231a5e2348a7a1e0f977ccdbd94ce827710df4199a635ce?s=96&d=mm&r=g\",\"contentUrl\":\"https:\/\/secure.gravatar.com\/avatar\/b1350abbe7c946a20231a5e2348a7a1e0f977ccdbd94ce827710df4199a635ce?s=96&d=mm&r=g\",\"caption\":\"Nina Wosik\"},\"url\":\"https:\/\/msk.lodz.pl\/en\/author\/nina-wosik\/\"}]}<\/script>\n<!-- \/ Yoast SEO plugin. -->","yoast_head_json":{"title":"XXIV \u0141\u00f3dzkie Konfrontacje Taneczne - zg\u0142oszenia - MSK","robots":{"index":"index","follow":"follow","max-snippet":"max-snippet:-1","max-image-preview":"max-image-preview:large","max-video-preview":"max-video-preview:-1"},"canonical":"https:\/\/msk.lodz.pl\/en\/xxiv-lodzkie-konfrontacje-taneczne\/","og_locale":"en_GB","og_type":"article","og_title":"XXIV \u0141\u00f3dzkie Konfrontacje Taneczne - zg\u0142oszenia - MSK","og_description":"Zg\u0142o\u015b zesp\u00f3\u0142 lub solist\u00f3w na XXIV \u0141\u00f3dzkie Konfrontacje Taneczne! \u0141\u00f3dzkie Konfrontacje Taneczne to przegl\u0105d dzieci\u0119cych i m\u0142odzie\u017cowych zespo\u0142\u00f3w tanecznych oraz solist\u00f3w, kt\u00f3ry stopniowo z regionalnego stawa\u0142 si\u0119 og\u00f3lnopolskim konkursem ta\u0144ca.Uczestnicy Konfrontacji prezentuj\u0105 si\u0119 w dw\u00f3ch kategoriach tanecznych i w trzech kategoriach wiekowych, do 11 lat, 12-15 lat oraz pow. 16 lat. Na zg\u0142oszenia czekamy do [&hellip;]","og_url":"https:\/\/msk.lodz.pl\/en\/xxiv-lodzkie-konfrontacje-taneczne\/","og_site_name":"MSK","article_published_time":"2023-10-18T16:02:26+00:00","article_modified_time":"2023-10-19T08:42:23+00:00","og_image":[{"width":2048,"height":1365,"url":"https:\/\/msk.lodz.pl\/wp-content\/uploads\/2023\/10\/konfrontacje-taneczne.jpg","type":"image\/jpeg"}],"author":"Nina Wosik","twitter_card":"summary_large_image","twitter_misc":{"Written by":"Nina Wosik"},"schema":{"@context":"https:\/\/schema.org","@graph":[{"@type":"Article","@id":"https:\/\/msk.lodz.pl\/xxiv-lodzkie-konfrontacje-taneczne\/#article","isPartOf":{"@id":"https:\/\/msk.lodz.pl\/xxiv-lodzkie-konfrontacje-taneczne\/"},"author":{"name":"Nina Wosik","@id":"https:\/\/msk.lodz.pl\/#\/schema\/person\/0a1b8ea56dffd2a70a464e2e9fd49958"},"headline":"XXIV \u0141\u00f3dzkie Konfrontacje Taneczne &#8211; zg\u0142oszenia","datePublished":"2023-10-18T16:02:26+00:00","dateModified":"2023-10-19T08:42:23+00:00","mainEntityOfPage":{"@id":"https:\/\/msk.lodz.pl\/xxiv-lodzkie-konfrontacje-taneczne\/"},"wordCount":100,"publisher":{"@id":"https:\/\/msk.lodz.pl\/#organization"},"image":{"@id":"https:\/\/msk.lodz.pl\/xxiv-lodzkie-konfrontacje-taneczne\/#primaryimage"},"thumbnailUrl":"https:\/\/msk.lodz.pl\/wp-content\/uploads\/2023\/10\/konfrontacje-taneczne.jpg","keywords":["M\u0142odzie\u017c","Sztuka","Taniec"],"articleSection":["Aktualno\u015bci","MSK: Niciarniana"],"inLanguage":"en-GB"},{"@type":"WebPage","@id":"https:\/\/msk.lodz.pl\/xxiv-lodzkie-konfrontacje-taneczne\/","url":"https:\/\/msk.lodz.pl\/xxiv-lodzkie-konfrontacje-taneczne\/","name":"XXIV \u0141\u00f3dzkie Konfrontacje Taneczne - zg\u0142oszenia - MSK","isPartOf":{"@id":"https:\/\/msk.lodz.pl\/#website"},"primaryImageOfPage":{"@id":"https:\/\/msk.lodz.pl\/xxiv-lodzkie-konfrontacje-taneczne\/#primaryimage"},"image":{"@id":"https:\/\/msk.lodz.pl\/xxiv-lodzkie-konfrontacje-taneczne\/#primaryimage"},"thumbnailUrl":"https:\/\/msk.lodz.pl\/wp-content\/uploads\/2023\/10\/konfrontacje-taneczne.jpg","datePublished":"2023-10-18T16:02:26+00:00","dateModified":"2023-10-19T08:42:23+00:00","breadcrumb":{"@id":"https:\/\/msk.lodz.pl\/xxiv-lodzkie-konfrontacje-taneczne\/#breadcrumb"},"inLanguage":"en-GB","potentialAction":[{"@type":"ReadAction","target":["https:\/\/msk.lodz.pl\/xxiv-lodzkie-konfrontacje-taneczne\/"]}]},{"@type":"ImageObject","inLanguage":"en-GB","@id":"https:\/\/msk.lodz.pl\/xxiv-lodzkie-konfrontacje-taneczne\/#primaryimage","url":"https:\/\/msk.lodz.pl\/wp-content\/uploads\/2023\/10\/konfrontacje-taneczne.jpg","contentUrl":"https:\/\/msk.lodz.pl\/wp-content\/uploads\/2023\/10\/konfrontacje-taneczne.jpg","width":2048,"height":1365,"caption":"Zdj\u0119cie przedstawia tancerki"},{"@type":"BreadcrumbList","@id":"https:\/\/msk.lodz.pl\/xxiv-lodzkie-konfrontacje-taneczne\/#breadcrumb","itemListElement":[{"@type":"ListItem","position":1,"name":"Strona g\u0142\u00f3wna","item":"http:\/\/msk.lodz.pl\/en\/"},{"@type":"ListItem","position":2,"name":"XXIV \u0141\u00f3dzkie Konfrontacje Taneczne &#8211; zg\u0142oszenia"}]},{"@type":"WebSite","@id":"https:\/\/msk.lodz.pl\/#website","url":"https:\/\/msk.lodz.pl\/","name":"MSK - \u0141\u00f3d\u017a","description":"","publisher":{"@id":"https:\/\/msk.lodz.pl\/#organization"},"potentialAction":[{"@type":"SearchAction","target":{"@type":"EntryPoint","urlTemplate":"https:\/\/msk.lodz.pl\/?s={search_term_string}"},"query-input":{"@type":"PropertyValueSpecification","valueRequired":true,"valueName":"search_term_string"}}],"inLanguage":"en-GB"},{"@type":"Organization","@id":"https:\/\/msk.lodz.pl\/#organization","name":"MSK - \u0141\u00f3d\u017a","url":"https:\/\/msk.lodz.pl\/","logo":{"@type":"ImageObject","inLanguage":"en-GB","@id":"https:\/\/msk.lodz.pl\/#\/schema\/logo\/image\/","url":"https:\/\/msk.lodz.pl\/wp-content\/uploads\/2023\/04\/cropped-Fav_icon_MSK.png","contentUrl":"https:\/\/msk.lodz.pl\/wp-content\/uploads\/2023\/04\/cropped-Fav_icon_MSK.png","width":512,"height":512,"caption":"MSK - \u0141\u00f3d\u017a"},"image":{"@id":"https:\/\/msk.lodz.pl\/#\/schema\/logo\/image\/"}},{"@type":"Person","@id":"https:\/\/msk.lodz.pl\/#\/schema\/person\/0a1b8ea56dffd2a70a464e2e9fd49958","name":"Nina Wosik","image":{"@type":"ImageObject","inLanguage":"en-GB","@id":"https:\/\/msk.lodz.pl\/#\/schema\/person\/image\/","url":"https:\/\/secure.gravatar.com\/avatar\/b1350abbe7c946a20231a5e2348a7a1e0f977ccdbd94ce827710df4199a635ce?s=96&d=mm&r=g","contentUrl":"https:\/\/secure.gravatar.com\/avatar\/b1350abbe7c946a20231a5e2348a7a1e0f977ccdbd94ce827710df4199a635ce?s=96&d=mm&r=g","caption":"Nina Wosik"},"url":"https:\/\/msk.lodz.pl\/en\/author\/nina-wosik\/"}]}},"_links":{"self":[{"href":"https:\/\/msk.lodz.pl\/en\/wp-json\/wp\/v2\/posts\/23263","targetHints":{"allow":["GET"]}}],"collection":[{"href":"https:\/\/msk.lodz.pl\/en\/wp-json\/wp\/v2\/posts"}],"about":[{"href":"https:\/\/msk.lodz.pl\/en\/wp-json\/wp\/v2\/types\/post"}],"author":[{"embeddable":true,"href":"https:\/\/msk.lodz.pl\/en\/wp-json\/wp\/v2\/users\/8"}],"replies":[{"embeddable":true,"href":"https:\/\/msk.lodz.pl\/en\/wp-json\/wp\/v2\/comments?post=23263"}],"version-history":[{"count":0,"href":"https:\/\/msk.lodz.pl\/en\/wp-json\/wp\/v2\/posts\/23263\/revisions"}],"wp:featuredmedia":[{"embeddable":true,"href":"https:\/\/msk.lodz.pl\/en\/wp-json\/wp\/v2\/media\/23264"}],"wp:attachment":[{"href":"https:\/\/msk.lodz.pl\/en\/wp-json\/wp\/v2\/media?parent=23263"}],"wp:term":[{"taxonomy":"category","embeddable":true,"href":"https:\/\/msk.lodz.pl\/en\/wp-json\/wp\/v2\/categories?post=23263"},{"taxonomy":"post_tag","embeddable":true,"href":"https:\/\/msk.lodz.pl\/en\/wp-json\/wp\/v2\/tags?post=23263"}],"curies":[{"name":"wp","href":"https:\/\/api.w.org\/{rel}","templated":true}]}}