{"id":43766,"date":"2024-03-25T15:21:51","date_gmt":"2024-03-25T14:21:51","guid":{"rendered":"https:\/\/msk.lodz.pl\/?p=43766"},"modified":"2024-03-25T15:23:04","modified_gmt":"2024-03-25T14:23:04","slug":"baraki-ul-czechoslowacka-5","status":"publish","type":"post","link":"https:\/\/msk.lodz.pl\/en\/baraki-ul-czechoslowacka-5\/","title":{"rendered":"Baraki &#8211; ul. Czechos\u0142owacka 5"},"content":{"rendered":"<p class=\"has-medium-font-size\">To jedno z najbardziej charakterystycznych punkt\u00f3w na mapie Starego Widzewa &#8211; osiedle przy ulicy Czechos\u0142owackiej. Miejsce owiane tajemnic\u0105, z pozoru niedost\u0119pne dla postronnych, wyr\u00f3\u017cniaj\u0105ce si\u0119 niepowtarzalnym mikroklimatem, kt\u00f3re na przestrzeni lat niewiele si\u0119 zmieni\u0142o. Ponura zaniedbana brama,  b\u0142oto i szemrane towarzystwo nie zach\u0119caj\u0105 do odwiedzin. Obcy od razu wrzucaj\u0105 si\u0119 tu w oczy. <\/p>\n\n\n\n<p class=\"has-medium-font-size\"><\/p>\n\n\n\n<p class=\"has-medium-font-size\">Osiedle powsta\u0142o w 1908 roku i by\u0142o przeznaczone dla robotnik\u00f3w Fabryki Nici Ariadna. Sk\u0142ada si\u0119 ono z dw\u00f3ch szereg\u00f3w parterowych, solidnie zbudowanych dom\u00f3w z ceg\u0142y. Ka\u017cdy z sze\u015bciu dom\u00f3w posiada\u0142 w\u0142asne murowane kom\u00f3rki, ubikacje, magiel i pralni\u0119. Pomi\u0119dzy nimi rozci\u0105ga\u0142y si\u0119 w\u0105skie pasy zieleni, kt\u00f3re s\u0142u\u017cy\u0142y jako przydomowe ogr\u00f3dki. Ka\u017cdy budynek skrywa\u0142 po osiem dwuizbowych mieszka\u0144 o standardowej powierzchni 32 m2 (\u0142\u0105cznie 96 mieszka\u0144). Co ciekawe baraki s\u0105 wpisane do Gminnej Ewidencji Zabytk\u00f3w, co potwierdza ich historyczne znaczenie dla miasta.<\/p>\n\n\n\n<p class=\"has-medium-font-size\"><\/p>\n\n\n\n<p class=\"has-medium-font-size\">Dzi\u015b osiedle zdaje si\u0119 by\u0107 zupe\u0142nie zapomniane i porzucone, ale dla tych, kt\u00f3rzy potrafi\u0105 doceni\u0107 pi\u0119kno historii, s\u0105 one niczym brama do innego wymiaru \u2013 wymiaru, gdzie czas si\u0119 zatrzyma\u0142. <\/p>\n\n\n\n<figure class=\"wp-block-gallery has-nested-images columns-default is-cropped wp-block-gallery-1 is-layout-flex wp-block-gallery-is-layout-flex\">\n<figure class=\"wp-block-image size-large\"><img fetchpriority=\"high\" decoding=\"async\" width=\"1024\" height=\"1024\" data-id=\"43775\" src=\"https:\/\/msk.lodz.pl\/wp-content\/uploads\/2024\/03\/baraki-2-1024x1024.png\" alt=\"Fotografia przedstawia baraki. Zbli\u017cenie na okna.\" class=\"wp-image-43775\" srcset=\"https:\/\/msk.lodz.pl\/wp-content\/uploads\/2024\/03\/baraki-2-1024x1024.png 1024w, https:\/\/msk.lodz.pl\/wp-content\/uploads\/2024\/03\/baraki-2-300x300.png 300w, https:\/\/msk.lodz.pl\/wp-content\/uploads\/2024\/03\/baraki-2-150x150.png 150w, https:\/\/msk.lodz.pl\/wp-content\/uploads\/2024\/03\/baraki-2-768x768.png 768w, https:\/\/msk.lodz.pl\/wp-content\/uploads\/2024\/03\/baraki-2-500x500.png 500w, https:\/\/msk.lodz.pl\/wp-content\/uploads\/2024\/03\/baraki-2-12x12.png 12w, https:\/\/msk.lodz.pl\/wp-content\/uploads\/2024\/03\/baraki-2-600x600.png 600w, https:\/\/msk.lodz.pl\/wp-content\/uploads\/2024\/03\/baraki-2-100x100.png 100w, https:\/\/msk.lodz.pl\/wp-content\/uploads\/2024\/03\/baraki-2.png 1080w\" sizes=\"(max-width: 1024px) 100vw, 1024px\" \/><figcaption class=\"wp-element-caption\">fot. A. Biega\u0142a, marzec 2024<\/figcaption><\/figure>\n\n\n\n<figure class=\"wp-block-image size-large\"><img decoding=\"async\" width=\"1024\" height=\"1024\" data-id=\"43774\" data-src=\"https:\/\/msk.lodz.pl\/wp-content\/uploads\/2024\/03\/baraki-1-1024x1024.png\" alt=\"Fotografia przedstawia baraki.\" class=\"wp-image-43774 lazyload\" data-srcset=\"https:\/\/msk.lodz.pl\/wp-content\/uploads\/2024\/03\/baraki-1-1024x1024.png 1024w, https:\/\/msk.lodz.pl\/wp-content\/uploads\/2024\/03\/baraki-1-300x300.png 300w, https:\/\/msk.lodz.pl\/wp-content\/uploads\/2024\/03\/baraki-1-150x150.png 150w, https:\/\/msk.lodz.pl\/wp-content\/uploads\/2024\/03\/baraki-1-768x768.png 768w, https:\/\/msk.lodz.pl\/wp-content\/uploads\/2024\/03\/baraki-1-500x500.png 500w, https:\/\/msk.lodz.pl\/wp-content\/uploads\/2024\/03\/baraki-1-12x12.png 12w, https:\/\/msk.lodz.pl\/wp-content\/uploads\/2024\/03\/baraki-1-600x600.png 600w, https:\/\/msk.lodz.pl\/wp-content\/uploads\/2024\/03\/baraki-1-100x100.png 100w, https:\/\/msk.lodz.pl\/wp-content\/uploads\/2024\/03\/baraki-1.png 1080w\" data-sizes=\"(max-width: 1024px) 100vw, 1024px\" src=\"data:image\/gif;base64,R0lGODlhAQABAAAAACH5BAEKAAEALAAAAAABAAEAAAICTAEAOw==\" style=\"--smush-placeholder-width: 1024px; --smush-placeholder-aspect-ratio: 1024\/1024;\" \/><noscript><img decoding=\"async\" width=\"1024\" height=\"1024\" data-id=\"43774\" src=\"https:\/\/msk.lodz.pl\/wp-content\/uploads\/2024\/03\/baraki-1-1024x1024.png\" alt=\"Fotografia przedstawia baraki.\" class=\"wp-image-43774\" srcset=\"https:\/\/msk.lodz.pl\/wp-content\/uploads\/2024\/03\/baraki-1-1024x1024.png 1024w, https:\/\/msk.lodz.pl\/wp-content\/uploads\/2024\/03\/baraki-1-300x300.png 300w, https:\/\/msk.lodz.pl\/wp-content\/uploads\/2024\/03\/baraki-1-150x150.png 150w, https:\/\/msk.lodz.pl\/wp-content\/uploads\/2024\/03\/baraki-1-768x768.png 768w, https:\/\/msk.lodz.pl\/wp-content\/uploads\/2024\/03\/baraki-1-500x500.png 500w, https:\/\/msk.lodz.pl\/wp-content\/uploads\/2024\/03\/baraki-1-12x12.png 12w, https:\/\/msk.lodz.pl\/wp-content\/uploads\/2024\/03\/baraki-1-600x600.png 600w, https:\/\/msk.lodz.pl\/wp-content\/uploads\/2024\/03\/baraki-1-100x100.png 100w, https:\/\/msk.lodz.pl\/wp-content\/uploads\/2024\/03\/baraki-1.png 1080w\" sizes=\"(max-width: 1024px) 100vw, 1024px\" \/><\/noscript><figcaption class=\"wp-element-caption\">fot. A. Biega\u0142a, marzec 2024<\/figcaption><\/figure>\n\n\n\n<figure class=\"wp-block-image size-large\"><img decoding=\"async\" width=\"1024\" height=\"1024\" data-id=\"43773\" data-src=\"https:\/\/msk.lodz.pl\/wp-content\/uploads\/2024\/03\/baraki-5-1024x1024.png\" alt=\"Fotografia przedstawia wej\u015bcie do domu.\" class=\"wp-image-43773 lazyload\" data-srcset=\"https:\/\/msk.lodz.pl\/wp-content\/uploads\/2024\/03\/baraki-5-1024x1024.png 1024w, https:\/\/msk.lodz.pl\/wp-content\/uploads\/2024\/03\/baraki-5-300x300.png 300w, https:\/\/msk.lodz.pl\/wp-content\/uploads\/2024\/03\/baraki-5-150x150.png 150w, https:\/\/msk.lodz.pl\/wp-content\/uploads\/2024\/03\/baraki-5-768x768.png 768w, https:\/\/msk.lodz.pl\/wp-content\/uploads\/2024\/03\/baraki-5-500x500.png 500w, https:\/\/msk.lodz.pl\/wp-content\/uploads\/2024\/03\/baraki-5-12x12.png 12w, https:\/\/msk.lodz.pl\/wp-content\/uploads\/2024\/03\/baraki-5-600x600.png 600w, https:\/\/msk.lodz.pl\/wp-content\/uploads\/2024\/03\/baraki-5-100x100.png 100w, https:\/\/msk.lodz.pl\/wp-content\/uploads\/2024\/03\/baraki-5.png 1080w\" data-sizes=\"(max-width: 1024px) 100vw, 1024px\" src=\"data:image\/gif;base64,R0lGODlhAQABAAAAACH5BAEKAAEALAAAAAABAAEAAAICTAEAOw==\" style=\"--smush-placeholder-width: 1024px; --smush-placeholder-aspect-ratio: 1024\/1024;\" \/><noscript><img decoding=\"async\" width=\"1024\" height=\"1024\" data-id=\"43773\" src=\"https:\/\/msk.lodz.pl\/wp-content\/uploads\/2024\/03\/baraki-5-1024x1024.png\" alt=\"Fotografia przedstawia wej\u015bcie do domu.\" class=\"wp-image-43773\" srcset=\"https:\/\/msk.lodz.pl\/wp-content\/uploads\/2024\/03\/baraki-5-1024x1024.png 1024w, https:\/\/msk.lodz.pl\/wp-content\/uploads\/2024\/03\/baraki-5-300x300.png 300w, https:\/\/msk.lodz.pl\/wp-content\/uploads\/2024\/03\/baraki-5-150x150.png 150w, https:\/\/msk.lodz.pl\/wp-content\/uploads\/2024\/03\/baraki-5-768x768.png 768w, https:\/\/msk.lodz.pl\/wp-content\/uploads\/2024\/03\/baraki-5-500x500.png 500w, https:\/\/msk.lodz.pl\/wp-content\/uploads\/2024\/03\/baraki-5-12x12.png 12w, https:\/\/msk.lodz.pl\/wp-content\/uploads\/2024\/03\/baraki-5-600x600.png 600w, https:\/\/msk.lodz.pl\/wp-content\/uploads\/2024\/03\/baraki-5-100x100.png 100w, https:\/\/msk.lodz.pl\/wp-content\/uploads\/2024\/03\/baraki-5.png 1080w\" sizes=\"(max-width: 1024px) 100vw, 1024px\" \/><\/noscript><figcaption class=\"wp-element-caption\">fot. baedekerlodz.blogspot.com, stycze\u0144 2023<\/figcaption><\/figure>\n\n\n\n<figure class=\"wp-block-image size-large\"><img loading=\"lazy\" decoding=\"async\" width=\"1024\" height=\"1024\" data-id=\"43779\" data-src=\"https:\/\/msk.lodz.pl\/wp-content\/uploads\/2024\/03\/baraki-4-1024x1024.png\" alt=\"Fotografia przedstawia baraki.\" class=\"wp-image-43779 lazyload\" data-srcset=\"https:\/\/msk.lodz.pl\/wp-content\/uploads\/2024\/03\/baraki-4-1024x1024.png 1024w, https:\/\/msk.lodz.pl\/wp-content\/uploads\/2024\/03\/baraki-4-300x300.png 300w, https:\/\/msk.lodz.pl\/wp-content\/uploads\/2024\/03\/baraki-4-150x150.png 150w, https:\/\/msk.lodz.pl\/wp-content\/uploads\/2024\/03\/baraki-4-768x768.png 768w, https:\/\/msk.lodz.pl\/wp-content\/uploads\/2024\/03\/baraki-4-500x500.png 500w, https:\/\/msk.lodz.pl\/wp-content\/uploads\/2024\/03\/baraki-4-12x12.png 12w, https:\/\/msk.lodz.pl\/wp-content\/uploads\/2024\/03\/baraki-4-600x600.png 600w, https:\/\/msk.lodz.pl\/wp-content\/uploads\/2024\/03\/baraki-4-100x100.png 100w, https:\/\/msk.lodz.pl\/wp-content\/uploads\/2024\/03\/baraki-4.png 1080w\" data-sizes=\"(max-width: 1024px) 100vw, 1024px\" src=\"data:image\/gif;base64,R0lGODlhAQABAAAAACH5BAEKAAEALAAAAAABAAEAAAICTAEAOw==\" style=\"--smush-placeholder-width: 1024px; --smush-placeholder-aspect-ratio: 1024\/1024;\" \/><noscript><img loading=\"lazy\" decoding=\"async\" width=\"1024\" height=\"1024\" data-id=\"43779\" src=\"https:\/\/msk.lodz.pl\/wp-content\/uploads\/2024\/03\/baraki-4-1024x1024.png\" alt=\"Fotografia przedstawia baraki.\" class=\"wp-image-43779\" srcset=\"https:\/\/msk.lodz.pl\/wp-content\/uploads\/2024\/03\/baraki-4-1024x1024.png 1024w, https:\/\/msk.lodz.pl\/wp-content\/uploads\/2024\/03\/baraki-4-300x300.png 300w, https:\/\/msk.lodz.pl\/wp-content\/uploads\/2024\/03\/baraki-4-150x150.png 150w, https:\/\/msk.lodz.pl\/wp-content\/uploads\/2024\/03\/baraki-4-768x768.png 768w, https:\/\/msk.lodz.pl\/wp-content\/uploads\/2024\/03\/baraki-4-500x500.png 500w, https:\/\/msk.lodz.pl\/wp-content\/uploads\/2024\/03\/baraki-4-12x12.png 12w, https:\/\/msk.lodz.pl\/wp-content\/uploads\/2024\/03\/baraki-4-600x600.png 600w, https:\/\/msk.lodz.pl\/wp-content\/uploads\/2024\/03\/baraki-4-100x100.png 100w, https:\/\/msk.lodz.pl\/wp-content\/uploads\/2024\/03\/baraki-4.png 1080w\" sizes=\"(max-width: 1024px) 100vw, 1024px\" \/><\/noscript><figcaption class=\"wp-element-caption\">fot. baedekerlodz.blogspot.com, stycze\u0144 2023<\/figcaption><\/figure>\n\n\n\n<figure class=\"wp-block-image size-large\"><img loading=\"lazy\" decoding=\"async\" width=\"1024\" height=\"1024\" data-id=\"43777\" data-src=\"https:\/\/msk.lodz.pl\/wp-content\/uploads\/2024\/03\/baraki-3-1024x1024.png\" alt=\"Fotografia przedstawia baraki.\" class=\"wp-image-43777 lazyload\" data-srcset=\"https:\/\/msk.lodz.pl\/wp-content\/uploads\/2024\/03\/baraki-3-1024x1024.png 1024w, https:\/\/msk.lodz.pl\/wp-content\/uploads\/2024\/03\/baraki-3-300x300.png 300w, https:\/\/msk.lodz.pl\/wp-content\/uploads\/2024\/03\/baraki-3-150x150.png 150w, https:\/\/msk.lodz.pl\/wp-content\/uploads\/2024\/03\/baraki-3-768x768.png 768w, https:\/\/msk.lodz.pl\/wp-content\/uploads\/2024\/03\/baraki-3-500x500.png 500w, https:\/\/msk.lodz.pl\/wp-content\/uploads\/2024\/03\/baraki-3-12x12.png 12w, https:\/\/msk.lodz.pl\/wp-content\/uploads\/2024\/03\/baraki-3-600x600.png 600w, https:\/\/msk.lodz.pl\/wp-content\/uploads\/2024\/03\/baraki-3-100x100.png 100w, https:\/\/msk.lodz.pl\/wp-content\/uploads\/2024\/03\/baraki-3.png 1080w\" data-sizes=\"(max-width: 1024px) 100vw, 1024px\" src=\"data:image\/gif;base64,R0lGODlhAQABAAAAACH5BAEKAAEALAAAAAABAAEAAAICTAEAOw==\" style=\"--smush-placeholder-width: 1024px; --smush-placeholder-aspect-ratio: 1024\/1024;\" \/><noscript><img loading=\"lazy\" decoding=\"async\" width=\"1024\" height=\"1024\" data-id=\"43777\" src=\"https:\/\/msk.lodz.pl\/wp-content\/uploads\/2024\/03\/baraki-3-1024x1024.png\" alt=\"Fotografia przedstawia baraki.\" class=\"wp-image-43777\" srcset=\"https:\/\/msk.lodz.pl\/wp-content\/uploads\/2024\/03\/baraki-3-1024x1024.png 1024w, https:\/\/msk.lodz.pl\/wp-content\/uploads\/2024\/03\/baraki-3-300x300.png 300w, https:\/\/msk.lodz.pl\/wp-content\/uploads\/2024\/03\/baraki-3-150x150.png 150w, https:\/\/msk.lodz.pl\/wp-content\/uploads\/2024\/03\/baraki-3-768x768.png 768w, https:\/\/msk.lodz.pl\/wp-content\/uploads\/2024\/03\/baraki-3-500x500.png 500w, https:\/\/msk.lodz.pl\/wp-content\/uploads\/2024\/03\/baraki-3-12x12.png 12w, https:\/\/msk.lodz.pl\/wp-content\/uploads\/2024\/03\/baraki-3-600x600.png 600w, https:\/\/msk.lodz.pl\/wp-content\/uploads\/2024\/03\/baraki-3-100x100.png 100w, https:\/\/msk.lodz.pl\/wp-content\/uploads\/2024\/03\/baraki-3.png 1080w\" sizes=\"(max-width: 1024px) 100vw, 1024px\" \/><\/noscript><figcaption class=\"wp-element-caption\">fot. A. Biega\u0142a, marzec 2024<\/figcaption><\/figure>\n<\/figure>\n\n\n\n<p><\/p>","protected":false},"excerpt":{"rendered":"<p>To jedno z najbardziej charakterystycznych punkt\u00f3w na mapie Starego Widzewa &#8211; osiedle przy ulicy Czechos\u0142owackiej. Miejsce owiane tajemnic\u0105, z pozoru niedost\u0119pne dla postronnych, wyr\u00f3\u017cniaj\u0105ce si\u0119 niepowtarzalnym mikroklimatem, kt\u00f3re na przestrzeni lat niewiele si\u0119 zmieni\u0142o. Ponura zaniedbana brama, b\u0142oto i szemrane towarzystwo nie zach\u0119caj\u0105 do odwiedzin. Obcy od razu wrzucaj\u0105 si\u0119 tu w oczy. Osiedle powsta\u0142o [&hellip;]<\/p>","protected":false},"author":8,"featured_media":43772,"comment_status":"closed","ping_status":"","sticky":false,"template":"","format":"standard","meta":{"footnotes":""},"categories":[223,221],"tags":[600,193],"class_list":["post-43766","post","type-post","status-publish","format-standard","has-post-thumbnail","hentry","category-blog-msk-niciarniana","category-msk-niciarniana","tag-historia","tag-seniorzy"],"yoast_head":"<!-- This site is optimized with the Yoast SEO plugin v26.5 - https:\/\/yoast.com\/wordpress\/plugins\/seo\/ -->\n<title>Baraki - ul. Czechos\u0142owacka 5 - MSK<\/title>\n<meta name=\"robots\" content=\"index, follow, max-snippet:-1, max-image-preview:large, max-video-preview:-1\" \/>\n<link rel=\"canonical\" href=\"https:\/\/msk.lodz.pl\/en\/baraki-ul-czechoslowacka-5\/\" \/>\n<meta property=\"og:locale\" content=\"en_GB\" \/>\n<meta property=\"og:type\" content=\"article\" \/>\n<meta property=\"og:title\" content=\"Baraki - ul. Czechos\u0142owacka 5 - MSK\" \/>\n<meta property=\"og:description\" content=\"To jedno z najbardziej charakterystycznych punkt\u00f3w na mapie Starego Widzewa &#8211; osiedle przy ulicy Czechos\u0142owackiej. Miejsce owiane tajemnic\u0105, z pozoru niedost\u0119pne dla postronnych, wyr\u00f3\u017cniaj\u0105ce si\u0119 niepowtarzalnym mikroklimatem, kt\u00f3re na przestrzeni lat niewiele si\u0119 zmieni\u0142o. Ponura zaniedbana brama, b\u0142oto i szemrane towarzystwo nie zach\u0119caj\u0105 do odwiedzin. Obcy od razu wrzucaj\u0105 si\u0119 tu w oczy. Osiedle powsta\u0142o [&hellip;]\" \/>\n<meta property=\"og:url\" content=\"https:\/\/msk.lodz.pl\/en\/baraki-ul-czechoslowacka-5\/\" \/>\n<meta property=\"og:site_name\" content=\"MSK\" \/>\n<meta property=\"article:published_time\" content=\"2024-03-25T14:21:51+00:00\" \/>\n<meta property=\"article:modified_time\" content=\"2024-03-25T14:23:04+00:00\" \/>\n<meta property=\"og:image\" content=\"https:\/\/msk.lodz.pl\/wp-content\/uploads\/2024\/03\/grembach-.png\" \/>\n\t<meta property=\"og:image:width\" content=\"940\" \/>\n\t<meta property=\"og:image:height\" content=\"788\" \/>\n\t<meta property=\"og:image:type\" content=\"image\/png\" \/>\n<meta name=\"author\" content=\"Nina Wosik\" \/>\n<meta name=\"twitter:card\" content=\"summary_large_image\" \/>\n<meta name=\"twitter:label1\" content=\"Written by\" \/>\n\t<meta name=\"twitter:data1\" content=\"Nina Wosik\" \/>\n\t<meta name=\"twitter:label2\" content=\"Estimated reading time\" \/>\n\t<meta name=\"twitter:data2\" content=\"1 minute\" \/>\n<script type=\"application\/ld+json\" class=\"yoast-schema-graph\">{\"@context\":\"https:\/\/schema.org\",\"@graph\":[{\"@type\":\"Article\",\"@id\":\"https:\/\/msk.lodz.pl\/en\/baraki-ul-czechoslowacka-5\/#article\",\"isPartOf\":{\"@id\":\"https:\/\/msk.lodz.pl\/en\/baraki-ul-czechoslowacka-5\/\"},\"author\":{\"name\":\"Nina Wosik\",\"@id\":\"https:\/\/msk.lodz.pl\/#\/schema\/person\/0a1b8ea56dffd2a70a464e2e9fd49958\"},\"headline\":\"Baraki &#8211; ul. Czechos\u0142owacka 5\",\"datePublished\":\"2024-03-25T14:21:51+00:00\",\"dateModified\":\"2024-03-25T14:23:04+00:00\",\"mainEntityOfPage\":{\"@id\":\"https:\/\/msk.lodz.pl\/en\/baraki-ul-czechoslowacka-5\/\"},\"wordCount\":225,\"publisher\":{\"@id\":\"https:\/\/msk.lodz.pl\/#organization\"},\"image\":{\"@id\":\"https:\/\/msk.lodz.pl\/en\/baraki-ul-czechoslowacka-5\/#primaryimage\"},\"thumbnailUrl\":\"https:\/\/msk.lodz.pl\/wp-content\/uploads\/2024\/03\/grembach-.png\",\"keywords\":[\"historia\",\"Seniorzy\"],\"articleSection\":[\"Blog\",\"MSK: Niciarniana\"],\"inLanguage\":\"en-GB\"},{\"@type\":\"WebPage\",\"@id\":\"https:\/\/msk.lodz.pl\/en\/baraki-ul-czechoslowacka-5\/\",\"url\":\"https:\/\/msk.lodz.pl\/en\/baraki-ul-czechoslowacka-5\/\",\"name\":\"Baraki - ul. Czechos\u0142owacka 5 - MSK\",\"isPartOf\":{\"@id\":\"https:\/\/msk.lodz.pl\/#website\"},\"primaryImageOfPage\":{\"@id\":\"https:\/\/msk.lodz.pl\/en\/baraki-ul-czechoslowacka-5\/#primaryimage\"},\"image\":{\"@id\":\"https:\/\/msk.lodz.pl\/en\/baraki-ul-czechoslowacka-5\/#primaryimage\"},\"thumbnailUrl\":\"https:\/\/msk.lodz.pl\/wp-content\/uploads\/2024\/03\/grembach-.png\",\"datePublished\":\"2024-03-25T14:21:51+00:00\",\"dateModified\":\"2024-03-25T14:23:04+00:00\",\"breadcrumb\":{\"@id\":\"https:\/\/msk.lodz.pl\/en\/baraki-ul-czechoslowacka-5\/#breadcrumb\"},\"inLanguage\":\"en-GB\",\"potentialAction\":[{\"@type\":\"ReadAction\",\"target\":[\"https:\/\/msk.lodz.pl\/en\/baraki-ul-czechoslowacka-5\/\"]}]},{\"@type\":\"ImageObject\",\"inLanguage\":\"en-GB\",\"@id\":\"https:\/\/msk.lodz.pl\/en\/baraki-ul-czechoslowacka-5\/#primaryimage\",\"url\":\"https:\/\/msk.lodz.pl\/wp-content\/uploads\/2024\/03\/grembach-.png\",\"contentUrl\":\"https:\/\/msk.lodz.pl\/wp-content\/uploads\/2024\/03\/grembach-.png\",\"width\":940,\"height\":788,\"caption\":\"Zdj\u0119cie przedstawia Baraki przy ul. Czechos\u0142owackiej 5.\"},{\"@type\":\"BreadcrumbList\",\"@id\":\"https:\/\/msk.lodz.pl\/en\/baraki-ul-czechoslowacka-5\/#breadcrumb\",\"itemListElement\":[{\"@type\":\"ListItem\",\"position\":1,\"name\":\"Strona g\u0142\u00f3wna\",\"item\":\"http:\/\/msk.lodz.pl\/en\/\"},{\"@type\":\"ListItem\",\"position\":2,\"name\":\"Baraki &#8211; ul. Czechos\u0142owacka 5\"}]},{\"@type\":\"WebSite\",\"@id\":\"https:\/\/msk.lodz.pl\/#website\",\"url\":\"https:\/\/msk.lodz.pl\/\",\"name\":\"MSK - \u0141\u00f3d\u017a\",\"description\":\"\",\"publisher\":{\"@id\":\"https:\/\/msk.lodz.pl\/#organization\"},\"potentialAction\":[{\"@type\":\"SearchAction\",\"target\":{\"@type\":\"EntryPoint\",\"urlTemplate\":\"https:\/\/msk.lodz.pl\/?s={search_term_string}\"},\"query-input\":{\"@type\":\"PropertyValueSpecification\",\"valueRequired\":true,\"valueName\":\"search_term_string\"}}],\"inLanguage\":\"en-GB\"},{\"@type\":\"Organization\",\"@id\":\"https:\/\/msk.lodz.pl\/#organization\",\"name\":\"MSK - \u0141\u00f3d\u017a\",\"url\":\"https:\/\/msk.lodz.pl\/\",\"logo\":{\"@type\":\"ImageObject\",\"inLanguage\":\"en-GB\",\"@id\":\"https:\/\/msk.lodz.pl\/#\/schema\/logo\/image\/\",\"url\":\"https:\/\/msk.lodz.pl\/wp-content\/uploads\/2023\/04\/cropped-Fav_icon_MSK.png\",\"contentUrl\":\"https:\/\/msk.lodz.pl\/wp-content\/uploads\/2023\/04\/cropped-Fav_icon_MSK.png\",\"width\":512,\"height\":512,\"caption\":\"MSK - \u0141\u00f3d\u017a\"},\"image\":{\"@id\":\"https:\/\/msk.lodz.pl\/#\/schema\/logo\/image\/\"}},{\"@type\":\"Person\",\"@id\":\"https:\/\/msk.lodz.pl\/#\/schema\/person\/0a1b8ea56dffd2a70a464e2e9fd49958\",\"name\":\"Nina Wosik\",\"image\":{\"@type\":\"ImageObject\",\"inLanguage\":\"en-GB\",\"@id\":\"https:\/\/msk.lodz.pl\/#\/schema\/person\/image\/\",\"url\":\"https:\/\/secure.gravatar.com\/avatar\/b1350abbe7c946a20231a5e2348a7a1e0f977ccdbd94ce827710df4199a635ce?s=96&d=mm&r=g\",\"contentUrl\":\"https:\/\/secure.gravatar.com\/avatar\/b1350abbe7c946a20231a5e2348a7a1e0f977ccdbd94ce827710df4199a635ce?s=96&d=mm&r=g\",\"caption\":\"Nina Wosik\"},\"url\":\"https:\/\/msk.lodz.pl\/en\/author\/nina-wosik\/\"}]}<\/script>\n<!-- \/ Yoast SEO plugin. -->","yoast_head_json":{"title":"Baraki - ul. Czechos\u0142owacka 5 - MSK","robots":{"index":"index","follow":"follow","max-snippet":"max-snippet:-1","max-image-preview":"max-image-preview:large","max-video-preview":"max-video-preview:-1"},"canonical":"https:\/\/msk.lodz.pl\/en\/baraki-ul-czechoslowacka-5\/","og_locale":"en_GB","og_type":"article","og_title":"Baraki - ul. Czechos\u0142owacka 5 - MSK","og_description":"To jedno z najbardziej charakterystycznych punkt\u00f3w na mapie Starego Widzewa &#8211; osiedle przy ulicy Czechos\u0142owackiej. Miejsce owiane tajemnic\u0105, z pozoru niedost\u0119pne dla postronnych, wyr\u00f3\u017cniaj\u0105ce si\u0119 niepowtarzalnym mikroklimatem, kt\u00f3re na przestrzeni lat niewiele si\u0119 zmieni\u0142o. Ponura zaniedbana brama, b\u0142oto i szemrane towarzystwo nie zach\u0119caj\u0105 do odwiedzin. Obcy od razu wrzucaj\u0105 si\u0119 tu w oczy. Osiedle powsta\u0142o [&hellip;]","og_url":"https:\/\/msk.lodz.pl\/en\/baraki-ul-czechoslowacka-5\/","og_site_name":"MSK","article_published_time":"2024-03-25T14:21:51+00:00","article_modified_time":"2024-03-25T14:23:04+00:00","og_image":[{"width":940,"height":788,"url":"https:\/\/msk.lodz.pl\/wp-content\/uploads\/2024\/03\/grembach-.png","type":"image\/png"}],"author":"Nina Wosik","twitter_card":"summary_large_image","twitter_misc":{"Written by":"Nina Wosik","Estimated reading time":"1 minute"},"schema":{"@context":"https:\/\/schema.org","@graph":[{"@type":"Article","@id":"https:\/\/msk.lodz.pl\/en\/baraki-ul-czechoslowacka-5\/#article","isPartOf":{"@id":"https:\/\/msk.lodz.pl\/en\/baraki-ul-czechoslowacka-5\/"},"author":{"name":"Nina Wosik","@id":"https:\/\/msk.lodz.pl\/#\/schema\/person\/0a1b8ea56dffd2a70a464e2e9fd49958"},"headline":"Baraki &#8211; ul. Czechos\u0142owacka 5","datePublished":"2024-03-25T14:21:51+00:00","dateModified":"2024-03-25T14:23:04+00:00","mainEntityOfPage":{"@id":"https:\/\/msk.lodz.pl\/en\/baraki-ul-czechoslowacka-5\/"},"wordCount":225,"publisher":{"@id":"https:\/\/msk.lodz.pl\/#organization"},"image":{"@id":"https:\/\/msk.lodz.pl\/en\/baraki-ul-czechoslowacka-5\/#primaryimage"},"thumbnailUrl":"https:\/\/msk.lodz.pl\/wp-content\/uploads\/2024\/03\/grembach-.png","keywords":["historia","Seniorzy"],"articleSection":["Blog","MSK: Niciarniana"],"inLanguage":"en-GB"},{"@type":"WebPage","@id":"https:\/\/msk.lodz.pl\/en\/baraki-ul-czechoslowacka-5\/","url":"https:\/\/msk.lodz.pl\/en\/baraki-ul-czechoslowacka-5\/","name":"Baraki - ul. Czechos\u0142owacka 5 - MSK","isPartOf":{"@id":"https:\/\/msk.lodz.pl\/#website"},"primaryImageOfPage":{"@id":"https:\/\/msk.lodz.pl\/en\/baraki-ul-czechoslowacka-5\/#primaryimage"},"image":{"@id":"https:\/\/msk.lodz.pl\/en\/baraki-ul-czechoslowacka-5\/#primaryimage"},"thumbnailUrl":"https:\/\/msk.lodz.pl\/wp-content\/uploads\/2024\/03\/grembach-.png","datePublished":"2024-03-25T14:21:51+00:00","dateModified":"2024-03-25T14:23:04+00:00","breadcrumb":{"@id":"https:\/\/msk.lodz.pl\/en\/baraki-ul-czechoslowacka-5\/#breadcrumb"},"inLanguage":"en-GB","potentialAction":[{"@type":"ReadAction","target":["https:\/\/msk.lodz.pl\/en\/baraki-ul-czechoslowacka-5\/"]}]},{"@type":"ImageObject","inLanguage":"en-GB","@id":"https:\/\/msk.lodz.pl\/en\/baraki-ul-czechoslowacka-5\/#primaryimage","url":"https:\/\/msk.lodz.pl\/wp-content\/uploads\/2024\/03\/grembach-.png","contentUrl":"https:\/\/msk.lodz.pl\/wp-content\/uploads\/2024\/03\/grembach-.png","width":940,"height":788,"caption":"Zdj\u0119cie przedstawia Baraki przy ul. Czechos\u0142owackiej 5."},{"@type":"BreadcrumbList","@id":"https:\/\/msk.lodz.pl\/en\/baraki-ul-czechoslowacka-5\/#breadcrumb","itemListElement":[{"@type":"ListItem","position":1,"name":"Strona g\u0142\u00f3wna","item":"http:\/\/msk.lodz.pl\/en\/"},{"@type":"ListItem","position":2,"name":"Baraki &#8211; ul. Czechos\u0142owacka 5"}]},{"@type":"WebSite","@id":"https:\/\/msk.lodz.pl\/#website","url":"https:\/\/msk.lodz.pl\/","name":"MSK - \u0141\u00f3d\u017a","description":"","publisher":{"@id":"https:\/\/msk.lodz.pl\/#organization"},"potentialAction":[{"@type":"SearchAction","target":{"@type":"EntryPoint","urlTemplate":"https:\/\/msk.lodz.pl\/?s={search_term_string}"},"query-input":{"@type":"PropertyValueSpecification","valueRequired":true,"valueName":"search_term_string"}}],"inLanguage":"en-GB"},{"@type":"Organization","@id":"https:\/\/msk.lodz.pl\/#organization","name":"MSK - \u0141\u00f3d\u017a","url":"https:\/\/msk.lodz.pl\/","logo":{"@type":"ImageObject","inLanguage":"en-GB","@id":"https:\/\/msk.lodz.pl\/#\/schema\/logo\/image\/","url":"https:\/\/msk.lodz.pl\/wp-content\/uploads\/2023\/04\/cropped-Fav_icon_MSK.png","contentUrl":"https:\/\/msk.lodz.pl\/wp-content\/uploads\/2023\/04\/cropped-Fav_icon_MSK.png","width":512,"height":512,"caption":"MSK - \u0141\u00f3d\u017a"},"image":{"@id":"https:\/\/msk.lodz.pl\/#\/schema\/logo\/image\/"}},{"@type":"Person","@id":"https:\/\/msk.lodz.pl\/#\/schema\/person\/0a1b8ea56dffd2a70a464e2e9fd49958","name":"Nina Wosik","image":{"@type":"ImageObject","inLanguage":"en-GB","@id":"https:\/\/msk.lodz.pl\/#\/schema\/person\/image\/","url":"https:\/\/secure.gravatar.com\/avatar\/b1350abbe7c946a20231a5e2348a7a1e0f977ccdbd94ce827710df4199a635ce?s=96&d=mm&r=g","contentUrl":"https:\/\/secure.gravatar.com\/avatar\/b1350abbe7c946a20231a5e2348a7a1e0f977ccdbd94ce827710df4199a635ce?s=96&d=mm&r=g","caption":"Nina Wosik"},"url":"https:\/\/msk.lodz.pl\/en\/author\/nina-wosik\/"}]}},"_links":{"self":[{"href":"https:\/\/msk.lodz.pl\/en\/wp-json\/wp\/v2\/posts\/43766","targetHints":{"allow":["GET"]}}],"collection":[{"href":"https:\/\/msk.lodz.pl\/en\/wp-json\/wp\/v2\/posts"}],"about":[{"href":"https:\/\/msk.lodz.pl\/en\/wp-json\/wp\/v2\/types\/post"}],"author":[{"embeddable":true,"href":"https:\/\/msk.lodz.pl\/en\/wp-json\/wp\/v2\/users\/8"}],"replies":[{"embeddable":true,"href":"https:\/\/msk.lodz.pl\/en\/wp-json\/wp\/v2\/comments?post=43766"}],"version-history":[{"count":0,"href":"https:\/\/msk.lodz.pl\/en\/wp-json\/wp\/v2\/posts\/43766\/revisions"}],"wp:featuredmedia":[{"embeddable":true,"href":"https:\/\/msk.lodz.pl\/en\/wp-json\/wp\/v2\/media\/43772"}],"wp:attachment":[{"href":"https:\/\/msk.lodz.pl\/en\/wp-json\/wp\/v2\/media?parent=43766"}],"wp:term":[{"taxonomy":"category","embeddable":true,"href":"https:\/\/msk.lodz.pl\/en\/wp-json\/wp\/v2\/categories?post=43766"},{"taxonomy":"post_tag","embeddable":true,"href":"https:\/\/msk.lodz.pl\/en\/wp-json\/wp\/v2\/tags?post=43766"}],"curies":[{"name":"wp","href":"https:\/\/api.w.org\/{rel}","templated":true}]}}