{"id":56437,"date":"2024-07-02T13:51:32","date_gmt":"2024-07-02T11:51:32","guid":{"rendered":"https:\/\/msk.lodz.pl\/?p=56437"},"modified":"2024-07-02T23:19:52","modified_gmt":"2024-07-02T21:19:52","slug":"teo_literacki-slad-urodziny-lodzi","status":"publish","type":"post","link":"https:\/\/msk.lodz.pl\/en\/teo_literacki-slad-urodziny-lodzi\/","title":{"rendered":"TEO_LITERACKI \u015aLAD \/\/ urodziny \u0141ODZI"},"content":{"rendered":"<p><\/p>\n\n\n\n<p class=\"has-medium-font-size\">&#8222;Teo &#8211; Literacki \u015alad&#8221;* to unikalna gra terenowa, stworzona specjalnie na urodziny <img decoding=\"async\" width=\"16\" height=\"16\" data-src=\"https:\/\/static.xx.fbcdn.net\/images\/emoji.php\/v9\/t5\/1\/16\/1f382.png\" alt=\"\ud83c\udf82\" src=\"data:image\/gif;base64,R0lGODlhAQABAAAAACH5BAEKAAEALAAAAAABAAEAAAICTAEAOw==\" class=\"lazyload\" style=\"--smush-placeholder-width: 16px; --smush-placeholder-aspect-ratio: 16\/16;\"><noscript><img decoding=\"async\" width=\"16\" height=\"16\" src=\"https:\/\/static.xx.fbcdn.net\/images\/emoji.php\/v9\/t5\/1\/16\/1f382.png\" alt=\"\ud83c\udf82\"><\/noscript>&nbsp;\u0141odzi, kt\u00f3ra zabierze uczestnik\u00f3w w literack\u0105 podr\u00f3\u017c po Teofilowie.<\/p>\n\n\n\n<p><\/p>\n\n\n\n<p class=\"has-medium-font-size\"><img decoding=\"async\" width=\"16\" height=\"16\" data-src=\"https:\/\/static.xx.fbcdn.net\/images\/emoji.php\/v9\/tac\/1\/16\/1f4cc.png\" alt=\"\ud83d\udccc\" src=\"data:image\/gif;base64,R0lGODlhAQABAAAAACH5BAEKAAEALAAAAAABAAEAAAICTAEAOw==\" class=\"lazyload\" style=\"--smush-placeholder-width: 16px; --smush-placeholder-aspect-ratio: 16\/16;\"><noscript><img decoding=\"async\" width=\"16\" height=\"16\" src=\"https:\/\/static.xx.fbcdn.net\/images\/emoji.php\/v9\/tac\/1\/16\/1f4cc.png\" alt=\"\ud83d\udccc\"><\/noscript>&nbsp;27 lipca 2024 | sobota | g. 11.00<\/p>\n\n\n\n<p><\/p>\n\n\n\n<p class=\"has-medium-font-size\">Podczas tej wyj\u0105tkowej przygody, gracze b\u0119d\u0105 mieli okazj\u0119 odkry\u0107 liczne literackie \u015blady, kt\u00f3re kryj\u0105 si\u0119 w zakamarkach Osiedla Teofil\u00f3w.\u00a0Bez wzgl\u0119du na to, czy jeste\u015b zagorza\u0142ym mi\u0142o\u015bnikiem literatury, czy dopiero zaczynasz swoj\u0105 przygod\u0119 z ksi\u0105\u017ckami, ka\u017cdy z uczestnik\u00f3w poradzi sobie z przygotowanymi wyzwaniami. Zadaniem graczy jest jedynie rozwi\u0105za\u0107 zagadki, aby m\u00f3c przej\u015b\u0107 na wy\u017cszy poziom gry.\u00a0Kluczem do sukcesu jest odnalezienie podpowiedzi.<\/p>\n\n\n\n<p><\/p>\n\n\n\n<p class=\"has-medium-font-size\">Na zako\u0144czenie tej literackiej wyprawy, na uczestnik\u00f3w czeka pocz\u0119stunek w towarzystwie Jagny i Boryny \u2013 bohater\u00f3w, kt\u00f3rzy dodadz\u0105 uroku tej niezapomnianej przygodzie.<\/p>\n\n\n\n<p><\/p>\n\n\n\n<p class=\"has-medium-font-size\">Gotowa\/gotowy, by wzi\u0105\u0107 udzia\u0142 w tej literackiej grze i odkry\u0107 sekrety Teofilowa?<\/p>\n\n\n\n<p><\/p>\n\n\n\n<p class=\"has-medium-font-size\">Czeka Ci\u0119 niezapomniana zabawa i wiele niespodzianek.<\/p>\n\n\n\n<p><\/p>\n\n\n\n<p>*Gra bez ogranicze\u0144 wiekowych.<\/p>","protected":false},"excerpt":{"rendered":"<p>&#8222;Teo &#8211; Literacki \u015alad&#8221;* to unikalna gra terenowa, stworzona specjalnie na urodziny &nbsp;\u0141odzi, kt\u00f3ra zabierze uczestnik\u00f3w w literack\u0105 podr\u00f3\u017c po Teofilowie. &nbsp;27 lipca 2024 | sobota | g. 11.00 Podczas tej wyj\u0105tkowej przygody, gracze b\u0119d\u0105 mieli okazj\u0119 odkry\u0107 liczne literackie \u015blady, kt\u00f3re kryj\u0105 si\u0119 w zakamarkach Osiedla Teofil\u00f3w.\u00a0Bez wzgl\u0119du na to, czy jeste\u015b zagorza\u0142ym mi\u0142o\u015bnikiem [&hellip;]<\/p>","protected":false},"author":15,"featured_media":56436,"comment_status":"closed","ping_status":"","sticky":false,"template":"","format":"standard","meta":{"footnotes":""},"categories":[247,246],"tags":[192,191,193,494],"class_list":["post-56437","post","type-post","status-publish","format-standard","has-post-thumbnail","hentry","category-aktualnosci-msk-teofilow","category-msk-teofilow","tag-dorosli","tag-dzieci","tag-seniorzy","tag-wydarzenie"],"yoast_head":"<!-- This site is optimized with the Yoast SEO plugin v26.5 - https:\/\/yoast.com\/wordpress\/plugins\/seo\/ -->\n<title>TEO_LITERACKI \u015aLAD \/\/ urodziny \u0141ODZI - MSK<\/title>\n<meta name=\"robots\" content=\"index, follow, max-snippet:-1, max-image-preview:large, max-video-preview:-1\" \/>\n<link rel=\"canonical\" href=\"https:\/\/msk.lodz.pl\/en\/teo_literacki-slad-urodziny-lodzi\/\" \/>\n<meta property=\"og:locale\" content=\"en_GB\" \/>\n<meta property=\"og:type\" content=\"article\" \/>\n<meta property=\"og:title\" content=\"TEO_LITERACKI \u015aLAD \/\/ urodziny \u0141ODZI - MSK\" \/>\n<meta property=\"og:description\" content=\"&#8222;Teo &#8211; Literacki \u015alad&#8221;* to unikalna gra terenowa, stworzona specjalnie na urodziny &nbsp;\u0141odzi, kt\u00f3ra zabierze uczestnik\u00f3w w literack\u0105 podr\u00f3\u017c po Teofilowie. &nbsp;27 lipca 2024 | sobota | g. 11.00 Podczas tej wyj\u0105tkowej przygody, gracze b\u0119d\u0105 mieli okazj\u0119 odkry\u0107 liczne literackie \u015blady, kt\u00f3re kryj\u0105 si\u0119 w zakamarkach Osiedla Teofil\u00f3w.\u00a0Bez wzgl\u0119du na to, czy jeste\u015b zagorza\u0142ym mi\u0142o\u015bnikiem [&hellip;]\" \/>\n<meta property=\"og:url\" content=\"https:\/\/msk.lodz.pl\/en\/teo_literacki-slad-urodziny-lodzi\/\" \/>\n<meta property=\"og:site_name\" content=\"MSK\" \/>\n<meta property=\"article:published_time\" content=\"2024-07-02T11:51:32+00:00\" \/>\n<meta property=\"article:modified_time\" content=\"2024-07-02T21:19:52+00:00\" \/>\n<meta property=\"og:image\" content=\"https:\/\/msk.lodz.pl\/wp-content\/uploads\/2024\/07\/448987604_448397994719780_4935624256195700535_n.jpg\" \/>\n\t<meta property=\"og:image:width\" content=\"2048\" \/>\n\t<meta property=\"og:image:height\" content=\"1152\" \/>\n\t<meta property=\"og:image:type\" content=\"image\/jpeg\" \/>\n<meta name=\"author\" content=\"Joanna Laskowska\" \/>\n<meta name=\"twitter:card\" content=\"summary_large_image\" \/>\n<meta name=\"twitter:label1\" content=\"Written by\" \/>\n\t<meta name=\"twitter:data1\" content=\"Joanna Laskowska\" \/>\n\t<meta name=\"twitter:label2\" content=\"Estimated reading time\" \/>\n\t<meta name=\"twitter:data2\" content=\"1 minute\" \/>\n<script type=\"application\/ld+json\" class=\"yoast-schema-graph\">{\"@context\":\"https:\/\/schema.org\",\"@graph\":[{\"@type\":\"Article\",\"@id\":\"https:\/\/msk.lodz.pl\/teo_literacki-slad-urodziny-lodzi\/#article\",\"isPartOf\":{\"@id\":\"https:\/\/msk.lodz.pl\/teo_literacki-slad-urodziny-lodzi\/\"},\"author\":{\"name\":\"Joanna Laskowska\",\"@id\":\"https:\/\/msk.lodz.pl\/#\/schema\/person\/b13ccbf8756b5fbaad57188dbb8a0126\"},\"headline\":\"TEO_LITERACKI \u015aLAD \/\/ urodziny \u0141ODZI\",\"datePublished\":\"2024-07-02T11:51:32+00:00\",\"dateModified\":\"2024-07-02T21:19:52+00:00\",\"mainEntityOfPage\":{\"@id\":\"https:\/\/msk.lodz.pl\/teo_literacki-slad-urodziny-lodzi\/\"},\"wordCount\":159,\"publisher\":{\"@id\":\"https:\/\/msk.lodz.pl\/#organization\"},\"image\":{\"@id\":\"https:\/\/msk.lodz.pl\/teo_literacki-slad-urodziny-lodzi\/#primaryimage\"},\"thumbnailUrl\":\"https:\/\/msk.lodz.pl\/wp-content\/uploads\/2024\/07\/448987604_448397994719780_4935624256195700535_n.jpg\",\"keywords\":[\"Doro\u015bli\",\"Dzieci\",\"Seniorzy\",\"wydarzenie\"],\"articleSection\":[\"Aktualno\u015bci\",\"MSK: Teofil\u00f3w\"],\"inLanguage\":\"en-GB\"},{\"@type\":\"WebPage\",\"@id\":\"https:\/\/msk.lodz.pl\/teo_literacki-slad-urodziny-lodzi\/\",\"url\":\"https:\/\/msk.lodz.pl\/teo_literacki-slad-urodziny-lodzi\/\",\"name\":\"TEO_LITERACKI \u015aLAD \/\/ urodziny \u0141ODZI - MSK\",\"isPartOf\":{\"@id\":\"https:\/\/msk.lodz.pl\/#website\"},\"primaryImageOfPage\":{\"@id\":\"https:\/\/msk.lodz.pl\/teo_literacki-slad-urodziny-lodzi\/#primaryimage\"},\"image\":{\"@id\":\"https:\/\/msk.lodz.pl\/teo_literacki-slad-urodziny-lodzi\/#primaryimage\"},\"thumbnailUrl\":\"https:\/\/msk.lodz.pl\/wp-content\/uploads\/2024\/07\/448987604_448397994719780_4935624256195700535_n.jpg\",\"datePublished\":\"2024-07-02T11:51:32+00:00\",\"dateModified\":\"2024-07-02T21:19:52+00:00\",\"breadcrumb\":{\"@id\":\"https:\/\/msk.lodz.pl\/teo_literacki-slad-urodziny-lodzi\/#breadcrumb\"},\"inLanguage\":\"en-GB\",\"potentialAction\":[{\"@type\":\"ReadAction\",\"target\":[\"https:\/\/msk.lodz.pl\/teo_literacki-slad-urodziny-lodzi\/\"]}]},{\"@type\":\"ImageObject\",\"inLanguage\":\"en-GB\",\"@id\":\"https:\/\/msk.lodz.pl\/teo_literacki-slad-urodziny-lodzi\/#primaryimage\",\"url\":\"https:\/\/msk.lodz.pl\/wp-content\/uploads\/2024\/07\/448987604_448397994719780_4935624256195700535_n.jpg\",\"contentUrl\":\"https:\/\/msk.lodz.pl\/wp-content\/uploads\/2024\/07\/448987604_448397994719780_4935624256195700535_n.jpg\",\"width\":2048,\"height\":1152},{\"@type\":\"BreadcrumbList\",\"@id\":\"https:\/\/msk.lodz.pl\/teo_literacki-slad-urodziny-lodzi\/#breadcrumb\",\"itemListElement\":[{\"@type\":\"ListItem\",\"position\":1,\"name\":\"Strona g\u0142\u00f3wna\",\"item\":\"http:\/\/msk.lodz.pl\/en\/\"},{\"@type\":\"ListItem\",\"position\":2,\"name\":\"TEO_LITERACKI \u015aLAD \/\/ urodziny \u0141ODZI\"}]},{\"@type\":\"WebSite\",\"@id\":\"https:\/\/msk.lodz.pl\/#website\",\"url\":\"https:\/\/msk.lodz.pl\/\",\"name\":\"MSK - \u0141\u00f3d\u017a\",\"description\":\"\",\"publisher\":{\"@id\":\"https:\/\/msk.lodz.pl\/#organization\"},\"potentialAction\":[{\"@type\":\"SearchAction\",\"target\":{\"@type\":\"EntryPoint\",\"urlTemplate\":\"https:\/\/msk.lodz.pl\/?s={search_term_string}\"},\"query-input\":{\"@type\":\"PropertyValueSpecification\",\"valueRequired\":true,\"valueName\":\"search_term_string\"}}],\"inLanguage\":\"en-GB\"},{\"@type\":\"Organization\",\"@id\":\"https:\/\/msk.lodz.pl\/#organization\",\"name\":\"MSK - \u0141\u00f3d\u017a\",\"url\":\"https:\/\/msk.lodz.pl\/\",\"logo\":{\"@type\":\"ImageObject\",\"inLanguage\":\"en-GB\",\"@id\":\"https:\/\/msk.lodz.pl\/#\/schema\/logo\/image\/\",\"url\":\"https:\/\/msk.lodz.pl\/wp-content\/uploads\/2023\/04\/cropped-Fav_icon_MSK.png\",\"contentUrl\":\"https:\/\/msk.lodz.pl\/wp-content\/uploads\/2023\/04\/cropped-Fav_icon_MSK.png\",\"width\":512,\"height\":512,\"caption\":\"MSK - \u0141\u00f3d\u017a\"},\"image\":{\"@id\":\"https:\/\/msk.lodz.pl\/#\/schema\/logo\/image\/\"}},{\"@type\":\"Person\",\"@id\":\"https:\/\/msk.lodz.pl\/#\/schema\/person\/b13ccbf8756b5fbaad57188dbb8a0126\",\"name\":\"Joanna Laskowska\",\"image\":{\"@type\":\"ImageObject\",\"inLanguage\":\"en-GB\",\"@id\":\"https:\/\/msk.lodz.pl\/#\/schema\/person\/image\/\",\"url\":\"https:\/\/secure.gravatar.com\/avatar\/58471362d8ee181f3fb88212fe4901c0f86fea5c6f2ed03ec885f728d0509b28?s=96&d=mm&r=g\",\"contentUrl\":\"https:\/\/secure.gravatar.com\/avatar\/58471362d8ee181f3fb88212fe4901c0f86fea5c6f2ed03ec885f728d0509b28?s=96&d=mm&r=g\",\"caption\":\"Joanna Laskowska\"},\"url\":\"https:\/\/msk.lodz.pl\/en\/author\/joanna-laskowska\/\"}]}<\/script>\n<!-- \/ Yoast SEO plugin. -->","yoast_head_json":{"title":"TEO_LITERACKI \u015aLAD \/\/ urodziny \u0141ODZI - MSK","robots":{"index":"index","follow":"follow","max-snippet":"max-snippet:-1","max-image-preview":"max-image-preview:large","max-video-preview":"max-video-preview:-1"},"canonical":"https:\/\/msk.lodz.pl\/en\/teo_literacki-slad-urodziny-lodzi\/","og_locale":"en_GB","og_type":"article","og_title":"TEO_LITERACKI \u015aLAD \/\/ urodziny \u0141ODZI - MSK","og_description":"&#8222;Teo &#8211; Literacki \u015alad&#8221;* to unikalna gra terenowa, stworzona specjalnie na urodziny &nbsp;\u0141odzi, kt\u00f3ra zabierze uczestnik\u00f3w w literack\u0105 podr\u00f3\u017c po Teofilowie. &nbsp;27 lipca 2024 | sobota | g. 11.00 Podczas tej wyj\u0105tkowej przygody, gracze b\u0119d\u0105 mieli okazj\u0119 odkry\u0107 liczne literackie \u015blady, kt\u00f3re kryj\u0105 si\u0119 w zakamarkach Osiedla Teofil\u00f3w.\u00a0Bez wzgl\u0119du na to, czy jeste\u015b zagorza\u0142ym mi\u0142o\u015bnikiem [&hellip;]","og_url":"https:\/\/msk.lodz.pl\/en\/teo_literacki-slad-urodziny-lodzi\/","og_site_name":"MSK","article_published_time":"2024-07-02T11:51:32+00:00","article_modified_time":"2024-07-02T21:19:52+00:00","og_image":[{"width":2048,"height":1152,"url":"https:\/\/msk.lodz.pl\/wp-content\/uploads\/2024\/07\/448987604_448397994719780_4935624256195700535_n.jpg","type":"image\/jpeg"}],"author":"Joanna Laskowska","twitter_card":"summary_large_image","twitter_misc":{"Written by":"Joanna Laskowska","Estimated reading time":"1 minute"},"schema":{"@context":"https:\/\/schema.org","@graph":[{"@type":"Article","@id":"https:\/\/msk.lodz.pl\/teo_literacki-slad-urodziny-lodzi\/#article","isPartOf":{"@id":"https:\/\/msk.lodz.pl\/teo_literacki-slad-urodziny-lodzi\/"},"author":{"name":"Joanna Laskowska","@id":"https:\/\/msk.lodz.pl\/#\/schema\/person\/b13ccbf8756b5fbaad57188dbb8a0126"},"headline":"TEO_LITERACKI \u015aLAD \/\/ urodziny \u0141ODZI","datePublished":"2024-07-02T11:51:32+00:00","dateModified":"2024-07-02T21:19:52+00:00","mainEntityOfPage":{"@id":"https:\/\/msk.lodz.pl\/teo_literacki-slad-urodziny-lodzi\/"},"wordCount":159,"publisher":{"@id":"https:\/\/msk.lodz.pl\/#organization"},"image":{"@id":"https:\/\/msk.lodz.pl\/teo_literacki-slad-urodziny-lodzi\/#primaryimage"},"thumbnailUrl":"https:\/\/msk.lodz.pl\/wp-content\/uploads\/2024\/07\/448987604_448397994719780_4935624256195700535_n.jpg","keywords":["Doro\u015bli","Dzieci","Seniorzy","wydarzenie"],"articleSection":["Aktualno\u015bci","MSK: Teofil\u00f3w"],"inLanguage":"en-GB"},{"@type":"WebPage","@id":"https:\/\/msk.lodz.pl\/teo_literacki-slad-urodziny-lodzi\/","url":"https:\/\/msk.lodz.pl\/teo_literacki-slad-urodziny-lodzi\/","name":"TEO_LITERACKI \u015aLAD \/\/ urodziny \u0141ODZI - MSK","isPartOf":{"@id":"https:\/\/msk.lodz.pl\/#website"},"primaryImageOfPage":{"@id":"https:\/\/msk.lodz.pl\/teo_literacki-slad-urodziny-lodzi\/#primaryimage"},"image":{"@id":"https:\/\/msk.lodz.pl\/teo_literacki-slad-urodziny-lodzi\/#primaryimage"},"thumbnailUrl":"https:\/\/msk.lodz.pl\/wp-content\/uploads\/2024\/07\/448987604_448397994719780_4935624256195700535_n.jpg","datePublished":"2024-07-02T11:51:32+00:00","dateModified":"2024-07-02T21:19:52+00:00","breadcrumb":{"@id":"https:\/\/msk.lodz.pl\/teo_literacki-slad-urodziny-lodzi\/#breadcrumb"},"inLanguage":"en-GB","potentialAction":[{"@type":"ReadAction","target":["https:\/\/msk.lodz.pl\/teo_literacki-slad-urodziny-lodzi\/"]}]},{"@type":"ImageObject","inLanguage":"en-GB","@id":"https:\/\/msk.lodz.pl\/teo_literacki-slad-urodziny-lodzi\/#primaryimage","url":"https:\/\/msk.lodz.pl\/wp-content\/uploads\/2024\/07\/448987604_448397994719780_4935624256195700535_n.jpg","contentUrl":"https:\/\/msk.lodz.pl\/wp-content\/uploads\/2024\/07\/448987604_448397994719780_4935624256195700535_n.jpg","width":2048,"height":1152},{"@type":"BreadcrumbList","@id":"https:\/\/msk.lodz.pl\/teo_literacki-slad-urodziny-lodzi\/#breadcrumb","itemListElement":[{"@type":"ListItem","position":1,"name":"Strona g\u0142\u00f3wna","item":"http:\/\/msk.lodz.pl\/en\/"},{"@type":"ListItem","position":2,"name":"TEO_LITERACKI \u015aLAD \/\/ urodziny \u0141ODZI"}]},{"@type":"WebSite","@id":"https:\/\/msk.lodz.pl\/#website","url":"https:\/\/msk.lodz.pl\/","name":"MSK - \u0141\u00f3d\u017a","description":"","publisher":{"@id":"https:\/\/msk.lodz.pl\/#organization"},"potentialAction":[{"@type":"SearchAction","target":{"@type":"EntryPoint","urlTemplate":"https:\/\/msk.lodz.pl\/?s={search_term_string}"},"query-input":{"@type":"PropertyValueSpecification","valueRequired":true,"valueName":"search_term_string"}}],"inLanguage":"en-GB"},{"@type":"Organization","@id":"https:\/\/msk.lodz.pl\/#organization","name":"MSK - \u0141\u00f3d\u017a","url":"https:\/\/msk.lodz.pl\/","logo":{"@type":"ImageObject","inLanguage":"en-GB","@id":"https:\/\/msk.lodz.pl\/#\/schema\/logo\/image\/","url":"https:\/\/msk.lodz.pl\/wp-content\/uploads\/2023\/04\/cropped-Fav_icon_MSK.png","contentUrl":"https:\/\/msk.lodz.pl\/wp-content\/uploads\/2023\/04\/cropped-Fav_icon_MSK.png","width":512,"height":512,"caption":"MSK - \u0141\u00f3d\u017a"},"image":{"@id":"https:\/\/msk.lodz.pl\/#\/schema\/logo\/image\/"}},{"@type":"Person","@id":"https:\/\/msk.lodz.pl\/#\/schema\/person\/b13ccbf8756b5fbaad57188dbb8a0126","name":"Joanna Laskowska","image":{"@type":"ImageObject","inLanguage":"en-GB","@id":"https:\/\/msk.lodz.pl\/#\/schema\/person\/image\/","url":"https:\/\/secure.gravatar.com\/avatar\/58471362d8ee181f3fb88212fe4901c0f86fea5c6f2ed03ec885f728d0509b28?s=96&d=mm&r=g","contentUrl":"https:\/\/secure.gravatar.com\/avatar\/58471362d8ee181f3fb88212fe4901c0f86fea5c6f2ed03ec885f728d0509b28?s=96&d=mm&r=g","caption":"Joanna Laskowska"},"url":"https:\/\/msk.lodz.pl\/en\/author\/joanna-laskowska\/"}]}},"_links":{"self":[{"href":"https:\/\/msk.lodz.pl\/en\/wp-json\/wp\/v2\/posts\/56437","targetHints":{"allow":["GET"]}}],"collection":[{"href":"https:\/\/msk.lodz.pl\/en\/wp-json\/wp\/v2\/posts"}],"about":[{"href":"https:\/\/msk.lodz.pl\/en\/wp-json\/wp\/v2\/types\/post"}],"author":[{"embeddable":true,"href":"https:\/\/msk.lodz.pl\/en\/wp-json\/wp\/v2\/users\/15"}],"replies":[{"embeddable":true,"href":"https:\/\/msk.lodz.pl\/en\/wp-json\/wp\/v2\/comments?post=56437"}],"version-history":[{"count":0,"href":"https:\/\/msk.lodz.pl\/en\/wp-json\/wp\/v2\/posts\/56437\/revisions"}],"wp:featuredmedia":[{"embeddable":true,"href":"https:\/\/msk.lodz.pl\/en\/wp-json\/wp\/v2\/media\/56436"}],"wp:attachment":[{"href":"https:\/\/msk.lodz.pl\/en\/wp-json\/wp\/v2\/media?parent=56437"}],"wp:term":[{"taxonomy":"category","embeddable":true,"href":"https:\/\/msk.lodz.pl\/en\/wp-json\/wp\/v2\/categories?post=56437"},{"taxonomy":"post_tag","embeddable":true,"href":"https:\/\/msk.lodz.pl\/en\/wp-json\/wp\/v2\/tags?post=56437"}],"curies":[{"name":"wp","href":"https:\/\/api.w.org\/{rel}","templated":true}]}}