{"id":6302,"date":"2023-02-13T01:19:21","date_gmt":"2023-02-13T00:19:21","guid":{"rendered":"https:\/\/https:\/\/msk.lodz.pl\/?p=6302"},"modified":"2026-08-26T08:35:09","modified_gmt":"2026-08-26T06:35:09","slug":"sala-baletowa-taneczna-msk-widzew-wschod","status":"publish","type":"post","link":"https:\/\/msk.lodz.pl\/en\/sala-baletowa-taneczna-msk-widzew-wschod\/","title":{"rendered":"Ballet\/dance hall | MSK: Widzew Wsch\u00f3d"},"content":{"rendered":"<figure class=\"wp-block-gallery has-nested-images columns-default is-cropped wp-block-gallery-1 is-layout-flex wp-block-gallery-is-layout-flex\">\n<figure class=\"wp-block-image size-large\"><img fetchpriority=\"high\" decoding=\"async\" width=\"640\" height=\"426\" data-id=\"5223\" src=\"https:\/\/msk.lodz.pl\/wp-content\/uploads\/2023\/01\/phoca_thumb_l_bal_04.jpg\" alt=\"\" class=\"wp-image-5223\" srcset=\"https:\/\/msk.lodz.pl\/wp-content\/uploads\/2023\/01\/phoca_thumb_l_bal_04.jpg 640w, https:\/\/msk.lodz.pl\/wp-content\/uploads\/2023\/01\/phoca_thumb_l_bal_04-600x399.jpg 600w, https:\/\/msk.lodz.pl\/wp-content\/uploads\/2023\/01\/phoca_thumb_l_bal_04-300x200.jpg 300w\" sizes=\"(max-width: 640px) 100vw, 640px\" \/><\/figure>\n\n\n\n<figure class=\"wp-block-image size-large\"><img decoding=\"async\" width=\"640\" height=\"426\" data-id=\"5226\" src=\"https:\/\/msk.lodz.pl\/wp-content\/uploads\/2023\/01\/phoca_thumb_l_bal_03.jpg\" alt=\"\" class=\"wp-image-5226\" srcset=\"https:\/\/msk.lodz.pl\/wp-content\/uploads\/2023\/01\/phoca_thumb_l_bal_03.jpg 640w, https:\/\/msk.lodz.pl\/wp-content\/uploads\/2023\/01\/phoca_thumb_l_bal_03-600x399.jpg 600w, https:\/\/msk.lodz.pl\/wp-content\/uploads\/2023\/01\/phoca_thumb_l_bal_03-300x200.jpg 300w\" sizes=\"(max-width: 640px) 100vw, 640px\" \/><\/figure>\n\n\n\n<figure class=\"wp-block-image size-large\"><img decoding=\"async\" width=\"640\" height=\"426\" data-id=\"5224\" src=\"https:\/\/msk.lodz.pl\/wp-content\/uploads\/2023\/01\/phoca_thumb_l_bal_02.jpg\" alt=\"\" class=\"wp-image-5224\" srcset=\"https:\/\/msk.lodz.pl\/wp-content\/uploads\/2023\/01\/phoca_thumb_l_bal_02.jpg 640w, https:\/\/msk.lodz.pl\/wp-content\/uploads\/2023\/01\/phoca_thumb_l_bal_02-600x399.jpg 600w, https:\/\/msk.lodz.pl\/wp-content\/uploads\/2023\/01\/phoca_thumb_l_bal_02-300x200.jpg 300w\" sizes=\"(max-width: 640px) 100vw, 640px\" \/><\/figure>\n<\/figure>\n\n\n\n<div style=\"height:56px\" aria-hidden=\"true\" class=\"wp-block-spacer\"><\/div>\n\n\n\n<p class=\"wp-block-paragraph\"><strong>Purpose:<\/strong>&nbsp;practising dance, ballet, step, yoga, zumba, pilates, etc.<br><strong>Area:<\/strong>&nbsp;87 m2<br><strong>Equipment:<\/strong>&nbsp;exercise bars and four walls with mirrors useful for body movement exercises, mattresses, floor mats, balls, sound system, CD player, USB and bluetooth connectivity for peripherals. Toilets and changing rooms within the hall.<\/p>","protected":false},"excerpt":{"rendered":"<p>Przeznaczenie:&nbsp;\u0107wicze\u0144 ta\u0144ca, baletu, stepu, jogi, zumby, pilates\u2019u, itp.Powierzchnia:&nbsp;87 m2Wyposa\u017cenie:&nbsp;dr\u0105\u017cki do \u0107wicze\u0144 i cztery \u015bciany z lustrami przydatne do \u0107wicze\u0144 zwi\u0105zanych z ruchem cia\u0142a, materace, karimaty, pi\u0142ki, nag\u0142o\u015bnienie, odtwarzacz CD, mo\u017cliwo\u015b\u0107 pod\u0142\u0105czenia peryferi\u00f3w za pomoc\u0105 USB i bluetooth. Toalety i szatnie w obr\u0119bie sali.<\/p>","protected":false},"author":3,"featured_media":164830,"comment_status":"open","ping_status":"open","sticky":false,"template":"","format":"standard","meta":{"footnotes":""},"categories":[1,1041,1037],"tags":[],"filia":[1057],"class_list":["post-6302","post","type-post","status-publish","format-standard","has-post-thumbnail","hentry","category-nieprzypisane","category-sale-warsztatowe","category-wynajem"],"yoast_head":"<!-- This site is optimized with the Yoast SEO plugin v28.3 - https:\/\/yoast.com\/product\/yoast-seo-wordpress\/ -->\n<title>Sala baletowa\/taneczna | MSK: Widzew Wsch\u00f3d - MSK<\/title>\n<meta name=\"robots\" content=\"index, follow, max-snippet:-1, max-image-preview:large, max-video-preview:-1\" \/>\n<link rel=\"canonical\" href=\"https:\/\/msk.lodz.pl\/en\/sala-baletowa-taneczna-msk-widzew-wschod\/\" \/>\n<meta property=\"og:locale\" content=\"en_GB\" \/>\n<meta property=\"og:type\" content=\"article\" \/>\n<meta property=\"og:title\" content=\"Sala baletowa\/taneczna | MSK: Widzew Wsch\u00f3d - MSK\" \/>\n<meta property=\"og:description\" content=\"Przeznaczenie:&nbsp;\u0107wicze\u0144 ta\u0144ca, baletu, stepu, jogi, zumby, pilates\u2019u, itp.Powierzchnia:&nbsp;87 m2Wyposa\u017cenie:&nbsp;dr\u0105\u017cki do \u0107wicze\u0144 i cztery \u015bciany z lustrami przydatne do \u0107wicze\u0144 zwi\u0105zanych z ruchem cia\u0142a, materace, karimaty, pi\u0142ki, nag\u0142o\u015bnienie, odtwarzacz CD, mo\u017cliwo\u015b\u0107 pod\u0142\u0105czenia peryferi\u00f3w za pomoc\u0105 USB i bluetooth. Toalety i szatnie w obr\u0119bie sali.\" \/>\n<meta property=\"og:url\" content=\"https:\/\/msk.lodz.pl\/en\/sala-baletowa-taneczna-msk-widzew-wschod\/\" \/>\n<meta property=\"og:site_name\" content=\"MSK\" \/>\n<meta property=\"article:published_time\" content=\"2023-02-13T00:19:21+00:00\" \/>\n<meta property=\"article:modified_time\" content=\"2026-08-26T06:35:09+00:00\" \/>\n<meta property=\"og:image\" content=\"https:\/\/msk.lodz.pl\/wp-content\/uploads\/2023\/02\/Frame-40183-3.png\" \/>\n\t<meta property=\"og:image:width\" content=\"1200\" \/>\n\t<meta property=\"og:image:height\" content=\"686\" \/>\n\t<meta property=\"og:image:type\" content=\"image\/png\" \/>\n<meta name=\"author\" content=\"Aleksandra Sowa\" \/>\n<meta name=\"twitter:card\" content=\"summary_large_image\" \/>\n<meta name=\"twitter:label1\" content=\"Written by\" \/>\n\t<meta name=\"twitter:data1\" content=\"Aleksandra Sowa\" \/>\n\t<meta name=\"twitter:label2\" content=\"Estimated reading time\" \/>\n\t<meta name=\"twitter:data2\" content=\"2 minutes\" \/>\n<script type=\"application\/ld+json\" class=\"yoast-schema-graph\">{\"@context\":\"https:\\\/\\\/schema.org\",\"@graph\":[{\"@type\":\"Article\",\"@id\":\"https:\\\/\\\/msk.lodz.pl\\\/sala-baletowa-taneczna-msk-widzew-wschod\\\/#article\",\"isPartOf\":{\"@id\":\"https:\\\/\\\/msk.lodz.pl\\\/sala-baletowa-taneczna-msk-widzew-wschod\\\/\"},\"author\":{\"name\":\"Aleksandra Sowa\",\"@id\":\"https:\\\/\\\/msk.lodz.pl\\\/#\\\/schema\\\/person\\\/58a7a602a88e872b5d0bce84fc3dfbf0\"},\"headline\":\"Sala baletowa\\\/taneczna | MSK: Widzew Wsch\u00f3d\",\"datePublished\":\"2023-02-13T00:19:21+00:00\",\"dateModified\":\"2026-08-26T06:35:09+00:00\",\"mainEntityOfPage\":{\"@id\":\"https:\\\/\\\/msk.lodz.pl\\\/sala-baletowa-taneczna-msk-widzew-wschod\\\/\"},\"wordCount\":70,\"commentCount\":0,\"publisher\":{\"@id\":\"https:\\\/\\\/msk.lodz.pl\\\/#organization\"},\"image\":{\"@id\":\"https:\\\/\\\/msk.lodz.pl\\\/sala-baletowa-taneczna-msk-widzew-wschod\\\/#primaryimage\"},\"thumbnailUrl\":\"https:\\\/\\\/msk.lodz.pl\\\/wp-content\\\/uploads\\\/2023\\\/02\\\/Frame-40183-3.png\",\"articleSection\":[\"Nie przypisane\",\"Sale warsztatowe\",\"Wynajem\"],\"inLanguage\":\"en-GB\",\"potentialAction\":[{\"@type\":\"CommentAction\",\"name\":\"Comment\",\"target\":[\"https:\\\/\\\/msk.lodz.pl\\\/sala-baletowa-taneczna-msk-widzew-wschod\\\/#respond\"]}]},{\"@type\":\"WebPage\",\"@id\":\"https:\\\/\\\/msk.lodz.pl\\\/sala-baletowa-taneczna-msk-widzew-wschod\\\/\",\"url\":\"https:\\\/\\\/msk.lodz.pl\\\/sala-baletowa-taneczna-msk-widzew-wschod\\\/\",\"name\":\"Sala baletowa\\\/taneczna | MSK: Widzew Wsch\u00f3d - MSK\",\"isPartOf\":{\"@id\":\"https:\\\/\\\/msk.lodz.pl\\\/#website\"},\"primaryImageOfPage\":{\"@id\":\"https:\\\/\\\/msk.lodz.pl\\\/sala-baletowa-taneczna-msk-widzew-wschod\\\/#primaryimage\"},\"image\":{\"@id\":\"https:\\\/\\\/msk.lodz.pl\\\/sala-baletowa-taneczna-msk-widzew-wschod\\\/#primaryimage\"},\"thumbnailUrl\":\"https:\\\/\\\/msk.lodz.pl\\\/wp-content\\\/uploads\\\/2023\\\/02\\\/Frame-40183-3.png\",\"datePublished\":\"2023-02-13T00:19:21+00:00\",\"dateModified\":\"2026-08-26T06:35:09+00:00\",\"breadcrumb\":{\"@id\":\"https:\\\/\\\/msk.lodz.pl\\\/sala-baletowa-taneczna-msk-widzew-wschod\\\/#breadcrumb\"},\"inLanguage\":\"en-GB\",\"potentialAction\":[{\"@type\":\"ReadAction\",\"target\":[\"https:\\\/\\\/msk.lodz.pl\\\/sala-baletowa-taneczna-msk-widzew-wschod\\\/\"]}]},{\"@type\":\"ImageObject\",\"inLanguage\":\"en-GB\",\"@id\":\"https:\\\/\\\/msk.lodz.pl\\\/sala-baletowa-taneczna-msk-widzew-wschod\\\/#primaryimage\",\"url\":\"https:\\\/\\\/msk.lodz.pl\\\/wp-content\\\/uploads\\\/2023\\\/02\\\/Frame-40183-3.png\",\"contentUrl\":\"https:\\\/\\\/msk.lodz.pl\\\/wp-content\\\/uploads\\\/2023\\\/02\\\/Frame-40183-3.png\",\"width\":1200,\"height\":686},{\"@type\":\"BreadcrumbList\",\"@id\":\"https:\\\/\\\/msk.lodz.pl\\\/sala-baletowa-taneczna-msk-widzew-wschod\\\/#breadcrumb\",\"itemListElement\":[{\"@type\":\"ListItem\",\"position\":1,\"name\":\"Strona g\u0142\u00f3wna\",\"item\":\"https:\\\/\\\/msk.lodz.pl\\\/\"},{\"@type\":\"ListItem\",\"position\":2,\"name\":\"Sala baletowa\\\/taneczna | MSK: Widzew Wsch\u00f3d\"}]},{\"@type\":\"WebSite\",\"@id\":\"https:\\\/\\\/msk.lodz.pl\\\/#website\",\"url\":\"https:\\\/\\\/msk.lodz.pl\\\/\",\"name\":\"MSK - \u0141\u00f3d\u017a\",\"description\":\"\",\"publisher\":{\"@id\":\"https:\\\/\\\/msk.lodz.pl\\\/#organization\"},\"potentialAction\":[{\"@type\":\"SearchAction\",\"target\":{\"@type\":\"EntryPoint\",\"urlTemplate\":\"https:\\\/\\\/msk.lodz.pl\\\/?s={search_term_string}\"},\"query-input\":{\"@type\":\"PropertyValueSpecification\",\"valueRequired\":true,\"valueName\":\"search_term_string\"}}],\"inLanguage\":\"en-GB\"},{\"@type\":\"Organization\",\"@id\":\"https:\\\/\\\/msk.lodz.pl\\\/#organization\",\"name\":\"MSK - \u0141\u00f3d\u017a\",\"url\":\"https:\\\/\\\/msk.lodz.pl\\\/\",\"logo\":{\"@type\":\"ImageObject\",\"inLanguage\":\"en-GB\",\"@id\":\"https:\\\/\\\/msk.lodz.pl\\\/#\\\/schema\\\/logo\\\/image\\\/\",\"url\":\"https:\\\/\\\/msk.lodz.pl\\\/wp-content\\\/uploads\\\/2023\\\/04\\\/cropped-Fav_icon_MSK.png\",\"contentUrl\":\"https:\\\/\\\/msk.lodz.pl\\\/wp-content\\\/uploads\\\/2023\\\/04\\\/cropped-Fav_icon_MSK.png\",\"width\":512,\"height\":512,\"caption\":\"MSK - \u0141\u00f3d\u017a\"},\"image\":{\"@id\":\"https:\\\/\\\/msk.lodz.pl\\\/#\\\/schema\\\/logo\\\/image\\\/\"}},{\"@type\":\"Person\",\"@id\":\"https:\\\/\\\/msk.lodz.pl\\\/#\\\/schema\\\/person\\\/58a7a602a88e872b5d0bce84fc3dfbf0\",\"name\":\"Aleksandra Sowa\",\"image\":{\"@type\":\"ImageObject\",\"inLanguage\":\"en-GB\",\"@id\":\"https:\\\/\\\/secure.gravatar.com\\\/avatar\\\/7d16c1079266eae429b8725d6b8f490a80ccf7fbb4e3b6223f499aa34088ea85?s=96&d=mm&r=g\",\"url\":\"https:\\\/\\\/secure.gravatar.com\\\/avatar\\\/7d16c1079266eae429b8725d6b8f490a80ccf7fbb4e3b6223f499aa34088ea85?s=96&d=mm&r=g\",\"contentUrl\":\"https:\\\/\\\/secure.gravatar.com\\\/avatar\\\/7d16c1079266eae429b8725d6b8f490a80ccf7fbb4e3b6223f499aa34088ea85?s=96&d=mm&r=g\",\"caption\":\"Aleksandra Sowa\"},\"url\":\"https:\\\/\\\/msk.lodz.pl\\\/en\\\/author\\\/a-sowa\\\/\"}]}<\/script>\n<!-- \/ Yoast SEO plugin. -->","yoast_head_json":{"title":"Sala baletowa\/taneczna | MSK: Widzew Wsch\u00f3d - MSK","robots":{"index":"index","follow":"follow","max-snippet":"max-snippet:-1","max-image-preview":"max-image-preview:large","max-video-preview":"max-video-preview:-1"},"canonical":"https:\/\/msk.lodz.pl\/en\/sala-baletowa-taneczna-msk-widzew-wschod\/","og_locale":"en_GB","og_type":"article","og_title":"Sala baletowa\/taneczna | MSK: Widzew Wsch\u00f3d - MSK","og_description":"Przeznaczenie:&nbsp;\u0107wicze\u0144 ta\u0144ca, baletu, stepu, jogi, zumby, pilates\u2019u, itp.Powierzchnia:&nbsp;87 m2Wyposa\u017cenie:&nbsp;dr\u0105\u017cki do \u0107wicze\u0144 i cztery \u015bciany z lustrami przydatne do \u0107wicze\u0144 zwi\u0105zanych z ruchem cia\u0142a, materace, karimaty, pi\u0142ki, nag\u0142o\u015bnienie, odtwarzacz CD, mo\u017cliwo\u015b\u0107 pod\u0142\u0105czenia peryferi\u00f3w za pomoc\u0105 USB i bluetooth. Toalety i szatnie w obr\u0119bie sali.","og_url":"https:\/\/msk.lodz.pl\/en\/sala-baletowa-taneczna-msk-widzew-wschod\/","og_site_name":"MSK","article_published_time":"2023-02-13T00:19:21+00:00","article_modified_time":"2026-08-26T06:35:09+00:00","og_image":[{"width":1200,"height":686,"url":"https:\/\/msk.lodz.pl\/wp-content\/uploads\/2023\/02\/Frame-40183-3.png","type":"image\/png"}],"author":"Aleksandra Sowa","twitter_card":"summary_large_image","twitter_misc":{"Written by":"Aleksandra Sowa","Estimated reading time":"2 minutes"},"schema":{"@context":"https:\/\/schema.org","@graph":[{"@type":"Article","@id":"https:\/\/msk.lodz.pl\/sala-baletowa-taneczna-msk-widzew-wschod\/#article","isPartOf":{"@id":"https:\/\/msk.lodz.pl\/sala-baletowa-taneczna-msk-widzew-wschod\/"},"author":{"name":"Aleksandra Sowa","@id":"https:\/\/msk.lodz.pl\/#\/schema\/person\/58a7a602a88e872b5d0bce84fc3dfbf0"},"headline":"Sala baletowa\/taneczna | MSK: Widzew Wsch\u00f3d","datePublished":"2023-02-13T00:19:21+00:00","dateModified":"2026-08-26T06:35:09+00:00","mainEntityOfPage":{"@id":"https:\/\/msk.lodz.pl\/sala-baletowa-taneczna-msk-widzew-wschod\/"},"wordCount":70,"commentCount":0,"publisher":{"@id":"https:\/\/msk.lodz.pl\/#organization"},"image":{"@id":"https:\/\/msk.lodz.pl\/sala-baletowa-taneczna-msk-widzew-wschod\/#primaryimage"},"thumbnailUrl":"https:\/\/msk.lodz.pl\/wp-content\/uploads\/2023\/02\/Frame-40183-3.png","articleSection":["Nie przypisane","Sale warsztatowe","Wynajem"],"inLanguage":"en-GB","potentialAction":[{"@type":"CommentAction","name":"Comment","target":["https:\/\/msk.lodz.pl\/sala-baletowa-taneczna-msk-widzew-wschod\/#respond"]}]},{"@type":"WebPage","@id":"https:\/\/msk.lodz.pl\/sala-baletowa-taneczna-msk-widzew-wschod\/","url":"https:\/\/msk.lodz.pl\/sala-baletowa-taneczna-msk-widzew-wschod\/","name":"Sala baletowa\/taneczna | MSK: Widzew Wsch\u00f3d - MSK","isPartOf":{"@id":"https:\/\/msk.lodz.pl\/#website"},"primaryImageOfPage":{"@id":"https:\/\/msk.lodz.pl\/sala-baletowa-taneczna-msk-widzew-wschod\/#primaryimage"},"image":{"@id":"https:\/\/msk.lodz.pl\/sala-baletowa-taneczna-msk-widzew-wschod\/#primaryimage"},"thumbnailUrl":"https:\/\/msk.lodz.pl\/wp-content\/uploads\/2023\/02\/Frame-40183-3.png","datePublished":"2023-02-13T00:19:21+00:00","dateModified":"2026-08-26T06:35:09+00:00","breadcrumb":{"@id":"https:\/\/msk.lodz.pl\/sala-baletowa-taneczna-msk-widzew-wschod\/#breadcrumb"},"inLanguage":"en-GB","potentialAction":[{"@type":"ReadAction","target":["https:\/\/msk.lodz.pl\/sala-baletowa-taneczna-msk-widzew-wschod\/"]}]},{"@type":"ImageObject","inLanguage":"en-GB","@id":"https:\/\/msk.lodz.pl\/sala-baletowa-taneczna-msk-widzew-wschod\/#primaryimage","url":"https:\/\/msk.lodz.pl\/wp-content\/uploads\/2023\/02\/Frame-40183-3.png","contentUrl":"https:\/\/msk.lodz.pl\/wp-content\/uploads\/2023\/02\/Frame-40183-3.png","width":1200,"height":686},{"@type":"BreadcrumbList","@id":"https:\/\/msk.lodz.pl\/sala-baletowa-taneczna-msk-widzew-wschod\/#breadcrumb","itemListElement":[{"@type":"ListItem","position":1,"name":"Strona g\u0142\u00f3wna","item":"https:\/\/msk.lodz.pl\/"},{"@type":"ListItem","position":2,"name":"Sala baletowa\/taneczna | MSK: Widzew Wsch\u00f3d"}]},{"@type":"WebSite","@id":"https:\/\/msk.lodz.pl\/#website","url":"https:\/\/msk.lodz.pl\/","name":"MSK - \u0141\u00f3d\u017a","description":"","publisher":{"@id":"https:\/\/msk.lodz.pl\/#organization"},"potentialAction":[{"@type":"SearchAction","target":{"@type":"EntryPoint","urlTemplate":"https:\/\/msk.lodz.pl\/?s={search_term_string}"},"query-input":{"@type":"PropertyValueSpecification","valueRequired":true,"valueName":"search_term_string"}}],"inLanguage":"en-GB"},{"@type":"Organization","@id":"https:\/\/msk.lodz.pl\/#organization","name":"MSK - \u0141\u00f3d\u017a","url":"https:\/\/msk.lodz.pl\/","logo":{"@type":"ImageObject","inLanguage":"en-GB","@id":"https:\/\/msk.lodz.pl\/#\/schema\/logo\/image\/","url":"https:\/\/msk.lodz.pl\/wp-content\/uploads\/2023\/04\/cropped-Fav_icon_MSK.png","contentUrl":"https:\/\/msk.lodz.pl\/wp-content\/uploads\/2023\/04\/cropped-Fav_icon_MSK.png","width":512,"height":512,"caption":"MSK - \u0141\u00f3d\u017a"},"image":{"@id":"https:\/\/msk.lodz.pl\/#\/schema\/logo\/image\/"}},{"@type":"Person","@id":"https:\/\/msk.lodz.pl\/#\/schema\/person\/58a7a602a88e872b5d0bce84fc3dfbf0","name":"Aleksandra Sowa","image":{"@type":"ImageObject","inLanguage":"en-GB","@id":"https:\/\/secure.gravatar.com\/avatar\/7d16c1079266eae429b8725d6b8f490a80ccf7fbb4e3b6223f499aa34088ea85?s=96&d=mm&r=g","url":"https:\/\/secure.gravatar.com\/avatar\/7d16c1079266eae429b8725d6b8f490a80ccf7fbb4e3b6223f499aa34088ea85?s=96&d=mm&r=g","contentUrl":"https:\/\/secure.gravatar.com\/avatar\/7d16c1079266eae429b8725d6b8f490a80ccf7fbb4e3b6223f499aa34088ea85?s=96&d=mm&r=g","caption":"Aleksandra Sowa"},"url":"https:\/\/msk.lodz.pl\/en\/author\/a-sowa\/"}]}},"_links":{"self":[{"href":"https:\/\/msk.lodz.pl\/en\/wp-json\/wp\/v2\/posts\/6302","targetHints":{"allow":["GET"]}}],"collection":[{"href":"https:\/\/msk.lodz.pl\/en\/wp-json\/wp\/v2\/posts"}],"about":[{"href":"https:\/\/msk.lodz.pl\/en\/wp-json\/wp\/v2\/types\/post"}],"author":[{"embeddable":true,"href":"https:\/\/msk.lodz.pl\/en\/wp-json\/wp\/v2\/users\/3"}],"replies":[{"embeddable":true,"href":"https:\/\/msk.lodz.pl\/en\/wp-json\/wp\/v2\/comments?post=6302"}],"version-history":[{"count":1,"href":"https:\/\/msk.lodz.pl\/en\/wp-json\/wp\/v2\/posts\/6302\/revisions"}],"predecessor-version":[{"id":164832,"href":"https:\/\/msk.lodz.pl\/en\/wp-json\/wp\/v2\/posts\/6302\/revisions\/164832"}],"wp:featuredmedia":[{"embeddable":true,"href":"https:\/\/msk.lodz.pl\/en\/wp-json\/wp\/v2\/media\/164830"}],"wp:attachment":[{"href":"https:\/\/msk.lodz.pl\/en\/wp-json\/wp\/v2\/media?parent=6302"}],"wp:term":[{"taxonomy":"category","embeddable":true,"href":"https:\/\/msk.lodz.pl\/en\/wp-json\/wp\/v2\/categories?post=6302"},{"taxonomy":"post_tag","embeddable":true,"href":"https:\/\/msk.lodz.pl\/en\/wp-json\/wp\/v2\/tags?post=6302"},{"taxonomy":"filia","embeddable":true,"href":"https:\/\/msk.lodz.pl\/en\/wp-json\/wp\/v2\/filia?post=6302"}],"curies":[{"name":"wp","href":"https:\/\/api.w.org\/{rel}","templated":true}]}}