{"id":64599,"date":"2024-10-10T17:32:28","date_gmt":"2024-10-10T15:32:28","guid":{"rendered":"https:\/\/msk.lodz.pl\/?p=64599"},"modified":"2024-10-11T10:07:44","modified_gmt":"2024-10-11T08:07:44","slug":"xxv-lodzkie-konfrontacje-taneczne","status":"publish","type":"post","link":"https:\/\/msk.lodz.pl\/en\/xxv-lodzkie-konfrontacje-taneczne\/","title":{"rendered":"XXV \u0141\u00f3dzkie Konfrontacje Taneczne"},"content":{"rendered":"<p class=\"has-medium-font-size\">Nadchodzi nasze coroczne \u015bwi\u0119to ta\u0144ca, czyli <strong>\u0141\u00f3dzkie Konfrontacje Taneczne!<\/strong><\/p>\n\n\n\n<p class=\"has-medium-font-size\">Taniec to nasza specjalno\u015b\u0107, kt\u00f3r\u0105 piel\u0119gnujemy i celebrujemy od lat. Posiada on moc prze\u0142amywania barier, \u0142amania konwenans\u00f3w, daje poczucie wolno\u015bci i niezale\u017cno\u015bci.&nbsp;Potrafi w ka\u017cdym wyzwoli\u0107 energi\u0119 tw\u00f3rcz\u0105, uwolni\u0107 skumulowane napi\u0119cia i otworzy\u0107 nas na siebie samych i innych. <\/p>\n\n\n\n<p class=\"has-medium-font-size\"><strong>\u0141\u00f3dzkie Konfrontacje Taneczne <\/strong>to przegl\u0105d dzieci\u0119cych i m\u0142odzie\u017cowych zespo\u0142\u00f3w tanecznych, kt\u00f3ry stopniowo z regionalnego stawa\u0142 si\u0119 og\u00f3lnopolskim konkursem ta\u0144ca. <\/p>\n\n\n\n<p class=\"has-medium-font-size\">\u0141\u00f3dzkie Konfrontacje Taneczne to wyj\u0105tkowy konkurs, w kt\u00f3rym dzieci\u0119ce i m\u0142odzie\u017cowe zespo\u0142y taneczne oraz soli\u015bci maj\u0105 szans\u0119 zaprezentowa\u0107 swoje umiej\u0119tno\u015bci i pasj\u0119. <\/p>\n\n\n\n<p class=\"has-medium-font-size\">Uczestnicy rywalizuj\u0105 w dw\u00f3ch kategoriach tanecznych, a tak\u017ce w trzech grupach wiekowych: do 11 lat, 12-15 lat oraz powy\u017cej 16 lat.<\/p>\n\n\n\n<p class=\"has-medium-font-size\">Celem Konfrontacji jest nie tylko rywalizacja, ale przede wszystkim<strong> integracja \u015brodowiska tanecznego<\/strong>, wymiana do\u015bwiadcze\u0144 oraz wsp\u00f3lne poszukiwanie nowych form artystycznych. To doskona\u0142a okazja, by rozwija\u0107 swoj\u0105 wra\u017cliwo\u015b\u0107 artystyczn\u0105 poprzez bezpo\u015bredni kontakt z r\u00f3\u017cnorodnymi stylami ta\u0144ca.<\/p>\n\n\n\n<p><\/p>\n\n\n\n<p class=\"has-medium-font-size\">Je\u015bli chcesz wzi\u0105\u0107 udzia\u0142 w tegorocznej edycji, nie zwlekaj \u2013 zg\u0142oszenia przyjmujemy do 4 listopada! <strong>Formularz rejestracyjny dost\u0119pny jest <a href=\"https:\/\/docs.google.com\/forms\/d\/15_CvEx2RjINKanyvCR11uTwnjbA1w7gnY4vXIgy3F0s\/viewform?edit_requested=true#responses\">TU<\/a><\/strong><\/p>\n\n\n\n<p class=\"has-medium-font-size\"><strong><a href=\"https:\/\/msk.lodz.pl\/wp-content\/uploads\/2024\/11\/XXV-Lodzkie-Konfrontacje-Taneczne-regulamin.pdf\">Pobierz regulamin<\/a><\/strong><\/p>\n\n\n\n<div style=\"height:100px\" aria-hidden=\"true\" class=\"wp-block-spacer\"><\/div>\n\n\n\n<p class=\"has-medium-font-size\"><\/p>\n\n\n\n<p class=\"has-medium-font-size\"><strong>Masz pytania? Skontaktuj si\u0119 z nami<\/strong>: <a>t.nowak@msk.lodz.pl<\/a><\/p>\n\n\n\n<p class=\"has-medium-font-size\">Nie przegap tej tanecznej przygody!<\/p>\n\n\n\n<div style=\"height:100px\" aria-hidden=\"true\" class=\"wp-block-spacer\"><\/div>","protected":false},"excerpt":{"rendered":"<p>Nadchodzi nasze coroczne \u015bwi\u0119to ta\u0144ca, czyli \u0141\u00f3dzkie Konfrontacje Taneczne! Taniec to nasza specjalno\u015b\u0107, kt\u00f3r\u0105 piel\u0119gnujemy i celebrujemy od lat. Posiada on moc prze\u0142amywania barier, \u0142amania konwenans\u00f3w, daje poczucie wolno\u015bci i niezale\u017cno\u015bci.&nbsp;Potrafi w ka\u017cdym wyzwoli\u0107 energi\u0119 tw\u00f3rcz\u0105, uwolni\u0107 skumulowane napi\u0119cia i otworzy\u0107 nas na siebie samych i innych. \u0141\u00f3dzkie Konfrontacje Taneczne to przegl\u0105d dzieci\u0119cych i m\u0142odzie\u017cowych [&hellip;]<\/p>","protected":false},"author":8,"featured_media":64610,"comment_status":"closed","ping_status":"closed","sticky":false,"template":"","format":"standard","meta":{"footnotes":""},"categories":[11,222,221],"tags":[191,194,44],"class_list":["post-64599","post","type-post","status-publish","format-standard","has-post-thumbnail","hentry","category-aktualnosci","category-aktualnosci-msk-niciarniana","category-msk-niciarniana","tag-dzieci","tag-mlodziez","tag-taniec"],"yoast_head":"<!-- This site is optimized with the Yoast SEO plugin v26.5 - https:\/\/yoast.com\/wordpress\/plugins\/seo\/ -->\n<title>XXV \u0141\u00f3dzkie Konfrontacje Taneczne - MSK<\/title>\n<meta name=\"robots\" content=\"index, follow, max-snippet:-1, max-image-preview:large, max-video-preview:-1\" \/>\n<link rel=\"canonical\" href=\"https:\/\/msk.lodz.pl\/en\/xxv-lodzkie-konfrontacje-taneczne\/\" \/>\n<meta property=\"og:locale\" content=\"en_GB\" \/>\n<meta property=\"og:type\" content=\"article\" \/>\n<meta property=\"og:title\" content=\"XXV \u0141\u00f3dzkie Konfrontacje Taneczne - MSK\" \/>\n<meta property=\"og:description\" content=\"Nadchodzi nasze coroczne \u015bwi\u0119to ta\u0144ca, czyli \u0141\u00f3dzkie Konfrontacje Taneczne! Taniec to nasza specjalno\u015b\u0107, kt\u00f3r\u0105 piel\u0119gnujemy i celebrujemy od lat. Posiada on moc prze\u0142amywania barier, \u0142amania konwenans\u00f3w, daje poczucie wolno\u015bci i niezale\u017cno\u015bci.&nbsp;Potrafi w ka\u017cdym wyzwoli\u0107 energi\u0119 tw\u00f3rcz\u0105, uwolni\u0107 skumulowane napi\u0119cia i otworzy\u0107 nas na siebie samych i innych. \u0141\u00f3dzkie Konfrontacje Taneczne to przegl\u0105d dzieci\u0119cych i m\u0142odzie\u017cowych [&hellip;]\" \/>\n<meta property=\"og:url\" content=\"https:\/\/msk.lodz.pl\/en\/xxv-lodzkie-konfrontacje-taneczne\/\" \/>\n<meta property=\"og:site_name\" content=\"MSK\" \/>\n<meta property=\"article:published_time\" content=\"2024-10-10T15:32:28+00:00\" \/>\n<meta property=\"article:modified_time\" content=\"2024-10-11T08:07:44+00:00\" \/>\n<meta property=\"og:image\" content=\"https:\/\/msk.lodz.pl\/wp-content\/uploads\/2024\/10\/25-lodzkie-konfrontacje-taneczne-www.png\" \/>\n\t<meta property=\"og:image:width\" content=\"1920\" \/>\n\t<meta property=\"og:image:height\" content=\"1080\" \/>\n\t<meta property=\"og:image:type\" content=\"image\/png\" \/>\n<meta name=\"author\" content=\"Nina Wosik\" \/>\n<meta name=\"twitter:card\" content=\"summary_large_image\" \/>\n<meta name=\"twitter:label1\" content=\"Written by\" \/>\n\t<meta name=\"twitter:data1\" content=\"Nina Wosik\" \/>\n\t<meta name=\"twitter:label2\" content=\"Estimated reading time\" \/>\n\t<meta name=\"twitter:data2\" content=\"1 minute\" \/>\n<script type=\"application\/ld+json\" class=\"yoast-schema-graph\">{\"@context\":\"https:\/\/schema.org\",\"@graph\":[{\"@type\":\"Article\",\"@id\":\"https:\/\/msk.lodz.pl\/xxv-lodzkie-konfrontacje-taneczne\/#article\",\"isPartOf\":{\"@id\":\"https:\/\/msk.lodz.pl\/xxv-lodzkie-konfrontacje-taneczne\/\"},\"author\":{\"name\":\"Nina Wosik\",\"@id\":\"https:\/\/msk.lodz.pl\/#\/schema\/person\/0a1b8ea56dffd2a70a464e2e9fd49958\"},\"headline\":\"XXV \u0141\u00f3dzkie Konfrontacje Taneczne\",\"datePublished\":\"2024-10-10T15:32:28+00:00\",\"dateModified\":\"2024-10-11T08:07:44+00:00\",\"mainEntityOfPage\":{\"@id\":\"https:\/\/msk.lodz.pl\/xxv-lodzkie-konfrontacje-taneczne\/\"},\"wordCount\":226,\"publisher\":{\"@id\":\"https:\/\/msk.lodz.pl\/#organization\"},\"image\":{\"@id\":\"https:\/\/msk.lodz.pl\/xxv-lodzkie-konfrontacje-taneczne\/#primaryimage\"},\"thumbnailUrl\":\"https:\/\/msk.lodz.pl\/wp-content\/uploads\/2024\/10\/25-lodzkie-konfrontacje-taneczne-www.png\",\"keywords\":[\"Dzieci\",\"M\u0142odzie\u017c\",\"Taniec\"],\"articleSection\":[\"Aktualno\u015bci\",\"Aktualno\u015bci\",\"MSK: Niciarniana\"],\"inLanguage\":\"en-GB\"},{\"@type\":\"WebPage\",\"@id\":\"https:\/\/msk.lodz.pl\/xxv-lodzkie-konfrontacje-taneczne\/\",\"url\":\"https:\/\/msk.lodz.pl\/xxv-lodzkie-konfrontacje-taneczne\/\",\"name\":\"XXV \u0141\u00f3dzkie Konfrontacje Taneczne - MSK\",\"isPartOf\":{\"@id\":\"https:\/\/msk.lodz.pl\/#website\"},\"primaryImageOfPage\":{\"@id\":\"https:\/\/msk.lodz.pl\/xxv-lodzkie-konfrontacje-taneczne\/#primaryimage\"},\"image\":{\"@id\":\"https:\/\/msk.lodz.pl\/xxv-lodzkie-konfrontacje-taneczne\/#primaryimage\"},\"thumbnailUrl\":\"https:\/\/msk.lodz.pl\/wp-content\/uploads\/2024\/10\/25-lodzkie-konfrontacje-taneczne-www.png\",\"datePublished\":\"2024-10-10T15:32:28+00:00\",\"dateModified\":\"2024-10-11T08:07:44+00:00\",\"breadcrumb\":{\"@id\":\"https:\/\/msk.lodz.pl\/xxv-lodzkie-konfrontacje-taneczne\/#breadcrumb\"},\"inLanguage\":\"en-GB\",\"potentialAction\":[{\"@type\":\"ReadAction\",\"target\":[\"https:\/\/msk.lodz.pl\/xxv-lodzkie-konfrontacje-taneczne\/\"]}]},{\"@type\":\"ImageObject\",\"inLanguage\":\"en-GB\",\"@id\":\"https:\/\/msk.lodz.pl\/xxv-lodzkie-konfrontacje-taneczne\/#primaryimage\",\"url\":\"https:\/\/msk.lodz.pl\/wp-content\/uploads\/2024\/10\/25-lodzkie-konfrontacje-taneczne-www.png\",\"contentUrl\":\"https:\/\/msk.lodz.pl\/wp-content\/uploads\/2024\/10\/25-lodzkie-konfrontacje-taneczne-www.png\",\"width\":1920,\"height\":1080,\"caption\":\"grafika promuj\u0105ca konfrontacje\"},{\"@type\":\"BreadcrumbList\",\"@id\":\"https:\/\/msk.lodz.pl\/xxv-lodzkie-konfrontacje-taneczne\/#breadcrumb\",\"itemListElement\":[{\"@type\":\"ListItem\",\"position\":1,\"name\":\"Strona g\u0142\u00f3wna\",\"item\":\"http:\/\/msk.lodz.pl\/en\/\"},{\"@type\":\"ListItem\",\"position\":2,\"name\":\"XXV \u0141\u00f3dzkie Konfrontacje Taneczne\"}]},{\"@type\":\"WebSite\",\"@id\":\"https:\/\/msk.lodz.pl\/#website\",\"url\":\"https:\/\/msk.lodz.pl\/\",\"name\":\"MSK - \u0141\u00f3d\u017a\",\"description\":\"\",\"publisher\":{\"@id\":\"https:\/\/msk.lodz.pl\/#organization\"},\"potentialAction\":[{\"@type\":\"SearchAction\",\"target\":{\"@type\":\"EntryPoint\",\"urlTemplate\":\"https:\/\/msk.lodz.pl\/?s={search_term_string}\"},\"query-input\":{\"@type\":\"PropertyValueSpecification\",\"valueRequired\":true,\"valueName\":\"search_term_string\"}}],\"inLanguage\":\"en-GB\"},{\"@type\":\"Organization\",\"@id\":\"https:\/\/msk.lodz.pl\/#organization\",\"name\":\"MSK - \u0141\u00f3d\u017a\",\"url\":\"https:\/\/msk.lodz.pl\/\",\"logo\":{\"@type\":\"ImageObject\",\"inLanguage\":\"en-GB\",\"@id\":\"https:\/\/msk.lodz.pl\/#\/schema\/logo\/image\/\",\"url\":\"https:\/\/msk.lodz.pl\/wp-content\/uploads\/2023\/04\/cropped-Fav_icon_MSK.png\",\"contentUrl\":\"https:\/\/msk.lodz.pl\/wp-content\/uploads\/2023\/04\/cropped-Fav_icon_MSK.png\",\"width\":512,\"height\":512,\"caption\":\"MSK - \u0141\u00f3d\u017a\"},\"image\":{\"@id\":\"https:\/\/msk.lodz.pl\/#\/schema\/logo\/image\/\"}},{\"@type\":\"Person\",\"@id\":\"https:\/\/msk.lodz.pl\/#\/schema\/person\/0a1b8ea56dffd2a70a464e2e9fd49958\",\"name\":\"Nina Wosik\",\"image\":{\"@type\":\"ImageObject\",\"inLanguage\":\"en-GB\",\"@id\":\"https:\/\/msk.lodz.pl\/#\/schema\/person\/image\/\",\"url\":\"https:\/\/secure.gravatar.com\/avatar\/b1350abbe7c946a20231a5e2348a7a1e0f977ccdbd94ce827710df4199a635ce?s=96&d=mm&r=g\",\"contentUrl\":\"https:\/\/secure.gravatar.com\/avatar\/b1350abbe7c946a20231a5e2348a7a1e0f977ccdbd94ce827710df4199a635ce?s=96&d=mm&r=g\",\"caption\":\"Nina Wosik\"},\"url\":\"https:\/\/msk.lodz.pl\/en\/author\/nina-wosik\/\"}]}<\/script>\n<!-- \/ Yoast SEO plugin. -->","yoast_head_json":{"title":"XXV \u0141\u00f3dzkie Konfrontacje Taneczne - MSK","robots":{"index":"index","follow":"follow","max-snippet":"max-snippet:-1","max-image-preview":"max-image-preview:large","max-video-preview":"max-video-preview:-1"},"canonical":"https:\/\/msk.lodz.pl\/en\/xxv-lodzkie-konfrontacje-taneczne\/","og_locale":"en_GB","og_type":"article","og_title":"XXV \u0141\u00f3dzkie Konfrontacje Taneczne - MSK","og_description":"Nadchodzi nasze coroczne \u015bwi\u0119to ta\u0144ca, czyli \u0141\u00f3dzkie Konfrontacje Taneczne! Taniec to nasza specjalno\u015b\u0107, kt\u00f3r\u0105 piel\u0119gnujemy i celebrujemy od lat. Posiada on moc prze\u0142amywania barier, \u0142amania konwenans\u00f3w, daje poczucie wolno\u015bci i niezale\u017cno\u015bci.&nbsp;Potrafi w ka\u017cdym wyzwoli\u0107 energi\u0119 tw\u00f3rcz\u0105, uwolni\u0107 skumulowane napi\u0119cia i otworzy\u0107 nas na siebie samych i innych. \u0141\u00f3dzkie Konfrontacje Taneczne to przegl\u0105d dzieci\u0119cych i m\u0142odzie\u017cowych [&hellip;]","og_url":"https:\/\/msk.lodz.pl\/en\/xxv-lodzkie-konfrontacje-taneczne\/","og_site_name":"MSK","article_published_time":"2024-10-10T15:32:28+00:00","article_modified_time":"2024-10-11T08:07:44+00:00","og_image":[{"width":1920,"height":1080,"url":"https:\/\/msk.lodz.pl\/wp-content\/uploads\/2024\/10\/25-lodzkie-konfrontacje-taneczne-www.png","type":"image\/png"}],"author":"Nina Wosik","twitter_card":"summary_large_image","twitter_misc":{"Written by":"Nina Wosik","Estimated reading time":"1 minute"},"schema":{"@context":"https:\/\/schema.org","@graph":[{"@type":"Article","@id":"https:\/\/msk.lodz.pl\/xxv-lodzkie-konfrontacje-taneczne\/#article","isPartOf":{"@id":"https:\/\/msk.lodz.pl\/xxv-lodzkie-konfrontacje-taneczne\/"},"author":{"name":"Nina Wosik","@id":"https:\/\/msk.lodz.pl\/#\/schema\/person\/0a1b8ea56dffd2a70a464e2e9fd49958"},"headline":"XXV \u0141\u00f3dzkie Konfrontacje Taneczne","datePublished":"2024-10-10T15:32:28+00:00","dateModified":"2024-10-11T08:07:44+00:00","mainEntityOfPage":{"@id":"https:\/\/msk.lodz.pl\/xxv-lodzkie-konfrontacje-taneczne\/"},"wordCount":226,"publisher":{"@id":"https:\/\/msk.lodz.pl\/#organization"},"image":{"@id":"https:\/\/msk.lodz.pl\/xxv-lodzkie-konfrontacje-taneczne\/#primaryimage"},"thumbnailUrl":"https:\/\/msk.lodz.pl\/wp-content\/uploads\/2024\/10\/25-lodzkie-konfrontacje-taneczne-www.png","keywords":["Dzieci","M\u0142odzie\u017c","Taniec"],"articleSection":["Aktualno\u015bci","Aktualno\u015bci","MSK: Niciarniana"],"inLanguage":"en-GB"},{"@type":"WebPage","@id":"https:\/\/msk.lodz.pl\/xxv-lodzkie-konfrontacje-taneczne\/","url":"https:\/\/msk.lodz.pl\/xxv-lodzkie-konfrontacje-taneczne\/","name":"XXV \u0141\u00f3dzkie Konfrontacje Taneczne - MSK","isPartOf":{"@id":"https:\/\/msk.lodz.pl\/#website"},"primaryImageOfPage":{"@id":"https:\/\/msk.lodz.pl\/xxv-lodzkie-konfrontacje-taneczne\/#primaryimage"},"image":{"@id":"https:\/\/msk.lodz.pl\/xxv-lodzkie-konfrontacje-taneczne\/#primaryimage"},"thumbnailUrl":"https:\/\/msk.lodz.pl\/wp-content\/uploads\/2024\/10\/25-lodzkie-konfrontacje-taneczne-www.png","datePublished":"2024-10-10T15:32:28+00:00","dateModified":"2024-10-11T08:07:44+00:00","breadcrumb":{"@id":"https:\/\/msk.lodz.pl\/xxv-lodzkie-konfrontacje-taneczne\/#breadcrumb"},"inLanguage":"en-GB","potentialAction":[{"@type":"ReadAction","target":["https:\/\/msk.lodz.pl\/xxv-lodzkie-konfrontacje-taneczne\/"]}]},{"@type":"ImageObject","inLanguage":"en-GB","@id":"https:\/\/msk.lodz.pl\/xxv-lodzkie-konfrontacje-taneczne\/#primaryimage","url":"https:\/\/msk.lodz.pl\/wp-content\/uploads\/2024\/10\/25-lodzkie-konfrontacje-taneczne-www.png","contentUrl":"https:\/\/msk.lodz.pl\/wp-content\/uploads\/2024\/10\/25-lodzkie-konfrontacje-taneczne-www.png","width":1920,"height":1080,"caption":"grafika promuj\u0105ca konfrontacje"},{"@type":"BreadcrumbList","@id":"https:\/\/msk.lodz.pl\/xxv-lodzkie-konfrontacje-taneczne\/#breadcrumb","itemListElement":[{"@type":"ListItem","position":1,"name":"Strona g\u0142\u00f3wna","item":"http:\/\/msk.lodz.pl\/en\/"},{"@type":"ListItem","position":2,"name":"XXV \u0141\u00f3dzkie Konfrontacje Taneczne"}]},{"@type":"WebSite","@id":"https:\/\/msk.lodz.pl\/#website","url":"https:\/\/msk.lodz.pl\/","name":"MSK - \u0141\u00f3d\u017a","description":"","publisher":{"@id":"https:\/\/msk.lodz.pl\/#organization"},"potentialAction":[{"@type":"SearchAction","target":{"@type":"EntryPoint","urlTemplate":"https:\/\/msk.lodz.pl\/?s={search_term_string}"},"query-input":{"@type":"PropertyValueSpecification","valueRequired":true,"valueName":"search_term_string"}}],"inLanguage":"en-GB"},{"@type":"Organization","@id":"https:\/\/msk.lodz.pl\/#organization","name":"MSK - \u0141\u00f3d\u017a","url":"https:\/\/msk.lodz.pl\/","logo":{"@type":"ImageObject","inLanguage":"en-GB","@id":"https:\/\/msk.lodz.pl\/#\/schema\/logo\/image\/","url":"https:\/\/msk.lodz.pl\/wp-content\/uploads\/2023\/04\/cropped-Fav_icon_MSK.png","contentUrl":"https:\/\/msk.lodz.pl\/wp-content\/uploads\/2023\/04\/cropped-Fav_icon_MSK.png","width":512,"height":512,"caption":"MSK - \u0141\u00f3d\u017a"},"image":{"@id":"https:\/\/msk.lodz.pl\/#\/schema\/logo\/image\/"}},{"@type":"Person","@id":"https:\/\/msk.lodz.pl\/#\/schema\/person\/0a1b8ea56dffd2a70a464e2e9fd49958","name":"Nina Wosik","image":{"@type":"ImageObject","inLanguage":"en-GB","@id":"https:\/\/msk.lodz.pl\/#\/schema\/person\/image\/","url":"https:\/\/secure.gravatar.com\/avatar\/b1350abbe7c946a20231a5e2348a7a1e0f977ccdbd94ce827710df4199a635ce?s=96&d=mm&r=g","contentUrl":"https:\/\/secure.gravatar.com\/avatar\/b1350abbe7c946a20231a5e2348a7a1e0f977ccdbd94ce827710df4199a635ce?s=96&d=mm&r=g","caption":"Nina Wosik"},"url":"https:\/\/msk.lodz.pl\/en\/author\/nina-wosik\/"}]}},"_links":{"self":[{"href":"https:\/\/msk.lodz.pl\/en\/wp-json\/wp\/v2\/posts\/64599","targetHints":{"allow":["GET"]}}],"collection":[{"href":"https:\/\/msk.lodz.pl\/en\/wp-json\/wp\/v2\/posts"}],"about":[{"href":"https:\/\/msk.lodz.pl\/en\/wp-json\/wp\/v2\/types\/post"}],"author":[{"embeddable":true,"href":"https:\/\/msk.lodz.pl\/en\/wp-json\/wp\/v2\/users\/8"}],"replies":[{"embeddable":true,"href":"https:\/\/msk.lodz.pl\/en\/wp-json\/wp\/v2\/comments?post=64599"}],"version-history":[{"count":0,"href":"https:\/\/msk.lodz.pl\/en\/wp-json\/wp\/v2\/posts\/64599\/revisions"}],"wp:featuredmedia":[{"embeddable":true,"href":"https:\/\/msk.lodz.pl\/en\/wp-json\/wp\/v2\/media\/64610"}],"wp:attachment":[{"href":"https:\/\/msk.lodz.pl\/en\/wp-json\/wp\/v2\/media?parent=64599"}],"wp:term":[{"taxonomy":"category","embeddable":true,"href":"https:\/\/msk.lodz.pl\/en\/wp-json\/wp\/v2\/categories?post=64599"},{"taxonomy":"post_tag","embeddable":true,"href":"https:\/\/msk.lodz.pl\/en\/wp-json\/wp\/v2\/tags?post=64599"}],"curies":[{"name":"wp","href":"https:\/\/api.w.org\/{rel}","templated":true}]}}