{"id":78535,"date":"2025-02-26T01:42:31","date_gmt":"2025-02-26T00:42:31","guid":{"rendered":"https:\/\/msk.lodz.pl\/?p=78535"},"modified":"2025-02-27T01:02:18","modified_gmt":"2025-02-27T00:02:18","slug":"polkolonie-zimowe-w-msk","status":"publish","type":"post","link":"https:\/\/msk.lodz.pl\/en\/polkolonie-zimowe-w-msk\/","title":{"rendered":"P\u00f3\u0142kolonie zimowe w MSK"},"content":{"rendered":"<h3 class=\"wp-block-heading has-medium-font-size\"><strong>Zima w akcji: \u201eMisja Specjalna\u201d czeka na m\u0142odych agent\u00f3w w Miejskiej Strefie Kultury!<\/strong><\/h3>\n\n\n\n<p class=\"has-medium-font-size\">Startujemy z zapisami na p\u00f3\u0142kolonie zimowe 2025 w <strong>Miejskiej Strefie Kultury w \u0141odzi<\/strong>! W kilkunastu lokalizacjach na terenie miasta dzieci i m\u0142odzie\u017c mog\u0105 do\u0142\u0105czy\u0107 do niezwyk\u0142ej przygody! Tegoroczne has\u0142o przewodnie to <strong>\u201eMisja Specjalna\u201d.<\/strong><\/p>\n\n\n\n<p class=\"has-medium-font-size\">Ka\u017cda z filii MSK stanie si\u0119 tajn\u0105 baz\u0105 operacyjn\u0105, w kt\u00f3rej m\u0142odzi agenci b\u0119d\u0105 rozwija\u0107 swoje zdolno\u015bci i odkrywa\u0107 nowe talenty. Przez ca\u0142y tydzie\u0144 dzieci wezm\u0105 udzia\u0142 w artystycznych warsztatach, teatralnych przygodach, muzycznych eksperymentach i energetycznych zaj\u0119ciach ruchowych. A wszystko to pod czujnym okiem \u201edow\u00f3dc\u00f3w misji\u201d \u2013 profesjonalnych animator\u00f3w i artyst\u00f3w z do\u015bwiadczeniem.<\/p>\n\n\n\n<div style=\"height:38px\" aria-hidden=\"true\" class=\"wp-block-spacer\"><\/div>\n\n\n\n<h3 class=\"wp-block-heading has-medium-font-size\"><strong>Plan operacji:<\/strong><\/h3>\n\n\n\n<p class=\"has-medium-font-size\"><strong>Bazy:<\/strong> Domy kultury &#8211; filie Miejskiej Strefy Kultury w ca\u0142ej \u0141odzi.<\/p>\n\n\n\n<p class=\"has-medium-font-size\"><strong>Cele misji:<\/strong><\/p>\n\n\n\n<ul class=\"wp-block-list\">\n<li class=\"has-medium-font-size\">Rozw\u00f3j kreatywno\u015bci i talent\u00f3w.<\/li>\n\n\n\n<li class=\"has-medium-font-size\">Nauka wsp\u00f3\u0142pracy i integracji w grupie.<\/li>\n\n\n\n<li class=\"has-medium-font-size\">Tw\u00f3rcza zabawa w inspiruj\u0105cej atmosferze.<\/li>\n<\/ul>\n\n\n\n<div style=\"height:37px\" aria-hidden=\"true\" class=\"wp-block-spacer\"><\/div>\n\n\n\n<h3 class=\"wp-block-heading has-medium-font-size\"><strong>Dla kogo?<\/strong><\/h3>\n\n\n\n<p class=\"has-medium-font-size\">Przygotowali\u015bmy a\u017c <strong>11 program\u00f3w p\u00f3\u0142kolonii i warsztat\u00f3w<\/strong> dla dzieci w wieku 7\u201312 lat oraz <strong>1 specjalny program dla starszych agent\u00f3w<\/strong> w wieku 10\u201314 lat.<\/p>\n\n\n\n<div style=\"height:49px\" aria-hidden=\"true\" class=\"wp-block-spacer\"><\/div>\n\n\n\n<h3 class=\"wp-block-heading has-medium-font-size\"><strong>Operacja \u201eEarly Birds\u201d \u2013 z\u0142ap promocj\u0119!<\/strong><\/h3>\n\n\n\n<p class=\"has-medium-font-size\">Ka\u017cdy prawdziwy agent wie, \u017ce czas ma znaczenie. Dlatego do <strong>10 stycznia 2025 r.<\/strong> obowi\u0105zuje specjalna cena:<\/p>\n\n\n\n<ul class=\"wp-block-list\">\n<li class=\"has-medium-font-size\"><strong>500 z\u0142 za tydzie\u0144 p\u00f3\u0142kolonii.<\/strong><\/li>\n<\/ul>\n\n\n\n<p class=\"has-medium-font-size\">Po tej dacie standardowa op\u0142ata wynosi <strong>600 z\u0142 za tydzie\u0144.<\/strong><br>Na warsztaty mo\u017cna si\u0119 zapisywa\u0107 ju\u017c za <strong>30 z\u0142 za zaj\u0119cia.<\/strong><\/p>\n\n\n\n<div style=\"height:36px\" aria-hidden=\"true\" class=\"wp-block-spacer\"><\/div>\n\n\n\n<h3 class=\"wp-block-heading has-medium-font-size\"><strong>Lokalizacje i terminy misji:<\/strong><\/h3>\n\n\n\n<p class=\"has-medium-font-size\"><strong><mark style=\"background-color:rgba(0, 0, 0, 0)\" class=\"has-inline-color has-vivid-cyan-blue-color\">Szczeg\u00f3\u0142y znajdziesz na naszej stronie:<\/mark><mark style=\"background-color:rgba(0, 0, 0, 0)\" class=\"has-inline-color has-vivid-red-color\"> <a href=\"https:\/\/msk.lodz.pl\/en\/polkolonie-w-msk\/\">https:\/\/msk.lodz.pl\/polkolonie-w-msk\/<\/a> <\/mark><\/strong><\/p>\n\n\n\n<p class=\"has-medium-font-size\">Liczba miejsc jest ograniczona \u2013 zapisuj swojego ma\u0142ego agenta ju\u017c dzi\u015b!<\/p>","protected":false},"excerpt":{"rendered":"<p>Zima w akcji: \u201eMisja Specjalna\u201d czeka na m\u0142odych agent\u00f3w w Miejskiej Strefie Kultury! Startujemy z zapisami na p\u00f3\u0142kolonie zimowe 2025 w Miejskiej Strefie Kultury w \u0141odzi! W kilkunastu lokalizacjach na terenie miasta dzieci i m\u0142odzie\u017c mog\u0105 do\u0142\u0105czy\u0107 do niezwyk\u0142ej przygody! Tegoroczne has\u0142o przewodnie to \u201eMisja Specjalna\u201d. Ka\u017cda z filii MSK stanie si\u0119 tajn\u0105 baz\u0105 operacyjn\u0105, [&hellip;]<\/p>","protected":false},"author":35,"featured_media":78536,"comment_status":"closed","ping_status":"closed","sticky":false,"template":"","format":"standard","meta":{"footnotes":""},"categories":[222,212,169,247,202,257,237,227,260,217,252,207,11,242,197,232,211,216,201,256,196,221,206,168,251,255,231,246,226,236,241,170],"tags":[],"class_list":["post-78535","post","type-post","status-publish","format-standard","has-post-thumbnail","hentry","category-aktualnosci-msk-niciarniana","category-aktualnosci-msk-chojny","category-aktualnosci-msk-polesie","category-aktualnosci-msk-teofilow","category-aktualnosci-msk-gorna","category-aktualnosci-msk-stare-polesie","category-aktualnosci-msk-zabieniec","category-aktualnosci-msk-widzew-wschod","category-aktualnosci-msk-harnam","category-aktualnosci-msk-dabrowa","category-aktualnosci-msk-radogoszcz","category-aktualnosci-msk-olechow","category-aktualnosci","category-aktualnosci-msk-zubardz","category-aktualnosci-msk-karolew","category-aktualnosci-msk-stary-widzew","category-msk-chojny","category-msk-dabrowa","category-msk-gorna","category-msk-harnam","category-msk-karolew","category-msk-niciarniana","category-msk-olechow","category-msk-polesie","category-msk-radogoszcz","category-msk-stare-polesie","category-msk-stary-widzew","category-msk-teofilow","category-msk-widzew-wschod","category-msk-zabieniec","category-msk-zubardz","category-strona-glowna"],"yoast_head":"<!-- This site is optimized with the Yoast SEO plugin v26.5 - https:\/\/yoast.com\/wordpress\/plugins\/seo\/ -->\n<title>P\u00f3\u0142kolonie zimowe w MSK - MSK<\/title>\n<meta name=\"robots\" content=\"index, follow, max-snippet:-1, max-image-preview:large, max-video-preview:-1\" \/>\n<link rel=\"canonical\" href=\"http:\/\/msk.lodz.pl\/en\/polkolonie-zimowe-w-msk\/\" \/>\n<meta property=\"og:locale\" content=\"en_GB\" \/>\n<meta property=\"og:type\" content=\"article\" \/>\n<meta property=\"og:title\" content=\"P\u00f3\u0142kolonie zimowe w MSK - MSK\" \/>\n<meta property=\"og:description\" content=\"Zima w akcji: \u201eMisja Specjalna\u201d czeka na m\u0142odych agent\u00f3w w Miejskiej Strefie Kultury! Startujemy z zapisami na p\u00f3\u0142kolonie zimowe 2025 w Miejskiej Strefie Kultury w \u0141odzi! W kilkunastu lokalizacjach na terenie miasta dzieci i m\u0142odzie\u017c mog\u0105 do\u0142\u0105czy\u0107 do niezwyk\u0142ej przygody! Tegoroczne has\u0142o przewodnie to \u201eMisja Specjalna\u201d. Ka\u017cda z filii MSK stanie si\u0119 tajn\u0105 baz\u0105 operacyjn\u0105, [&hellip;]\" \/>\n<meta property=\"og:url\" content=\"http:\/\/msk.lodz.pl\/en\/polkolonie-zimowe-w-msk\/\" \/>\n<meta property=\"og:site_name\" content=\"MSK\" \/>\n<meta property=\"article:published_time\" content=\"2025-02-26T00:42:31+00:00\" \/>\n<meta property=\"article:modified_time\" content=\"2025-02-27T00:02:18+00:00\" \/>\n<meta property=\"og:image\" content=\"https:\/\/msk.lodz.pl\/wp-content\/uploads\/2025\/01\/ferie-zima-msk.png\" \/>\n\t<meta property=\"og:image:width\" content=\"1024\" \/>\n\t<meta property=\"og:image:height\" content=\"681\" \/>\n\t<meta property=\"og:image:type\" content=\"image\/png\" \/>\n<meta name=\"author\" content=\"ola test roli uzytkownika\" \/>\n<meta name=\"twitter:card\" content=\"summary_large_image\" \/>\n<meta name=\"twitter:label1\" content=\"Written by\" \/>\n\t<meta name=\"twitter:data1\" content=\"ola test roli uzytkownika\" \/>\n\t<meta name=\"twitter:label2\" content=\"Estimated reading time\" \/>\n\t<meta name=\"twitter:data2\" content=\"1 minute\" \/>\n<script type=\"application\/ld+json\" class=\"yoast-schema-graph\">{\"@context\":\"https:\/\/schema.org\",\"@graph\":[{\"@type\":\"Article\",\"@id\":\"http:\/\/msk.lodz.pl\/en\/polkolonie-zimowe-w-msk\/#article\",\"isPartOf\":{\"@id\":\"http:\/\/msk.lodz.pl\/en\/polkolonie-zimowe-w-msk\/\"},\"author\":{\"name\":\"ola test roli uzytkownika\",\"@id\":\"https:\/\/msk.lodz.pl\/#\/schema\/person\/cffd6ce75eb48ce35df7076fa7a0512e\"},\"headline\":\"P\u00f3\u0142kolonie zimowe w MSK\",\"datePublished\":\"2025-02-26T00:42:31+00:00\",\"dateModified\":\"2025-02-27T00:02:18+00:00\",\"mainEntityOfPage\":{\"@id\":\"http:\/\/msk.lodz.pl\/en\/polkolonie-zimowe-w-msk\/\"},\"wordCount\":261,\"publisher\":{\"@id\":\"https:\/\/msk.lodz.pl\/#organization\"},\"image\":{\"@id\":\"http:\/\/msk.lodz.pl\/en\/polkolonie-zimowe-w-msk\/#primaryimage\"},\"thumbnailUrl\":\"https:\/\/msk.lodz.pl\/wp-content\/uploads\/2025\/01\/ferie-zima-msk.png\",\"articleSection\":[\"Aktualno\u015bci\",\"Aktualno\u015bci\",\"Aktualno\u015bci\",\"Aktualno\u015bci\",\"Aktualno\u015bci\",\"Aktualno\u015bci\",\"Aktualno\u015bci\",\"Aktualno\u015bci\",\"Aktualno\u015bci\",\"Aktualno\u015bci\",\"Aktualno\u015bci\",\"Aktualno\u015bci\",\"Aktualno\u015bci\",\"Aktualno\u015bci\",\"Aktualno\u015bci\",\"Aktualno\u015bci\",\"MSK: Chojny\",\"MSK: D\u0105browa\",\"MSK: G\u00f3rna\",\"MSK: Harnam\",\"MSK: Karolew\",\"MSK: Niciarniana\",\"MSK: Olech\u00f3w\",\"MSK: Polesie\",\"MSK: Radogoszcz\",\"MSK: Stare Polesie\",\"MSK: Stary Widzew\",\"MSK: Teofil\u00f3w\",\"MSK: Widzew Wsch\u00f3d\",\"MSK: \u017babieniec\",\"MSK: \u017bubard\u017a\",\"Strona g\u0142\u00f3wna\"],\"inLanguage\":\"en-GB\"},{\"@type\":\"WebPage\",\"@id\":\"http:\/\/msk.lodz.pl\/en\/polkolonie-zimowe-w-msk\/\",\"url\":\"http:\/\/msk.lodz.pl\/en\/polkolonie-zimowe-w-msk\/\",\"name\":\"P\u00f3\u0142kolonie zimowe w MSK - MSK\",\"isPartOf\":{\"@id\":\"https:\/\/msk.lodz.pl\/#website\"},\"primaryImageOfPage\":{\"@id\":\"http:\/\/msk.lodz.pl\/en\/polkolonie-zimowe-w-msk\/#primaryimage\"},\"image\":{\"@id\":\"http:\/\/msk.lodz.pl\/en\/polkolonie-zimowe-w-msk\/#primaryimage\"},\"thumbnailUrl\":\"https:\/\/msk.lodz.pl\/wp-content\/uploads\/2025\/01\/ferie-zima-msk.png\",\"datePublished\":\"2025-02-26T00:42:31+00:00\",\"dateModified\":\"2025-02-27T00:02:18+00:00\",\"breadcrumb\":{\"@id\":\"http:\/\/msk.lodz.pl\/en\/polkolonie-zimowe-w-msk\/#breadcrumb\"},\"inLanguage\":\"en-GB\",\"potentialAction\":[{\"@type\":\"ReadAction\",\"target\":[\"http:\/\/msk.lodz.pl\/en\/polkolonie-zimowe-w-msk\/\"]}]},{\"@type\":\"ImageObject\",\"inLanguage\":\"en-GB\",\"@id\":\"http:\/\/msk.lodz.pl\/en\/polkolonie-zimowe-w-msk\/#primaryimage\",\"url\":\"https:\/\/msk.lodz.pl\/wp-content\/uploads\/2025\/01\/ferie-zima-msk.png\",\"contentUrl\":\"https:\/\/msk.lodz.pl\/wp-content\/uploads\/2025\/01\/ferie-zima-msk.png\",\"width\":1024,\"height\":681},{\"@type\":\"BreadcrumbList\",\"@id\":\"http:\/\/msk.lodz.pl\/en\/polkolonie-zimowe-w-msk\/#breadcrumb\",\"itemListElement\":[{\"@type\":\"ListItem\",\"position\":1,\"name\":\"Strona g\u0142\u00f3wna\",\"item\":\"http:\/\/msk.lodz.pl\/en\/\"},{\"@type\":\"ListItem\",\"position\":2,\"name\":\"P\u00f3\u0142kolonie zimowe w MSK\"}]},{\"@type\":\"WebSite\",\"@id\":\"https:\/\/msk.lodz.pl\/#website\",\"url\":\"https:\/\/msk.lodz.pl\/\",\"name\":\"MSK - \u0141\u00f3d\u017a\",\"description\":\"\",\"publisher\":{\"@id\":\"https:\/\/msk.lodz.pl\/#organization\"},\"potentialAction\":[{\"@type\":\"SearchAction\",\"target\":{\"@type\":\"EntryPoint\",\"urlTemplate\":\"https:\/\/msk.lodz.pl\/?s={search_term_string}\"},\"query-input\":{\"@type\":\"PropertyValueSpecification\",\"valueRequired\":true,\"valueName\":\"search_term_string\"}}],\"inLanguage\":\"en-GB\"},{\"@type\":\"Organization\",\"@id\":\"https:\/\/msk.lodz.pl\/#organization\",\"name\":\"MSK - \u0141\u00f3d\u017a\",\"url\":\"https:\/\/msk.lodz.pl\/\",\"logo\":{\"@type\":\"ImageObject\",\"inLanguage\":\"en-GB\",\"@id\":\"https:\/\/msk.lodz.pl\/#\/schema\/logo\/image\/\",\"url\":\"https:\/\/msk.lodz.pl\/wp-content\/uploads\/2023\/04\/cropped-Fav_icon_MSK.png\",\"contentUrl\":\"https:\/\/msk.lodz.pl\/wp-content\/uploads\/2023\/04\/cropped-Fav_icon_MSK.png\",\"width\":512,\"height\":512,\"caption\":\"MSK - \u0141\u00f3d\u017a\"},\"image\":{\"@id\":\"https:\/\/msk.lodz.pl\/#\/schema\/logo\/image\/\"}},{\"@type\":\"Person\",\"@id\":\"https:\/\/msk.lodz.pl\/#\/schema\/person\/cffd6ce75eb48ce35df7076fa7a0512e\",\"name\":\"ola test roli uzytkownika\",\"image\":{\"@type\":\"ImageObject\",\"inLanguage\":\"en-GB\",\"@id\":\"https:\/\/msk.lodz.pl\/#\/schema\/person\/image\/\",\"url\":\"https:\/\/secure.gravatar.com\/avatar\/71d3e77f9bce51ec51e6c2a261588e6a5c0ce07befceafdde7dbe75517c0b10d?s=96&d=mm&r=g\",\"contentUrl\":\"https:\/\/secure.gravatar.com\/avatar\/71d3e77f9bce51ec51e6c2a261588e6a5c0ce07befceafdde7dbe75517c0b10d?s=96&d=mm&r=g\",\"caption\":\"ola test roli uzytkownika\"},\"url\":\"https:\/\/msk.lodz.pl\/en\/author\/ola-test-roli-uzytkownika\/\"}]}<\/script>\n<!-- \/ Yoast SEO plugin. -->","yoast_head_json":{"title":"P\u00f3\u0142kolonie zimowe w MSK - MSK","robots":{"index":"index","follow":"follow","max-snippet":"max-snippet:-1","max-image-preview":"max-image-preview:large","max-video-preview":"max-video-preview:-1"},"canonical":"http:\/\/msk.lodz.pl\/en\/polkolonie-zimowe-w-msk\/","og_locale":"en_GB","og_type":"article","og_title":"P\u00f3\u0142kolonie zimowe w MSK - MSK","og_description":"Zima w akcji: \u201eMisja Specjalna\u201d czeka na m\u0142odych agent\u00f3w w Miejskiej Strefie Kultury! Startujemy z zapisami na p\u00f3\u0142kolonie zimowe 2025 w Miejskiej Strefie Kultury w \u0141odzi! W kilkunastu lokalizacjach na terenie miasta dzieci i m\u0142odzie\u017c mog\u0105 do\u0142\u0105czy\u0107 do niezwyk\u0142ej przygody! Tegoroczne has\u0142o przewodnie to \u201eMisja Specjalna\u201d. Ka\u017cda z filii MSK stanie si\u0119 tajn\u0105 baz\u0105 operacyjn\u0105, [&hellip;]","og_url":"http:\/\/msk.lodz.pl\/en\/polkolonie-zimowe-w-msk\/","og_site_name":"MSK","article_published_time":"2025-02-26T00:42:31+00:00","article_modified_time":"2025-02-27T00:02:18+00:00","og_image":[{"width":1024,"height":681,"url":"https:\/\/msk.lodz.pl\/wp-content\/uploads\/2025\/01\/ferie-zima-msk.png","type":"image\/png"}],"author":"ola test roli uzytkownika","twitter_card":"summary_large_image","twitter_misc":{"Written by":"ola test roli uzytkownika","Estimated reading time":"1 minute"},"schema":{"@context":"https:\/\/schema.org","@graph":[{"@type":"Article","@id":"http:\/\/msk.lodz.pl\/en\/polkolonie-zimowe-w-msk\/#article","isPartOf":{"@id":"http:\/\/msk.lodz.pl\/en\/polkolonie-zimowe-w-msk\/"},"author":{"name":"ola test roli uzytkownika","@id":"https:\/\/msk.lodz.pl\/#\/schema\/person\/cffd6ce75eb48ce35df7076fa7a0512e"},"headline":"P\u00f3\u0142kolonie zimowe w MSK","datePublished":"2025-02-26T00:42:31+00:00","dateModified":"2025-02-27T00:02:18+00:00","mainEntityOfPage":{"@id":"http:\/\/msk.lodz.pl\/en\/polkolonie-zimowe-w-msk\/"},"wordCount":261,"publisher":{"@id":"https:\/\/msk.lodz.pl\/#organization"},"image":{"@id":"http:\/\/msk.lodz.pl\/en\/polkolonie-zimowe-w-msk\/#primaryimage"},"thumbnailUrl":"https:\/\/msk.lodz.pl\/wp-content\/uploads\/2025\/01\/ferie-zima-msk.png","articleSection":["Aktualno\u015bci","Aktualno\u015bci","Aktualno\u015bci","Aktualno\u015bci","Aktualno\u015bci","Aktualno\u015bci","Aktualno\u015bci","Aktualno\u015bci","Aktualno\u015bci","Aktualno\u015bci","Aktualno\u015bci","Aktualno\u015bci","Aktualno\u015bci","Aktualno\u015bci","Aktualno\u015bci","Aktualno\u015bci","MSK: Chojny","MSK: D\u0105browa","MSK: G\u00f3rna","MSK: Harnam","MSK: Karolew","MSK: Niciarniana","MSK: Olech\u00f3w","MSK: Polesie","MSK: Radogoszcz","MSK: Stare Polesie","MSK: Stary Widzew","MSK: Teofil\u00f3w","MSK: Widzew Wsch\u00f3d","MSK: \u017babieniec","MSK: \u017bubard\u017a","Strona g\u0142\u00f3wna"],"inLanguage":"en-GB"},{"@type":"WebPage","@id":"http:\/\/msk.lodz.pl\/en\/polkolonie-zimowe-w-msk\/","url":"http:\/\/msk.lodz.pl\/en\/polkolonie-zimowe-w-msk\/","name":"P\u00f3\u0142kolonie zimowe w MSK - MSK","isPartOf":{"@id":"https:\/\/msk.lodz.pl\/#website"},"primaryImageOfPage":{"@id":"http:\/\/msk.lodz.pl\/en\/polkolonie-zimowe-w-msk\/#primaryimage"},"image":{"@id":"http:\/\/msk.lodz.pl\/en\/polkolonie-zimowe-w-msk\/#primaryimage"},"thumbnailUrl":"https:\/\/msk.lodz.pl\/wp-content\/uploads\/2025\/01\/ferie-zima-msk.png","datePublished":"2025-02-26T00:42:31+00:00","dateModified":"2025-02-27T00:02:18+00:00","breadcrumb":{"@id":"http:\/\/msk.lodz.pl\/en\/polkolonie-zimowe-w-msk\/#breadcrumb"},"inLanguage":"en-GB","potentialAction":[{"@type":"ReadAction","target":["http:\/\/msk.lodz.pl\/en\/polkolonie-zimowe-w-msk\/"]}]},{"@type":"ImageObject","inLanguage":"en-GB","@id":"http:\/\/msk.lodz.pl\/en\/polkolonie-zimowe-w-msk\/#primaryimage","url":"https:\/\/msk.lodz.pl\/wp-content\/uploads\/2025\/01\/ferie-zima-msk.png","contentUrl":"https:\/\/msk.lodz.pl\/wp-content\/uploads\/2025\/01\/ferie-zima-msk.png","width":1024,"height":681},{"@type":"BreadcrumbList","@id":"http:\/\/msk.lodz.pl\/en\/polkolonie-zimowe-w-msk\/#breadcrumb","itemListElement":[{"@type":"ListItem","position":1,"name":"Strona g\u0142\u00f3wna","item":"http:\/\/msk.lodz.pl\/en\/"},{"@type":"ListItem","position":2,"name":"P\u00f3\u0142kolonie zimowe w MSK"}]},{"@type":"WebSite","@id":"https:\/\/msk.lodz.pl\/#website","url":"https:\/\/msk.lodz.pl\/","name":"MSK - \u0141\u00f3d\u017a","description":"","publisher":{"@id":"https:\/\/msk.lodz.pl\/#organization"},"potentialAction":[{"@type":"SearchAction","target":{"@type":"EntryPoint","urlTemplate":"https:\/\/msk.lodz.pl\/?s={search_term_string}"},"query-input":{"@type":"PropertyValueSpecification","valueRequired":true,"valueName":"search_term_string"}}],"inLanguage":"en-GB"},{"@type":"Organization","@id":"https:\/\/msk.lodz.pl\/#organization","name":"MSK - \u0141\u00f3d\u017a","url":"https:\/\/msk.lodz.pl\/","logo":{"@type":"ImageObject","inLanguage":"en-GB","@id":"https:\/\/msk.lodz.pl\/#\/schema\/logo\/image\/","url":"https:\/\/msk.lodz.pl\/wp-content\/uploads\/2023\/04\/cropped-Fav_icon_MSK.png","contentUrl":"https:\/\/msk.lodz.pl\/wp-content\/uploads\/2023\/04\/cropped-Fav_icon_MSK.png","width":512,"height":512,"caption":"MSK - \u0141\u00f3d\u017a"},"image":{"@id":"https:\/\/msk.lodz.pl\/#\/schema\/logo\/image\/"}},{"@type":"Person","@id":"https:\/\/msk.lodz.pl\/#\/schema\/person\/cffd6ce75eb48ce35df7076fa7a0512e","name":"ola test roli uzytkownika","image":{"@type":"ImageObject","inLanguage":"en-GB","@id":"https:\/\/msk.lodz.pl\/#\/schema\/person\/image\/","url":"https:\/\/secure.gravatar.com\/avatar\/71d3e77f9bce51ec51e6c2a261588e6a5c0ce07befceafdde7dbe75517c0b10d?s=96&d=mm&r=g","contentUrl":"https:\/\/secure.gravatar.com\/avatar\/71d3e77f9bce51ec51e6c2a261588e6a5c0ce07befceafdde7dbe75517c0b10d?s=96&d=mm&r=g","caption":"ola test roli uzytkownika"},"url":"https:\/\/msk.lodz.pl\/en\/author\/ola-test-roli-uzytkownika\/"}]}},"_links":{"self":[{"href":"https:\/\/msk.lodz.pl\/en\/wp-json\/wp\/v2\/posts\/78535","targetHints":{"allow":["GET"]}}],"collection":[{"href":"https:\/\/msk.lodz.pl\/en\/wp-json\/wp\/v2\/posts"}],"about":[{"href":"https:\/\/msk.lodz.pl\/en\/wp-json\/wp\/v2\/types\/post"}],"author":[{"embeddable":true,"href":"https:\/\/msk.lodz.pl\/en\/wp-json\/wp\/v2\/users\/35"}],"replies":[{"embeddable":true,"href":"https:\/\/msk.lodz.pl\/en\/wp-json\/wp\/v2\/comments?post=78535"}],"version-history":[{"count":0,"href":"https:\/\/msk.lodz.pl\/en\/wp-json\/wp\/v2\/posts\/78535\/revisions"}],"wp:featuredmedia":[{"embeddable":true,"href":"https:\/\/msk.lodz.pl\/en\/wp-json\/wp\/v2\/media\/78536"}],"wp:attachment":[{"href":"https:\/\/msk.lodz.pl\/en\/wp-json\/wp\/v2\/media?parent=78535"}],"wp:term":[{"taxonomy":"category","embeddable":true,"href":"https:\/\/msk.lodz.pl\/en\/wp-json\/wp\/v2\/categories?post=78535"},{"taxonomy":"post_tag","embeddable":true,"href":"https:\/\/msk.lodz.pl\/en\/wp-json\/wp\/v2\/tags?post=78535"}],"curies":[{"name":"wp","href":"https:\/\/api.w.org\/{rel}","templated":true}]}}