{"id":8112,"date":"2023-03-16T11:36:44","date_gmt":"2023-03-16T10:36:44","guid":{"rendered":"https:\/\/https:\/\/msk.lodz.pl\/?p=8112"},"modified":"2023-03-16T14:11:09","modified_gmt":"2023-03-16T13:11:09","slug":"msk-gorna-dawny-osrodek-kultury-gorna-2","status":"publish","type":"post","link":"https:\/\/msk.lodz.pl\/en\/msk-gorna-dawny-osrodek-kultury-gorna-2\/","title":{"rendered":"MSK: Teofil\u00f3w (dawne Centrum Tw\u00f3rczo\u015bci Lutnia)"},"content":{"rendered":"<ul class=\"has-medium-font-size wp-block-list\">\n<li><strong>Budynek przy ul. \u0141anowej 14 \u2013 Informacje og\u00f3lne:&nbsp;&nbsp;<\/strong><\/li>\n<\/ul>\n\n\n\n<p><\/p>\n\n\n\n<p class=\"has-medium-font-size\"> Sekretariat i punkt informacyjny znajduj\u0105 si\u0119 na parterze, na ko\u0144cu korytarza przed schodami po lewej stronie, w korytarzu, pok\u00f3j po prawej stronie. Aby doj\u015b\u0107 do sztani \u2013 po wej\u015bciu g\u0142\u00f3wnym wej\u015bciem dla go\u015bci nale\u017cy skr\u0119ci\u0107 w lewo. W korytarzu znajduj\u0105 si\u0119 informacje o dzia\u0142alno\u015bci O\u015brodka.&nbsp;Dla os\u00f3b na w\u00f3zkach dost\u0119pny jest korytarz i pomieszczenia na parterze. W budynku nie ma windy.&nbsp;&nbsp;Na parterze znajduje si\u0119 toaleta dla os\u00f3b niepe\u0142nosprawnych (na ko\u0144cu korytarza, po prawej stronie, przed schodami).&nbsp;<\/p>\n\n\n\n<ul class=\"has-medium-font-size wp-block-list\">\n<li><strong>Dost\u0119pno\u015b\u0107 wej\u015bcia do budynku<\/strong> <strong>przy ul. \u0141anowej 14:<\/strong><\/li>\n<\/ul>\n\n\n\n<p><\/p>\n\n\n\n<p class=\"has-medium-font-size\">Do budynku przy ul. \u0141anowej 14 prowadz\u0105 dwa wej\u015bcia znajduj\u0105ce si\u0119 na poziomie 0. Dla go\u015bci przeznaczone jest wej\u015bcie g\u0142\u00f3wne od strony ul. \u0141anowej. Przed budynkiem nie ma miejsc parkingowych dla os\u00f3b niepe\u0142nosprawnych.&nbsp;&nbsp;Podjazd dla w\u00f3zk\u00f3w inwalidzkich znajduje si\u0119 przed wej\u015bciem g\u0142\u00f3wnym dla go\u015bci.&nbsp;Do budynku i wszystkich jego pomieszcze\u0144 mo\u017cna wej\u015b\u0107 z psem asystuj\u0105cym i psem przewodnikiem. W budynku nie ma p\u0119tli indukcyjnych.&nbsp;&nbsp;W budynku nie ma oznacze\u0144 w alfabecie brajla ani oznacze\u0144 kontrastowych lub w druku powi\u0119kszonym dla os\u00f3b niewidomych i s\u0142abowidz\u0105cych.&nbsp;W sekretariacie nie ma mo\u017cliwo\u015bci skorzystania z t\u0142umacza polskiego j\u0119zyka migowego (PJM) online.&nbsp;<\/p>","protected":false},"excerpt":{"rendered":"<p>Sekretariat i punkt informacyjny znajduj\u0105 si\u0119 na parterze, na ko\u0144cu korytarza przed schodami po lewej stronie, w korytarzu, pok\u00f3j po prawej stronie. Aby doj\u015b\u0107 do sztani \u2013 po wej\u015bciu g\u0142\u00f3wnym wej\u015bciem dla go\u015bci nale\u017cy skr\u0119ci\u0107 w lewo. W korytarzu znajduj\u0105 si\u0119 informacje o dzia\u0142alno\u015bci O\u015brodka.&nbsp;Dla os\u00f3b na w\u00f3zkach dost\u0119pny jest korytarz i pomieszczenia na parterze. [&hellip;]<\/p>","protected":false},"author":3,"featured_media":0,"comment_status":"open","ping_status":"open","sticky":false,"template":"","format":"standard","meta":{"footnotes":""},"categories":[1],"tags":[],"class_list":["post-8112","post","type-post","status-publish","format-standard","hentry","category-nieprzypisane"],"yoast_head":"<!-- This site is optimized with the Yoast SEO plugin v26.5 - https:\/\/yoast.com\/wordpress\/plugins\/seo\/ -->\n<title>MSK: Teofil\u00f3w (dawne Centrum Tw\u00f3rczo\u015bci Lutnia) - MSK<\/title>\n<meta name=\"robots\" content=\"index, follow, max-snippet:-1, max-image-preview:large, max-video-preview:-1\" \/>\n<link rel=\"canonical\" href=\"https:\/\/msk.lodz.pl\/en\/msk-gorna-dawny-osrodek-kultury-gorna-2\/\" \/>\n<meta property=\"og:locale\" content=\"en_GB\" \/>\n<meta property=\"og:type\" content=\"article\" \/>\n<meta property=\"og:title\" content=\"MSK: Teofil\u00f3w (dawne Centrum Tw\u00f3rczo\u015bci Lutnia) - MSK\" \/>\n<meta property=\"og:description\" content=\"Sekretariat i punkt informacyjny znajduj\u0105 si\u0119 na parterze, na ko\u0144cu korytarza przed schodami po lewej stronie, w korytarzu, pok\u00f3j po prawej stronie. Aby doj\u015b\u0107 do sztani \u2013 po wej\u015bciu g\u0142\u00f3wnym wej\u015bciem dla go\u015bci nale\u017cy skr\u0119ci\u0107 w lewo. W korytarzu znajduj\u0105 si\u0119 informacje o dzia\u0142alno\u015bci O\u015brodka.&nbsp;Dla os\u00f3b na w\u00f3zkach dost\u0119pny jest korytarz i pomieszczenia na parterze. [&hellip;]\" \/>\n<meta property=\"og:url\" content=\"https:\/\/msk.lodz.pl\/en\/msk-gorna-dawny-osrodek-kultury-gorna-2\/\" \/>\n<meta property=\"og:site_name\" content=\"MSK\" \/>\n<meta property=\"article:published_time\" content=\"2023-03-16T10:36:44+00:00\" \/>\n<meta property=\"article:modified_time\" content=\"2023-03-16T13:11:09+00:00\" \/>\n<meta property=\"og:image\" content=\"https:\/\/msk.lodz.pl\/wp-content\/uploads\/2025\/12\/1.png\" \/>\n\t<meta property=\"og:image:width\" content=\"1413\" \/>\n\t<meta property=\"og:image:height\" content=\"779\" \/>\n\t<meta property=\"og:image:type\" content=\"image\/png\" \/>\n<meta name=\"author\" content=\"Aleksandra Sowa\" \/>\n<meta name=\"twitter:card\" content=\"summary_large_image\" \/>\n<meta name=\"twitter:label1\" content=\"Written by\" \/>\n\t<meta name=\"twitter:data1\" content=\"Aleksandra Sowa\" \/>\n\t<meta name=\"twitter:label2\" content=\"Estimated reading time\" \/>\n\t<meta name=\"twitter:data2\" content=\"1 minute\" \/>\n<script type=\"application\/ld+json\" class=\"yoast-schema-graph\">{\"@context\":\"https:\/\/schema.org\",\"@graph\":[{\"@type\":\"Article\",\"@id\":\"https:\/\/msk.lodz.pl\/msk-gorna-dawny-osrodek-kultury-gorna-2\/#article\",\"isPartOf\":{\"@id\":\"https:\/\/msk.lodz.pl\/msk-gorna-dawny-osrodek-kultury-gorna-2\/\"},\"author\":{\"name\":\"Aleksandra Sowa\",\"@id\":\"https:\/\/msk.lodz.pl\/#\/schema\/person\/7a397b10f9bac91b62bc4836aff6fed8\"},\"headline\":\"MSK: Teofil\u00f3w (dawne Centrum Tw\u00f3rczo\u015bci Lutnia)\",\"datePublished\":\"2023-03-16T10:36:44+00:00\",\"dateModified\":\"2023-03-16T13:11:09+00:00\",\"mainEntityOfPage\":{\"@id\":\"https:\/\/msk.lodz.pl\/msk-gorna-dawny-osrodek-kultury-gorna-2\/\"},\"wordCount\":249,\"commentCount\":0,\"publisher\":{\"@id\":\"https:\/\/msk.lodz.pl\/#organization\"},\"articleSection\":[\"Nie przypisane\"],\"inLanguage\":\"en-GB\",\"potentialAction\":[{\"@type\":\"CommentAction\",\"name\":\"Comment\",\"target\":[\"https:\/\/msk.lodz.pl\/msk-gorna-dawny-osrodek-kultury-gorna-2\/#respond\"]}]},{\"@type\":\"WebPage\",\"@id\":\"https:\/\/msk.lodz.pl\/msk-gorna-dawny-osrodek-kultury-gorna-2\/\",\"url\":\"https:\/\/msk.lodz.pl\/msk-gorna-dawny-osrodek-kultury-gorna-2\/\",\"name\":\"MSK: Teofil\u00f3w (dawne Centrum Tw\u00f3rczo\u015bci Lutnia) - MSK\",\"isPartOf\":{\"@id\":\"https:\/\/msk.lodz.pl\/#website\"},\"datePublished\":\"2023-03-16T10:36:44+00:00\",\"dateModified\":\"2023-03-16T13:11:09+00:00\",\"breadcrumb\":{\"@id\":\"https:\/\/msk.lodz.pl\/msk-gorna-dawny-osrodek-kultury-gorna-2\/#breadcrumb\"},\"inLanguage\":\"en-GB\",\"potentialAction\":[{\"@type\":\"ReadAction\",\"target\":[\"https:\/\/msk.lodz.pl\/msk-gorna-dawny-osrodek-kultury-gorna-2\/\"]}]},{\"@type\":\"BreadcrumbList\",\"@id\":\"https:\/\/msk.lodz.pl\/msk-gorna-dawny-osrodek-kultury-gorna-2\/#breadcrumb\",\"itemListElement\":[{\"@type\":\"ListItem\",\"position\":1,\"name\":\"Strona g\u0142\u00f3wna\",\"item\":\"http:\/\/msk.lodz.pl\/en\/\"},{\"@type\":\"ListItem\",\"position\":2,\"name\":\"MSK: Teofil\u00f3w (dawne Centrum Tw\u00f3rczo\u015bci Lutnia)\"}]},{\"@type\":\"WebSite\",\"@id\":\"https:\/\/msk.lodz.pl\/#website\",\"url\":\"https:\/\/msk.lodz.pl\/\",\"name\":\"MSK - \u0141\u00f3d\u017a\",\"description\":\"\",\"publisher\":{\"@id\":\"https:\/\/msk.lodz.pl\/#organization\"},\"potentialAction\":[{\"@type\":\"SearchAction\",\"target\":{\"@type\":\"EntryPoint\",\"urlTemplate\":\"https:\/\/msk.lodz.pl\/?s={search_term_string}\"},\"query-input\":{\"@type\":\"PropertyValueSpecification\",\"valueRequired\":true,\"valueName\":\"search_term_string\"}}],\"inLanguage\":\"en-GB\"},{\"@type\":\"Organization\",\"@id\":\"https:\/\/msk.lodz.pl\/#organization\",\"name\":\"MSK - \u0141\u00f3d\u017a\",\"url\":\"https:\/\/msk.lodz.pl\/\",\"logo\":{\"@type\":\"ImageObject\",\"inLanguage\":\"en-GB\",\"@id\":\"https:\/\/msk.lodz.pl\/#\/schema\/logo\/image\/\",\"url\":\"https:\/\/msk.lodz.pl\/wp-content\/uploads\/2023\/04\/cropped-Fav_icon_MSK.png\",\"contentUrl\":\"https:\/\/msk.lodz.pl\/wp-content\/uploads\/2023\/04\/cropped-Fav_icon_MSK.png\",\"width\":512,\"height\":512,\"caption\":\"MSK - \u0141\u00f3d\u017a\"},\"image\":{\"@id\":\"https:\/\/msk.lodz.pl\/#\/schema\/logo\/image\/\"}},{\"@type\":\"Person\",\"@id\":\"https:\/\/msk.lodz.pl\/#\/schema\/person\/7a397b10f9bac91b62bc4836aff6fed8\",\"name\":\"Aleksandra Sowa\",\"image\":{\"@type\":\"ImageObject\",\"inLanguage\":\"en-GB\",\"@id\":\"https:\/\/msk.lodz.pl\/#\/schema\/person\/image\/\",\"url\":\"https:\/\/secure.gravatar.com\/avatar\/7d16c1079266eae429b8725d6b8f490a80ccf7fbb4e3b6223f499aa34088ea85?s=96&d=mm&r=g\",\"contentUrl\":\"https:\/\/secure.gravatar.com\/avatar\/7d16c1079266eae429b8725d6b8f490a80ccf7fbb4e3b6223f499aa34088ea85?s=96&d=mm&r=g\",\"caption\":\"Aleksandra Sowa\"},\"url\":\"https:\/\/msk.lodz.pl\/en\/author\/a-sowa\/\"}]}<\/script>\n<!-- \/ Yoast SEO plugin. -->","yoast_head_json":{"title":"MSK: Teofil\u00f3w (dawne Centrum Tw\u00f3rczo\u015bci Lutnia) - MSK","robots":{"index":"index","follow":"follow","max-snippet":"max-snippet:-1","max-image-preview":"max-image-preview:large","max-video-preview":"max-video-preview:-1"},"canonical":"https:\/\/msk.lodz.pl\/en\/msk-gorna-dawny-osrodek-kultury-gorna-2\/","og_locale":"en_GB","og_type":"article","og_title":"MSK: Teofil\u00f3w (dawne Centrum Tw\u00f3rczo\u015bci Lutnia) - MSK","og_description":"Sekretariat i punkt informacyjny znajduj\u0105 si\u0119 na parterze, na ko\u0144cu korytarza przed schodami po lewej stronie, w korytarzu, pok\u00f3j po prawej stronie. Aby doj\u015b\u0107 do sztani \u2013 po wej\u015bciu g\u0142\u00f3wnym wej\u015bciem dla go\u015bci nale\u017cy skr\u0119ci\u0107 w lewo. W korytarzu znajduj\u0105 si\u0119 informacje o dzia\u0142alno\u015bci O\u015brodka.&nbsp;Dla os\u00f3b na w\u00f3zkach dost\u0119pny jest korytarz i pomieszczenia na parterze. [&hellip;]","og_url":"https:\/\/msk.lodz.pl\/en\/msk-gorna-dawny-osrodek-kultury-gorna-2\/","og_site_name":"MSK","article_published_time":"2023-03-16T10:36:44+00:00","article_modified_time":"2023-03-16T13:11:09+00:00","og_image":[{"width":1413,"height":779,"url":"https:\/\/msk.lodz.pl\/wp-content\/uploads\/2025\/12\/1.png","type":"image\/png"}],"author":"Aleksandra Sowa","twitter_card":"summary_large_image","twitter_misc":{"Written by":"Aleksandra Sowa","Estimated reading time":"1 minute"},"schema":{"@context":"https:\/\/schema.org","@graph":[{"@type":"Article","@id":"https:\/\/msk.lodz.pl\/msk-gorna-dawny-osrodek-kultury-gorna-2\/#article","isPartOf":{"@id":"https:\/\/msk.lodz.pl\/msk-gorna-dawny-osrodek-kultury-gorna-2\/"},"author":{"name":"Aleksandra Sowa","@id":"https:\/\/msk.lodz.pl\/#\/schema\/person\/7a397b10f9bac91b62bc4836aff6fed8"},"headline":"MSK: Teofil\u00f3w (dawne Centrum Tw\u00f3rczo\u015bci Lutnia)","datePublished":"2023-03-16T10:36:44+00:00","dateModified":"2023-03-16T13:11:09+00:00","mainEntityOfPage":{"@id":"https:\/\/msk.lodz.pl\/msk-gorna-dawny-osrodek-kultury-gorna-2\/"},"wordCount":249,"commentCount":0,"publisher":{"@id":"https:\/\/msk.lodz.pl\/#organization"},"articleSection":["Nie przypisane"],"inLanguage":"en-GB","potentialAction":[{"@type":"CommentAction","name":"Comment","target":["https:\/\/msk.lodz.pl\/msk-gorna-dawny-osrodek-kultury-gorna-2\/#respond"]}]},{"@type":"WebPage","@id":"https:\/\/msk.lodz.pl\/msk-gorna-dawny-osrodek-kultury-gorna-2\/","url":"https:\/\/msk.lodz.pl\/msk-gorna-dawny-osrodek-kultury-gorna-2\/","name":"MSK: Teofil\u00f3w (dawne Centrum Tw\u00f3rczo\u015bci Lutnia) - MSK","isPartOf":{"@id":"https:\/\/msk.lodz.pl\/#website"},"datePublished":"2023-03-16T10:36:44+00:00","dateModified":"2023-03-16T13:11:09+00:00","breadcrumb":{"@id":"https:\/\/msk.lodz.pl\/msk-gorna-dawny-osrodek-kultury-gorna-2\/#breadcrumb"},"inLanguage":"en-GB","potentialAction":[{"@type":"ReadAction","target":["https:\/\/msk.lodz.pl\/msk-gorna-dawny-osrodek-kultury-gorna-2\/"]}]},{"@type":"BreadcrumbList","@id":"https:\/\/msk.lodz.pl\/msk-gorna-dawny-osrodek-kultury-gorna-2\/#breadcrumb","itemListElement":[{"@type":"ListItem","position":1,"name":"Strona g\u0142\u00f3wna","item":"http:\/\/msk.lodz.pl\/en\/"},{"@type":"ListItem","position":2,"name":"MSK: Teofil\u00f3w (dawne Centrum Tw\u00f3rczo\u015bci Lutnia)"}]},{"@type":"WebSite","@id":"https:\/\/msk.lodz.pl\/#website","url":"https:\/\/msk.lodz.pl\/","name":"MSK - \u0141\u00f3d\u017a","description":"","publisher":{"@id":"https:\/\/msk.lodz.pl\/#organization"},"potentialAction":[{"@type":"SearchAction","target":{"@type":"EntryPoint","urlTemplate":"https:\/\/msk.lodz.pl\/?s={search_term_string}"},"query-input":{"@type":"PropertyValueSpecification","valueRequired":true,"valueName":"search_term_string"}}],"inLanguage":"en-GB"},{"@type":"Organization","@id":"https:\/\/msk.lodz.pl\/#organization","name":"MSK - \u0141\u00f3d\u017a","url":"https:\/\/msk.lodz.pl\/","logo":{"@type":"ImageObject","inLanguage":"en-GB","@id":"https:\/\/msk.lodz.pl\/#\/schema\/logo\/image\/","url":"https:\/\/msk.lodz.pl\/wp-content\/uploads\/2023\/04\/cropped-Fav_icon_MSK.png","contentUrl":"https:\/\/msk.lodz.pl\/wp-content\/uploads\/2023\/04\/cropped-Fav_icon_MSK.png","width":512,"height":512,"caption":"MSK - \u0141\u00f3d\u017a"},"image":{"@id":"https:\/\/msk.lodz.pl\/#\/schema\/logo\/image\/"}},{"@type":"Person","@id":"https:\/\/msk.lodz.pl\/#\/schema\/person\/7a397b10f9bac91b62bc4836aff6fed8","name":"Aleksandra Sowa","image":{"@type":"ImageObject","inLanguage":"en-GB","@id":"https:\/\/msk.lodz.pl\/#\/schema\/person\/image\/","url":"https:\/\/secure.gravatar.com\/avatar\/7d16c1079266eae429b8725d6b8f490a80ccf7fbb4e3b6223f499aa34088ea85?s=96&d=mm&r=g","contentUrl":"https:\/\/secure.gravatar.com\/avatar\/7d16c1079266eae429b8725d6b8f490a80ccf7fbb4e3b6223f499aa34088ea85?s=96&d=mm&r=g","caption":"Aleksandra Sowa"},"url":"https:\/\/msk.lodz.pl\/en\/author\/a-sowa\/"}]}},"_links":{"self":[{"href":"https:\/\/msk.lodz.pl\/en\/wp-json\/wp\/v2\/posts\/8112","targetHints":{"allow":["GET"]}}],"collection":[{"href":"https:\/\/msk.lodz.pl\/en\/wp-json\/wp\/v2\/posts"}],"about":[{"href":"https:\/\/msk.lodz.pl\/en\/wp-json\/wp\/v2\/types\/post"}],"author":[{"embeddable":true,"href":"https:\/\/msk.lodz.pl\/en\/wp-json\/wp\/v2\/users\/3"}],"replies":[{"embeddable":true,"href":"https:\/\/msk.lodz.pl\/en\/wp-json\/wp\/v2\/comments?post=8112"}],"version-history":[{"count":0,"href":"https:\/\/msk.lodz.pl\/en\/wp-json\/wp\/v2\/posts\/8112\/revisions"}],"wp:attachment":[{"href":"https:\/\/msk.lodz.pl\/en\/wp-json\/wp\/v2\/media?parent=8112"}],"wp:term":[{"taxonomy":"category","embeddable":true,"href":"https:\/\/msk.lodz.pl\/en\/wp-json\/wp\/v2\/categories?post=8112"},{"taxonomy":"post_tag","embeddable":true,"href":"https:\/\/msk.lodz.pl\/en\/wp-json\/wp\/v2\/tags?post=8112"}],"curies":[{"name":"wp","href":"https:\/\/api.w.org\/{rel}","templated":true}]}}