{"id":82478,"date":"2025-01-31T13:27:18","date_gmt":"2025-01-31T12:27:18","guid":{"rendered":"https:\/\/msk.lodz.pl\/?p=82478"},"modified":"2025-01-31T13:41:14","modified_gmt":"2025-01-31T12:41:14","slug":"obrot-ku-korzeniom","status":"publish","type":"post","link":"https:\/\/msk.lodz.pl\/en\/obrot-ku-korzeniom\/","title":{"rendered":"Obr\u00f3t ku korzeniom"},"content":{"rendered":"<p class=\"has-medium-font-size\">Odk\u0105d pami\u0119tam, taniec by\u0142 cz\u0119\u015bci\u0105 mojego \u017cycia. Mia\u0142em zaledwie siedem lat, gdy po raz pierwszy za\u0142o\u017cy\u0142em ludowy str\u00f3j i stan\u0105\u0142em na scenie. Nie wiedzia\u0142em wtedy, \u017ce ta decyzja otworzy przede mn\u0105 drzwi do niezwyk\u0142ej przygody \u2013 podr\u00f3\u017cy przez muzyk\u0119, tradycj\u0119 i kultur\u0119, kt\u00f3re na zawsze mnie ukszta\u0142towa\u0142y.<\/p>\n\n\n\n<p class=\"has-medium-font-size\">Dzi\u0119ki zespo\u0142owi pozna\u0142em wspania\u0142ych ludzi \u2013 przyjaci\u00f3\u0142, kt\u00f3rzy stali si\u0119 jak druga rodzina. Ka\u017cdy wsp\u00f3lny wyst\u0119p, ka\u017cda podr\u00f3\u017c i ka\u017cda pr\u00f3ba by\u0142y nie tylko nauk\u0105 ta\u0144ca, ale przede wszystkim lekcj\u0105 \u017cycia. Z czasem folklor sta\u0142 si\u0119 moj\u0105 pasj\u0105 \u2013 nie tylko taniec, ale te\u017c muzyka ludowa, obrz\u0119dy i tradycje, kt\u00f3re tworz\u0105 niezwyk\u0142\u0105 mozaik\u0119 naszej kultury.<\/p>\n\n\n\n<p class=\"has-medium-font-size\">Ta pasja zaprowadzi\u0142a mnie daleko \u2013 dos\u0142ownie i w przeno\u015bni. Dzi\u0119ki zespo\u0142owi odwiedzi\u0142em ponad 56 kraj\u00f3w, poznaj\u0105c ludzi, kt\u00f3rzy dziel\u0105 podobn\u0105 mi\u0142o\u015b\u0107 do folkloru i dziedzictwa swoich narod\u00f3w. Ka\u017cde spotkanie, ka\u017cdy festiwal, ka\u017cda wsp\u00f3lna chwila by\u0142a dowodem na to, \u017ce taniec i muzyka potrafi\u0105 \u0142\u0105czy\u0107 ludzi ponad granicami.<\/p>\n\n\n\n<p class=\"has-medium-font-size\">Dzi\u015b, po wielu latach, chc\u0119 podzieli\u0107 si\u0119 filmem, kt\u00f3ry opowiada o tej niezwyk\u0142ej podr\u00f3\u017cy \u2013 o rado\u015bci ta\u0144ca, magii tradycji i wdzi\u0119czno\u015bci wobec tych, kt\u00f3rzy byli cz\u0119\u015bci\u0105 tej historii.<\/p>\n\n\n\n<p class=\"has-medium-font-size\">Sarnik Piotr<\/p>\n\n\n\n<div style=\"height:60px\" aria-hidden=\"true\" class=\"wp-block-spacer\"><\/div>\n\n\n\n<figure class=\"wp-block-embed is-type-video is-provider-youtube wp-block-embed-youtube wp-embed-aspect-16-9 wp-has-aspect-ratio\"><div class=\"wp-block-embed__wrapper\">\n<iframe title=\"Obr\u00f3t ku korzeniom\" width=\"800\" height=\"450\" data-src=\"https:\/\/www.youtube.com\/embed\/aSmgJiP-eDM?feature=oembed\" frameborder=\"0\" allow=\"accelerometer; autoplay; clipboard-write; encrypted-media; gyroscope; picture-in-picture; web-share\" referrerpolicy=\"strict-origin-when-cross-origin\" allowfullscreen src=\"data:image\/gif;base64,R0lGODlhAQABAAAAACH5BAEKAAEALAAAAAABAAEAAAICTAEAOw==\" class=\"lazyload\" data-load-mode=\"1\"><\/iframe>\n<\/div><\/figure>\n\n\n\n<p style=\"font-size:15px\">The video was created during the Cinema Paradiso training course organized by Asociacion Cultural L`Ayalguina, co-funded by the European Union and the Erasmus+ Programme.<\/p>\n\n\n\n<div style=\"height:25px\" aria-hidden=\"true\" class=\"wp-block-spacer\"><\/div>\n\n\n\n<p><strong><a href=\"https:\/\/www.instagram.com\/yeuropaproject\/\">Yeuropa Project<\/a><\/strong><\/p>\n\n\n\n<p><strong><a href=\"https:\/\/www.ayalguina.com\/\">Asociaci\u00f3n Cultural L\u2019Ayalguina<\/a><\/strong><\/p>\n\n\n\n<div style=\"height:30px\" aria-hidden=\"true\" class=\"wp-block-spacer\"><\/div>\n\n\n\n<figure class=\"wp-block-image size-full is-resized\"><img fetchpriority=\"high\" decoding=\"async\" width=\"250\" height=\"250\" src=\"https:\/\/msk.lodz.pl\/wp-content\/uploads\/2025\/01\/logo-2.png\" alt=\"\" class=\"wp-image-82481\" style=\"width:195px;height:auto\" srcset=\"https:\/\/msk.lodz.pl\/wp-content\/uploads\/2025\/01\/logo-2.png 250w, https:\/\/msk.lodz.pl\/wp-content\/uploads\/2025\/01\/logo-2-150x150.png 150w, https:\/\/msk.lodz.pl\/wp-content\/uploads\/2025\/01\/logo-2-12x12.png 12w, https:\/\/msk.lodz.pl\/wp-content\/uploads\/2025\/01\/logo-2-100x100.png 100w\" sizes=\"(max-width: 250px) 100vw, 250px\" \/><\/figure>\n\n\n\n<figure class=\"wp-block-image size-full\"><img decoding=\"async\" width=\"250\" height=\"250\" data-src=\"https:\/\/msk.lodz.pl\/wp-content\/uploads\/2025\/01\/logo-3.png\" alt=\"\" class=\"wp-image-82482 lazyload\" data-srcset=\"https:\/\/msk.lodz.pl\/wp-content\/uploads\/2025\/01\/logo-3.png 250w, https:\/\/msk.lodz.pl\/wp-content\/uploads\/2025\/01\/logo-3-150x150.png 150w, https:\/\/msk.lodz.pl\/wp-content\/uploads\/2025\/01\/logo-3-12x12.png 12w, https:\/\/msk.lodz.pl\/wp-content\/uploads\/2025\/01\/logo-3-100x100.png 100w\" data-sizes=\"(max-width: 250px) 100vw, 250px\" src=\"data:image\/gif;base64,R0lGODlhAQABAAAAACH5BAEKAAEALAAAAAABAAEAAAICTAEAOw==\" style=\"--smush-placeholder-width: 250px; --smush-placeholder-aspect-ratio: 250\/250;\" \/><noscript><img decoding=\"async\" width=\"250\" height=\"250\" src=\"https:\/\/msk.lodz.pl\/wp-content\/uploads\/2025\/01\/logo-3.png\" alt=\"\" class=\"wp-image-82482\" srcset=\"https:\/\/msk.lodz.pl\/wp-content\/uploads\/2025\/01\/logo-3.png 250w, https:\/\/msk.lodz.pl\/wp-content\/uploads\/2025\/01\/logo-3-150x150.png 150w, https:\/\/msk.lodz.pl\/wp-content\/uploads\/2025\/01\/logo-3-12x12.png 12w, https:\/\/msk.lodz.pl\/wp-content\/uploads\/2025\/01\/logo-3-100x100.png 100w\" sizes=\"(max-width: 250px) 100vw, 250px\" \/><\/noscript><\/figure>\n\n\n\n<figure class=\"wp-block-image size-full is-resized\"><img decoding=\"async\" width=\"250\" height=\"250\" data-src=\"https:\/\/msk.lodz.pl\/wp-content\/uploads\/2025\/01\/logo-1.png\" alt=\"\" class=\"wp-image-82483 lazyload\" style=\"--smush-placeholder-width: 250px; --smush-placeholder-aspect-ratio: 250\/250;width:210px;height:auto\" data-srcset=\"https:\/\/msk.lodz.pl\/wp-content\/uploads\/2025\/01\/logo-1.png 250w, https:\/\/msk.lodz.pl\/wp-content\/uploads\/2025\/01\/logo-1-150x150.png 150w, https:\/\/msk.lodz.pl\/wp-content\/uploads\/2025\/01\/logo-1-12x12.png 12w, https:\/\/msk.lodz.pl\/wp-content\/uploads\/2025\/01\/logo-1-100x100.png 100w\" data-sizes=\"(max-width: 250px) 100vw, 250px\" src=\"data:image\/gif;base64,R0lGODlhAQABAAAAACH5BAEKAAEALAAAAAABAAEAAAICTAEAOw==\" \/><noscript><img decoding=\"async\" width=\"250\" height=\"250\" src=\"https:\/\/msk.lodz.pl\/wp-content\/uploads\/2025\/01\/logo-1.png\" alt=\"\" class=\"wp-image-82483\" style=\"width:210px;height:auto\" srcset=\"https:\/\/msk.lodz.pl\/wp-content\/uploads\/2025\/01\/logo-1.png 250w, https:\/\/msk.lodz.pl\/wp-content\/uploads\/2025\/01\/logo-1-150x150.png 150w, https:\/\/msk.lodz.pl\/wp-content\/uploads\/2025\/01\/logo-1-12x12.png 12w, https:\/\/msk.lodz.pl\/wp-content\/uploads\/2025\/01\/logo-1-100x100.png 100w\" sizes=\"(max-width: 250px) 100vw, 250px\" \/><\/noscript><\/figure>","protected":false},"excerpt":{"rendered":"<p>Odk\u0105d pami\u0119tam, taniec by\u0142 cz\u0119\u015bci\u0105 mojego \u017cycia. Mia\u0142em zaledwie siedem lat, gdy po raz pierwszy za\u0142o\u017cy\u0142em ludowy str\u00f3j i stan\u0105\u0142em na scenie. Nie wiedzia\u0142em wtedy, \u017ce ta decyzja otworzy przede mn\u0105 drzwi do niezwyk\u0142ej przygody \u2013 podr\u00f3\u017cy przez muzyk\u0119, tradycj\u0119 i kultur\u0119, kt\u00f3re na zawsze mnie ukszta\u0142towa\u0142y. Dzi\u0119ki zespo\u0142owi pozna\u0142em wspania\u0142ych ludzi \u2013 przyjaci\u00f3\u0142, kt\u00f3rzy [&hellip;]<\/p>","protected":false},"author":35,"featured_media":82486,"comment_status":"closed","ping_status":"","sticky":false,"template":"","format":"standard","meta":{"footnotes":""},"categories":[1],"tags":[],"class_list":["post-82478","post","type-post","status-publish","format-standard","has-post-thumbnail","hentry","category-nieprzypisane"],"yoast_head":"<!-- This site is optimized with the Yoast SEO plugin v26.5 - https:\/\/yoast.com\/wordpress\/plugins\/seo\/ -->\n<title>Obr\u00f3t ku korzeniom - MSK<\/title>\n<meta name=\"robots\" content=\"index, follow, max-snippet:-1, max-image-preview:large, max-video-preview:-1\" \/>\n<link rel=\"canonical\" href=\"https:\/\/msk.lodz.pl\/en\/obrot-ku-korzeniom\/\" \/>\n<meta property=\"og:locale\" content=\"en_GB\" \/>\n<meta property=\"og:type\" content=\"article\" \/>\n<meta property=\"og:title\" content=\"Obr\u00f3t ku korzeniom - MSK\" \/>\n<meta property=\"og:description\" content=\"Odk\u0105d pami\u0119tam, taniec by\u0142 cz\u0119\u015bci\u0105 mojego \u017cycia. Mia\u0142em zaledwie siedem lat, gdy po raz pierwszy za\u0142o\u017cy\u0142em ludowy str\u00f3j i stan\u0105\u0142em na scenie. Nie wiedzia\u0142em wtedy, \u017ce ta decyzja otworzy przede mn\u0105 drzwi do niezwyk\u0142ej przygody \u2013 podr\u00f3\u017cy przez muzyk\u0119, tradycj\u0119 i kultur\u0119, kt\u00f3re na zawsze mnie ukszta\u0142towa\u0142y. Dzi\u0119ki zespo\u0142owi pozna\u0142em wspania\u0142ych ludzi \u2013 przyjaci\u00f3\u0142, kt\u00f3rzy [&hellip;]\" \/>\n<meta property=\"og:url\" content=\"https:\/\/msk.lodz.pl\/en\/obrot-ku-korzeniom\/\" \/>\n<meta property=\"og:site_name\" content=\"MSK\" \/>\n<meta property=\"article:published_time\" content=\"2025-01-31T12:27:18+00:00\" \/>\n<meta property=\"article:modified_time\" content=\"2025-01-31T12:41:14+00:00\" \/>\n<meta property=\"og:image\" content=\"https:\/\/msk.lodz.pl\/wp-content\/uploads\/2025\/01\/469370697_1132147052254207_2436256530872550222_n.jpg\" \/>\n\t<meta property=\"og:image:width\" content=\"2048\" \/>\n\t<meta property=\"og:image:height\" content=\"1365\" \/>\n\t<meta property=\"og:image:type\" content=\"image\/jpeg\" \/>\n<meta name=\"author\" content=\"ola test roli uzytkownika\" \/>\n<meta name=\"twitter:card\" content=\"summary_large_image\" \/>\n<meta name=\"twitter:label1\" content=\"Written by\" \/>\n\t<meta name=\"twitter:data1\" content=\"ola test roli uzytkownika\" \/>\n\t<meta name=\"twitter:label2\" content=\"Estimated reading time\" \/>\n\t<meta name=\"twitter:data2\" content=\"1 minute\" \/>\n<script type=\"application\/ld+json\" class=\"yoast-schema-graph\">{\"@context\":\"https:\/\/schema.org\",\"@graph\":[{\"@type\":\"Article\",\"@id\":\"https:\/\/msk.lodz.pl\/obrot-ku-korzeniom\/#article\",\"isPartOf\":{\"@id\":\"https:\/\/msk.lodz.pl\/obrot-ku-korzeniom\/\"},\"author\":{\"name\":\"ola test roli uzytkownika\",\"@id\":\"https:\/\/msk.lodz.pl\/#\/schema\/person\/cffd6ce75eb48ce35df7076fa7a0512e\"},\"headline\":\"Obr\u00f3t ku korzeniom\",\"datePublished\":\"2025-01-31T12:27:18+00:00\",\"dateModified\":\"2025-01-31T12:41:14+00:00\",\"mainEntityOfPage\":{\"@id\":\"https:\/\/msk.lodz.pl\/obrot-ku-korzeniom\/\"},\"wordCount\":270,\"publisher\":{\"@id\":\"https:\/\/msk.lodz.pl\/#organization\"},\"image\":{\"@id\":\"https:\/\/msk.lodz.pl\/obrot-ku-korzeniom\/#primaryimage\"},\"thumbnailUrl\":\"https:\/\/msk.lodz.pl\/wp-content\/uploads\/2025\/01\/469370697_1132147052254207_2436256530872550222_n.jpg\",\"articleSection\":[\"Nie przypisane\"],\"inLanguage\":\"en-GB\"},{\"@type\":\"WebPage\",\"@id\":\"https:\/\/msk.lodz.pl\/obrot-ku-korzeniom\/\",\"url\":\"https:\/\/msk.lodz.pl\/obrot-ku-korzeniom\/\",\"name\":\"Obr\u00f3t ku korzeniom - MSK\",\"isPartOf\":{\"@id\":\"https:\/\/msk.lodz.pl\/#website\"},\"primaryImageOfPage\":{\"@id\":\"https:\/\/msk.lodz.pl\/obrot-ku-korzeniom\/#primaryimage\"},\"image\":{\"@id\":\"https:\/\/msk.lodz.pl\/obrot-ku-korzeniom\/#primaryimage\"},\"thumbnailUrl\":\"https:\/\/msk.lodz.pl\/wp-content\/uploads\/2025\/01\/469370697_1132147052254207_2436256530872550222_n.jpg\",\"datePublished\":\"2025-01-31T12:27:18+00:00\",\"dateModified\":\"2025-01-31T12:41:14+00:00\",\"breadcrumb\":{\"@id\":\"https:\/\/msk.lodz.pl\/obrot-ku-korzeniom\/#breadcrumb\"},\"inLanguage\":\"en-GB\",\"potentialAction\":[{\"@type\":\"ReadAction\",\"target\":[\"https:\/\/msk.lodz.pl\/obrot-ku-korzeniom\/\"]}]},{\"@type\":\"ImageObject\",\"inLanguage\":\"en-GB\",\"@id\":\"https:\/\/msk.lodz.pl\/obrot-ku-korzeniom\/#primaryimage\",\"url\":\"https:\/\/msk.lodz.pl\/wp-content\/uploads\/2025\/01\/469370697_1132147052254207_2436256530872550222_n.jpg\",\"contentUrl\":\"https:\/\/msk.lodz.pl\/wp-content\/uploads\/2025\/01\/469370697_1132147052254207_2436256530872550222_n.jpg\",\"width\":2048,\"height\":1365},{\"@type\":\"BreadcrumbList\",\"@id\":\"https:\/\/msk.lodz.pl\/obrot-ku-korzeniom\/#breadcrumb\",\"itemListElement\":[{\"@type\":\"ListItem\",\"position\":1,\"name\":\"Strona g\u0142\u00f3wna\",\"item\":\"http:\/\/msk.lodz.pl\/en\/\"},{\"@type\":\"ListItem\",\"position\":2,\"name\":\"Obr\u00f3t ku korzeniom\"}]},{\"@type\":\"WebSite\",\"@id\":\"https:\/\/msk.lodz.pl\/#website\",\"url\":\"https:\/\/msk.lodz.pl\/\",\"name\":\"MSK - \u0141\u00f3d\u017a\",\"description\":\"\",\"publisher\":{\"@id\":\"https:\/\/msk.lodz.pl\/#organization\"},\"potentialAction\":[{\"@type\":\"SearchAction\",\"target\":{\"@type\":\"EntryPoint\",\"urlTemplate\":\"https:\/\/msk.lodz.pl\/?s={search_term_string}\"},\"query-input\":{\"@type\":\"PropertyValueSpecification\",\"valueRequired\":true,\"valueName\":\"search_term_string\"}}],\"inLanguage\":\"en-GB\"},{\"@type\":\"Organization\",\"@id\":\"https:\/\/msk.lodz.pl\/#organization\",\"name\":\"MSK - \u0141\u00f3d\u017a\",\"url\":\"https:\/\/msk.lodz.pl\/\",\"logo\":{\"@type\":\"ImageObject\",\"inLanguage\":\"en-GB\",\"@id\":\"https:\/\/msk.lodz.pl\/#\/schema\/logo\/image\/\",\"url\":\"https:\/\/msk.lodz.pl\/wp-content\/uploads\/2023\/04\/cropped-Fav_icon_MSK.png\",\"contentUrl\":\"https:\/\/msk.lodz.pl\/wp-content\/uploads\/2023\/04\/cropped-Fav_icon_MSK.png\",\"width\":512,\"height\":512,\"caption\":\"MSK - \u0141\u00f3d\u017a\"},\"image\":{\"@id\":\"https:\/\/msk.lodz.pl\/#\/schema\/logo\/image\/\"}},{\"@type\":\"Person\",\"@id\":\"https:\/\/msk.lodz.pl\/#\/schema\/person\/cffd6ce75eb48ce35df7076fa7a0512e\",\"name\":\"ola test roli uzytkownika\",\"image\":{\"@type\":\"ImageObject\",\"inLanguage\":\"en-GB\",\"@id\":\"https:\/\/msk.lodz.pl\/#\/schema\/person\/image\/\",\"url\":\"https:\/\/secure.gravatar.com\/avatar\/71d3e77f9bce51ec51e6c2a261588e6a5c0ce07befceafdde7dbe75517c0b10d?s=96&d=mm&r=g\",\"contentUrl\":\"https:\/\/secure.gravatar.com\/avatar\/71d3e77f9bce51ec51e6c2a261588e6a5c0ce07befceafdde7dbe75517c0b10d?s=96&d=mm&r=g\",\"caption\":\"ola test roli uzytkownika\"},\"url\":\"https:\/\/msk.lodz.pl\/en\/author\/ola-test-roli-uzytkownika\/\"}]}<\/script>\n<!-- \/ Yoast SEO plugin. -->","yoast_head_json":{"title":"Obr\u00f3t ku korzeniom - MSK","robots":{"index":"index","follow":"follow","max-snippet":"max-snippet:-1","max-image-preview":"max-image-preview:large","max-video-preview":"max-video-preview:-1"},"canonical":"https:\/\/msk.lodz.pl\/en\/obrot-ku-korzeniom\/","og_locale":"en_GB","og_type":"article","og_title":"Obr\u00f3t ku korzeniom - MSK","og_description":"Odk\u0105d pami\u0119tam, taniec by\u0142 cz\u0119\u015bci\u0105 mojego \u017cycia. Mia\u0142em zaledwie siedem lat, gdy po raz pierwszy za\u0142o\u017cy\u0142em ludowy str\u00f3j i stan\u0105\u0142em na scenie. Nie wiedzia\u0142em wtedy, \u017ce ta decyzja otworzy przede mn\u0105 drzwi do niezwyk\u0142ej przygody \u2013 podr\u00f3\u017cy przez muzyk\u0119, tradycj\u0119 i kultur\u0119, kt\u00f3re na zawsze mnie ukszta\u0142towa\u0142y. Dzi\u0119ki zespo\u0142owi pozna\u0142em wspania\u0142ych ludzi \u2013 przyjaci\u00f3\u0142, kt\u00f3rzy [&hellip;]","og_url":"https:\/\/msk.lodz.pl\/en\/obrot-ku-korzeniom\/","og_site_name":"MSK","article_published_time":"2025-01-31T12:27:18+00:00","article_modified_time":"2025-01-31T12:41:14+00:00","og_image":[{"width":2048,"height":1365,"url":"https:\/\/msk.lodz.pl\/wp-content\/uploads\/2025\/01\/469370697_1132147052254207_2436256530872550222_n.jpg","type":"image\/jpeg"}],"author":"ola test roli uzytkownika","twitter_card":"summary_large_image","twitter_misc":{"Written by":"ola test roli uzytkownika","Estimated reading time":"1 minute"},"schema":{"@context":"https:\/\/schema.org","@graph":[{"@type":"Article","@id":"https:\/\/msk.lodz.pl\/obrot-ku-korzeniom\/#article","isPartOf":{"@id":"https:\/\/msk.lodz.pl\/obrot-ku-korzeniom\/"},"author":{"name":"ola test roli uzytkownika","@id":"https:\/\/msk.lodz.pl\/#\/schema\/person\/cffd6ce75eb48ce35df7076fa7a0512e"},"headline":"Obr\u00f3t ku korzeniom","datePublished":"2025-01-31T12:27:18+00:00","dateModified":"2025-01-31T12:41:14+00:00","mainEntityOfPage":{"@id":"https:\/\/msk.lodz.pl\/obrot-ku-korzeniom\/"},"wordCount":270,"publisher":{"@id":"https:\/\/msk.lodz.pl\/#organization"},"image":{"@id":"https:\/\/msk.lodz.pl\/obrot-ku-korzeniom\/#primaryimage"},"thumbnailUrl":"https:\/\/msk.lodz.pl\/wp-content\/uploads\/2025\/01\/469370697_1132147052254207_2436256530872550222_n.jpg","articleSection":["Nie przypisane"],"inLanguage":"en-GB"},{"@type":"WebPage","@id":"https:\/\/msk.lodz.pl\/obrot-ku-korzeniom\/","url":"https:\/\/msk.lodz.pl\/obrot-ku-korzeniom\/","name":"Obr\u00f3t ku korzeniom - MSK","isPartOf":{"@id":"https:\/\/msk.lodz.pl\/#website"},"primaryImageOfPage":{"@id":"https:\/\/msk.lodz.pl\/obrot-ku-korzeniom\/#primaryimage"},"image":{"@id":"https:\/\/msk.lodz.pl\/obrot-ku-korzeniom\/#primaryimage"},"thumbnailUrl":"https:\/\/msk.lodz.pl\/wp-content\/uploads\/2025\/01\/469370697_1132147052254207_2436256530872550222_n.jpg","datePublished":"2025-01-31T12:27:18+00:00","dateModified":"2025-01-31T12:41:14+00:00","breadcrumb":{"@id":"https:\/\/msk.lodz.pl\/obrot-ku-korzeniom\/#breadcrumb"},"inLanguage":"en-GB","potentialAction":[{"@type":"ReadAction","target":["https:\/\/msk.lodz.pl\/obrot-ku-korzeniom\/"]}]},{"@type":"ImageObject","inLanguage":"en-GB","@id":"https:\/\/msk.lodz.pl\/obrot-ku-korzeniom\/#primaryimage","url":"https:\/\/msk.lodz.pl\/wp-content\/uploads\/2025\/01\/469370697_1132147052254207_2436256530872550222_n.jpg","contentUrl":"https:\/\/msk.lodz.pl\/wp-content\/uploads\/2025\/01\/469370697_1132147052254207_2436256530872550222_n.jpg","width":2048,"height":1365},{"@type":"BreadcrumbList","@id":"https:\/\/msk.lodz.pl\/obrot-ku-korzeniom\/#breadcrumb","itemListElement":[{"@type":"ListItem","position":1,"name":"Strona g\u0142\u00f3wna","item":"http:\/\/msk.lodz.pl\/en\/"},{"@type":"ListItem","position":2,"name":"Obr\u00f3t ku korzeniom"}]},{"@type":"WebSite","@id":"https:\/\/msk.lodz.pl\/#website","url":"https:\/\/msk.lodz.pl\/","name":"MSK - \u0141\u00f3d\u017a","description":"","publisher":{"@id":"https:\/\/msk.lodz.pl\/#organization"},"potentialAction":[{"@type":"SearchAction","target":{"@type":"EntryPoint","urlTemplate":"https:\/\/msk.lodz.pl\/?s={search_term_string}"},"query-input":{"@type":"PropertyValueSpecification","valueRequired":true,"valueName":"search_term_string"}}],"inLanguage":"en-GB"},{"@type":"Organization","@id":"https:\/\/msk.lodz.pl\/#organization","name":"MSK - \u0141\u00f3d\u017a","url":"https:\/\/msk.lodz.pl\/","logo":{"@type":"ImageObject","inLanguage":"en-GB","@id":"https:\/\/msk.lodz.pl\/#\/schema\/logo\/image\/","url":"https:\/\/msk.lodz.pl\/wp-content\/uploads\/2023\/04\/cropped-Fav_icon_MSK.png","contentUrl":"https:\/\/msk.lodz.pl\/wp-content\/uploads\/2023\/04\/cropped-Fav_icon_MSK.png","width":512,"height":512,"caption":"MSK - \u0141\u00f3d\u017a"},"image":{"@id":"https:\/\/msk.lodz.pl\/#\/schema\/logo\/image\/"}},{"@type":"Person","@id":"https:\/\/msk.lodz.pl\/#\/schema\/person\/cffd6ce75eb48ce35df7076fa7a0512e","name":"ola test roli uzytkownika","image":{"@type":"ImageObject","inLanguage":"en-GB","@id":"https:\/\/msk.lodz.pl\/#\/schema\/person\/image\/","url":"https:\/\/secure.gravatar.com\/avatar\/71d3e77f9bce51ec51e6c2a261588e6a5c0ce07befceafdde7dbe75517c0b10d?s=96&d=mm&r=g","contentUrl":"https:\/\/secure.gravatar.com\/avatar\/71d3e77f9bce51ec51e6c2a261588e6a5c0ce07befceafdde7dbe75517c0b10d?s=96&d=mm&r=g","caption":"ola test roli uzytkownika"},"url":"https:\/\/msk.lodz.pl\/en\/author\/ola-test-roli-uzytkownika\/"}]}},"_links":{"self":[{"href":"https:\/\/msk.lodz.pl\/en\/wp-json\/wp\/v2\/posts\/82478","targetHints":{"allow":["GET"]}}],"collection":[{"href":"https:\/\/msk.lodz.pl\/en\/wp-json\/wp\/v2\/posts"}],"about":[{"href":"https:\/\/msk.lodz.pl\/en\/wp-json\/wp\/v2\/types\/post"}],"author":[{"embeddable":true,"href":"https:\/\/msk.lodz.pl\/en\/wp-json\/wp\/v2\/users\/35"}],"replies":[{"embeddable":true,"href":"https:\/\/msk.lodz.pl\/en\/wp-json\/wp\/v2\/comments?post=82478"}],"version-history":[{"count":0,"href":"https:\/\/msk.lodz.pl\/en\/wp-json\/wp\/v2\/posts\/82478\/revisions"}],"wp:featuredmedia":[{"embeddable":true,"href":"https:\/\/msk.lodz.pl\/en\/wp-json\/wp\/v2\/media\/82486"}],"wp:attachment":[{"href":"https:\/\/msk.lodz.pl\/en\/wp-json\/wp\/v2\/media?parent=82478"}],"wp:term":[{"taxonomy":"category","embeddable":true,"href":"https:\/\/msk.lodz.pl\/en\/wp-json\/wp\/v2\/categories?post=82478"},{"taxonomy":"post_tag","embeddable":true,"href":"https:\/\/msk.lodz.pl\/en\/wp-json\/wp\/v2\/tags?post=82478"}],"curies":[{"name":"wp","href":"https:\/\/api.w.org\/{rel}","templated":true}]}}