{"id":91310,"date":"2025-03-25T12:47:14","date_gmt":"2025-03-25T11:47:14","guid":{"rendered":"https:\/\/msk.lodz.pl\/?p=91310"},"modified":"2025-03-25T12:51:14","modified_gmt":"2025-03-25T11:51:14","slug":"tymczasowa-zmiana-lokalizacji-naszych-zajec","status":"publish","type":"post","link":"https:\/\/msk.lodz.pl\/en\/tymczasowa-zmiana-lokalizacji-naszych-zajec\/","title":{"rendered":"Tymczasowa zmiana lokalizacji naszych zaj\u0119\u0107"},"content":{"rendered":"<p class=\"has-medium-font-size\">Informujemy, \u017ce w zwi\u0105zku z rozpocz\u0119ciem prac termomodernizacyjnych w naszej siedzibie przy ul. Niciarnianej 1\/3, tymczasowo przenosimy nasz\u0105 dzia\u0142alno\u015b\u0107 <strong>do XXIII Liceum Og\u00f3lnokszta\u0142c\u0105cego im. ks. prof. J. Tischnera,<\/strong> mieszcz\u0105cego si\u0119 <strong>przy ul. Pi\u0142sudskiego 159.<\/strong><\/p>\n\n\n\n<p class=\"has-medium-font-size\">Dzi\u0119ki uprzejmo\u015bci dyrekcji i spo\u0142eczno\u015bci szkolnej mo\u017cemy kontynuowa\u0107 nasz\u0105 dzia\u0142alno\u015b\u0107 w nowym miejscu. Cho\u0107 jest to dla nas du\u017ce wyzwanie organizacyjne, jeste\u015bmy pewni, \u017ce wsp\u00f3lnie uda nam si\u0119 sprosta\u0107 tej zmianie.<\/p>\n\n\n\n<p class=\"has-medium-font-size\"><strong>Od 24 marca wszystkie zaj\u0119cia b\u0119d\u0105 odbywa\u0107 si\u0119 w nowej lokalizacji.<\/strong> Prosimy uczestnik\u00f3w o zwr\u00f3cenie uwagi na zmian\u0119 miejsca spotka\u0144 i dostosowanie si\u0119 do nowej organizacji przestrzeni.<\/p>\n\n\n\n<p class=\"has-medium-font-size\">Dzi\u0119kujemy za Pa\u0144stwa wsparcie i wyrozumia\u0142o\u015b\u0107. Do zobaczenia w XXIII Liceum Og\u00f3lnokszta\u0142c\u0105cym!<\/p>\n\n\n\n<p><\/p>","protected":false},"excerpt":{"rendered":"<p>Informujemy, \u017ce w zwi\u0105zku z rozpocz\u0119ciem prac termomodernizacyjnych w naszej siedzibie przy ul. Niciarnianej 1\/3, tymczasowo przenosimy nasz\u0105 dzia\u0142alno\u015b\u0107 do XXIII Liceum Og\u00f3lnokszta\u0142c\u0105cego im. ks. prof. J. Tischnera, mieszcz\u0105cego si\u0119 przy ul. Pi\u0142sudskiego 159. Dzi\u0119ki uprzejmo\u015bci dyrekcji i spo\u0142eczno\u015bci szkolnej mo\u017cemy kontynuowa\u0107 nasz\u0105 dzia\u0142alno\u015b\u0107 w nowym miejscu. Cho\u0107 jest to dla nas du\u017ce wyzwanie organizacyjne, [&hellip;]<\/p>","protected":false},"author":8,"featured_media":91312,"comment_status":"closed","ping_status":"closed","sticky":false,"template":"","format":"standard","meta":{"footnotes":""},"categories":[222,221],"tags":[],"class_list":["post-91310","post","type-post","status-publish","format-standard","has-post-thumbnail","hentry","category-aktualnosci-msk-niciarniana","category-msk-niciarniana"],"yoast_head":"<!-- This site is optimized with the Yoast SEO plugin v26.5 - https:\/\/yoast.com\/wordpress\/plugins\/seo\/ -->\n<title>Tymczasowa zmiana lokalizacji naszych zaj\u0119\u0107 - MSK<\/title>\n<meta name=\"robots\" content=\"index, follow, max-snippet:-1, max-image-preview:large, max-video-preview:-1\" \/>\n<link rel=\"canonical\" href=\"https:\/\/msk.lodz.pl\/en\/tymczasowa-zmiana-lokalizacji-naszych-zajec\/\" \/>\n<meta property=\"og:locale\" content=\"en_GB\" \/>\n<meta property=\"og:type\" content=\"article\" \/>\n<meta property=\"og:title\" content=\"Tymczasowa zmiana lokalizacji naszych zaj\u0119\u0107 - MSK\" \/>\n<meta property=\"og:description\" content=\"Informujemy, \u017ce w zwi\u0105zku z rozpocz\u0119ciem prac termomodernizacyjnych w naszej siedzibie przy ul. Niciarnianej 1\/3, tymczasowo przenosimy nasz\u0105 dzia\u0142alno\u015b\u0107 do XXIII Liceum Og\u00f3lnokszta\u0142c\u0105cego im. ks. prof. J. Tischnera, mieszcz\u0105cego si\u0119 przy ul. Pi\u0142sudskiego 159. Dzi\u0119ki uprzejmo\u015bci dyrekcji i spo\u0142eczno\u015bci szkolnej mo\u017cemy kontynuowa\u0107 nasz\u0105 dzia\u0142alno\u015b\u0107 w nowym miejscu. Cho\u0107 jest to dla nas du\u017ce wyzwanie organizacyjne, [&hellip;]\" \/>\n<meta property=\"og:url\" content=\"https:\/\/msk.lodz.pl\/en\/tymczasowa-zmiana-lokalizacji-naszych-zajec\/\" \/>\n<meta property=\"og:site_name\" content=\"MSK\" \/>\n<meta property=\"article:published_time\" content=\"2025-03-25T11:47:14+00:00\" \/>\n<meta property=\"article:modified_time\" content=\"2025-03-25T11:51:14+00:00\" \/>\n<meta property=\"og:image\" content=\"https:\/\/msk.lodz.pl\/wp-content\/uploads\/2025\/03\/liceum-1024x576.png\" \/>\n\t<meta property=\"og:image:width\" content=\"1024\" \/>\n\t<meta property=\"og:image:height\" content=\"576\" \/>\n\t<meta property=\"og:image:type\" content=\"image\/png\" \/>\n<meta name=\"author\" content=\"Nina Wosik\" \/>\n<meta name=\"twitter:card\" content=\"summary_large_image\" \/>\n<meta name=\"twitter:label1\" content=\"Written by\" \/>\n\t<meta name=\"twitter:data1\" content=\"Nina Wosik\" \/>\n\t<meta name=\"twitter:label2\" content=\"Estimated reading time\" \/>\n\t<meta name=\"twitter:data2\" content=\"1 minute\" \/>\n<script type=\"application\/ld+json\" class=\"yoast-schema-graph\">{\"@context\":\"https:\/\/schema.org\",\"@graph\":[{\"@type\":\"Article\",\"@id\":\"https:\/\/msk.lodz.pl\/tymczasowa-zmiana-lokalizacji-naszych-zajec\/#article\",\"isPartOf\":{\"@id\":\"https:\/\/msk.lodz.pl\/tymczasowa-zmiana-lokalizacji-naszych-zajec\/\"},\"author\":{\"name\":\"Nina Wosik\",\"@id\":\"https:\/\/msk.lodz.pl\/#\/schema\/person\/0a1b8ea56dffd2a70a464e2e9fd49958\"},\"headline\":\"Tymczasowa zmiana lokalizacji naszych zaj\u0119\u0107\",\"datePublished\":\"2025-03-25T11:47:14+00:00\",\"dateModified\":\"2025-03-25T11:51:14+00:00\",\"mainEntityOfPage\":{\"@id\":\"https:\/\/msk.lodz.pl\/tymczasowa-zmiana-lokalizacji-naszych-zajec\/\"},\"wordCount\":133,\"publisher\":{\"@id\":\"https:\/\/msk.lodz.pl\/#organization\"},\"image\":{\"@id\":\"https:\/\/msk.lodz.pl\/tymczasowa-zmiana-lokalizacji-naszych-zajec\/#primaryimage\"},\"thumbnailUrl\":\"https:\/\/msk.lodz.pl\/wp-content\/uploads\/2025\/03\/liceum.png\",\"articleSection\":[\"Aktualno\u015bci\",\"MSK: Niciarniana\"],\"inLanguage\":\"en-GB\"},{\"@type\":\"WebPage\",\"@id\":\"https:\/\/msk.lodz.pl\/tymczasowa-zmiana-lokalizacji-naszych-zajec\/\",\"url\":\"https:\/\/msk.lodz.pl\/tymczasowa-zmiana-lokalizacji-naszych-zajec\/\",\"name\":\"Tymczasowa zmiana lokalizacji naszych zaj\u0119\u0107 - MSK\",\"isPartOf\":{\"@id\":\"https:\/\/msk.lodz.pl\/#website\"},\"primaryImageOfPage\":{\"@id\":\"https:\/\/msk.lodz.pl\/tymczasowa-zmiana-lokalizacji-naszych-zajec\/#primaryimage\"},\"image\":{\"@id\":\"https:\/\/msk.lodz.pl\/tymczasowa-zmiana-lokalizacji-naszych-zajec\/#primaryimage\"},\"thumbnailUrl\":\"https:\/\/msk.lodz.pl\/wp-content\/uploads\/2025\/03\/liceum.png\",\"datePublished\":\"2025-03-25T11:47:14+00:00\",\"dateModified\":\"2025-03-25T11:51:14+00:00\",\"breadcrumb\":{\"@id\":\"https:\/\/msk.lodz.pl\/tymczasowa-zmiana-lokalizacji-naszych-zajec\/#breadcrumb\"},\"inLanguage\":\"en-GB\",\"potentialAction\":[{\"@type\":\"ReadAction\",\"target\":[\"https:\/\/msk.lodz.pl\/tymczasowa-zmiana-lokalizacji-naszych-zajec\/\"]}]},{\"@type\":\"ImageObject\",\"inLanguage\":\"en-GB\",\"@id\":\"https:\/\/msk.lodz.pl\/tymczasowa-zmiana-lokalizacji-naszych-zajec\/#primaryimage\",\"url\":\"https:\/\/msk.lodz.pl\/wp-content\/uploads\/2025\/03\/liceum.png\",\"contentUrl\":\"https:\/\/msk.lodz.pl\/wp-content\/uploads\/2025\/03\/liceum.png\",\"width\":1920,\"height\":1080,\"caption\":\"grafika z pracownikami\"},{\"@type\":\"BreadcrumbList\",\"@id\":\"https:\/\/msk.lodz.pl\/tymczasowa-zmiana-lokalizacji-naszych-zajec\/#breadcrumb\",\"itemListElement\":[{\"@type\":\"ListItem\",\"position\":1,\"name\":\"Strona g\u0142\u00f3wna\",\"item\":\"http:\/\/msk.lodz.pl\/en\/\"},{\"@type\":\"ListItem\",\"position\":2,\"name\":\"Tymczasowa zmiana lokalizacji naszych zaj\u0119\u0107\"}]},{\"@type\":\"WebSite\",\"@id\":\"https:\/\/msk.lodz.pl\/#website\",\"url\":\"https:\/\/msk.lodz.pl\/\",\"name\":\"MSK - \u0141\u00f3d\u017a\",\"description\":\"\",\"publisher\":{\"@id\":\"https:\/\/msk.lodz.pl\/#organization\"},\"potentialAction\":[{\"@type\":\"SearchAction\",\"target\":{\"@type\":\"EntryPoint\",\"urlTemplate\":\"https:\/\/msk.lodz.pl\/?s={search_term_string}\"},\"query-input\":{\"@type\":\"PropertyValueSpecification\",\"valueRequired\":true,\"valueName\":\"search_term_string\"}}],\"inLanguage\":\"en-GB\"},{\"@type\":\"Organization\",\"@id\":\"https:\/\/msk.lodz.pl\/#organization\",\"name\":\"MSK - \u0141\u00f3d\u017a\",\"url\":\"https:\/\/msk.lodz.pl\/\",\"logo\":{\"@type\":\"ImageObject\",\"inLanguage\":\"en-GB\",\"@id\":\"https:\/\/msk.lodz.pl\/#\/schema\/logo\/image\/\",\"url\":\"https:\/\/msk.lodz.pl\/wp-content\/uploads\/2023\/04\/cropped-Fav_icon_MSK.png\",\"contentUrl\":\"https:\/\/msk.lodz.pl\/wp-content\/uploads\/2023\/04\/cropped-Fav_icon_MSK.png\",\"width\":512,\"height\":512,\"caption\":\"MSK - \u0141\u00f3d\u017a\"},\"image\":{\"@id\":\"https:\/\/msk.lodz.pl\/#\/schema\/logo\/image\/\"}},{\"@type\":\"Person\",\"@id\":\"https:\/\/msk.lodz.pl\/#\/schema\/person\/0a1b8ea56dffd2a70a464e2e9fd49958\",\"name\":\"Nina Wosik\",\"image\":{\"@type\":\"ImageObject\",\"inLanguage\":\"en-GB\",\"@id\":\"https:\/\/msk.lodz.pl\/#\/schema\/person\/image\/\",\"url\":\"https:\/\/secure.gravatar.com\/avatar\/b1350abbe7c946a20231a5e2348a7a1e0f977ccdbd94ce827710df4199a635ce?s=96&d=mm&r=g\",\"contentUrl\":\"https:\/\/secure.gravatar.com\/avatar\/b1350abbe7c946a20231a5e2348a7a1e0f977ccdbd94ce827710df4199a635ce?s=96&d=mm&r=g\",\"caption\":\"Nina Wosik\"},\"url\":\"https:\/\/msk.lodz.pl\/en\/author\/nina-wosik\/\"}]}<\/script>\n<!-- \/ Yoast SEO plugin. -->","yoast_head_json":{"title":"Tymczasowa zmiana lokalizacji naszych zaj\u0119\u0107 - MSK","robots":{"index":"index","follow":"follow","max-snippet":"max-snippet:-1","max-image-preview":"max-image-preview:large","max-video-preview":"max-video-preview:-1"},"canonical":"https:\/\/msk.lodz.pl\/en\/tymczasowa-zmiana-lokalizacji-naszych-zajec\/","og_locale":"en_GB","og_type":"article","og_title":"Tymczasowa zmiana lokalizacji naszych zaj\u0119\u0107 - MSK","og_description":"Informujemy, \u017ce w zwi\u0105zku z rozpocz\u0119ciem prac termomodernizacyjnych w naszej siedzibie przy ul. Niciarnianej 1\/3, tymczasowo przenosimy nasz\u0105 dzia\u0142alno\u015b\u0107 do XXIII Liceum Og\u00f3lnokszta\u0142c\u0105cego im. ks. prof. J. Tischnera, mieszcz\u0105cego si\u0119 przy ul. Pi\u0142sudskiego 159. Dzi\u0119ki uprzejmo\u015bci dyrekcji i spo\u0142eczno\u015bci szkolnej mo\u017cemy kontynuowa\u0107 nasz\u0105 dzia\u0142alno\u015b\u0107 w nowym miejscu. Cho\u0107 jest to dla nas du\u017ce wyzwanie organizacyjne, [&hellip;]","og_url":"https:\/\/msk.lodz.pl\/en\/tymczasowa-zmiana-lokalizacji-naszych-zajec\/","og_site_name":"MSK","article_published_time":"2025-03-25T11:47:14+00:00","article_modified_time":"2025-03-25T11:51:14+00:00","og_image":[{"width":1024,"height":576,"url":"https:\/\/msk.lodz.pl\/wp-content\/uploads\/2025\/03\/liceum-1024x576.png","type":"image\/png"}],"author":"Nina Wosik","twitter_card":"summary_large_image","twitter_misc":{"Written by":"Nina Wosik","Estimated reading time":"1 minute"},"schema":{"@context":"https:\/\/schema.org","@graph":[{"@type":"Article","@id":"https:\/\/msk.lodz.pl\/tymczasowa-zmiana-lokalizacji-naszych-zajec\/#article","isPartOf":{"@id":"https:\/\/msk.lodz.pl\/tymczasowa-zmiana-lokalizacji-naszych-zajec\/"},"author":{"name":"Nina Wosik","@id":"https:\/\/msk.lodz.pl\/#\/schema\/person\/0a1b8ea56dffd2a70a464e2e9fd49958"},"headline":"Tymczasowa zmiana lokalizacji naszych zaj\u0119\u0107","datePublished":"2025-03-25T11:47:14+00:00","dateModified":"2025-03-25T11:51:14+00:00","mainEntityOfPage":{"@id":"https:\/\/msk.lodz.pl\/tymczasowa-zmiana-lokalizacji-naszych-zajec\/"},"wordCount":133,"publisher":{"@id":"https:\/\/msk.lodz.pl\/#organization"},"image":{"@id":"https:\/\/msk.lodz.pl\/tymczasowa-zmiana-lokalizacji-naszych-zajec\/#primaryimage"},"thumbnailUrl":"https:\/\/msk.lodz.pl\/wp-content\/uploads\/2025\/03\/liceum.png","articleSection":["Aktualno\u015bci","MSK: Niciarniana"],"inLanguage":"en-GB"},{"@type":"WebPage","@id":"https:\/\/msk.lodz.pl\/tymczasowa-zmiana-lokalizacji-naszych-zajec\/","url":"https:\/\/msk.lodz.pl\/tymczasowa-zmiana-lokalizacji-naszych-zajec\/","name":"Tymczasowa zmiana lokalizacji naszych zaj\u0119\u0107 - MSK","isPartOf":{"@id":"https:\/\/msk.lodz.pl\/#website"},"primaryImageOfPage":{"@id":"https:\/\/msk.lodz.pl\/tymczasowa-zmiana-lokalizacji-naszych-zajec\/#primaryimage"},"image":{"@id":"https:\/\/msk.lodz.pl\/tymczasowa-zmiana-lokalizacji-naszych-zajec\/#primaryimage"},"thumbnailUrl":"https:\/\/msk.lodz.pl\/wp-content\/uploads\/2025\/03\/liceum.png","datePublished":"2025-03-25T11:47:14+00:00","dateModified":"2025-03-25T11:51:14+00:00","breadcrumb":{"@id":"https:\/\/msk.lodz.pl\/tymczasowa-zmiana-lokalizacji-naszych-zajec\/#breadcrumb"},"inLanguage":"en-GB","potentialAction":[{"@type":"ReadAction","target":["https:\/\/msk.lodz.pl\/tymczasowa-zmiana-lokalizacji-naszych-zajec\/"]}]},{"@type":"ImageObject","inLanguage":"en-GB","@id":"https:\/\/msk.lodz.pl\/tymczasowa-zmiana-lokalizacji-naszych-zajec\/#primaryimage","url":"https:\/\/msk.lodz.pl\/wp-content\/uploads\/2025\/03\/liceum.png","contentUrl":"https:\/\/msk.lodz.pl\/wp-content\/uploads\/2025\/03\/liceum.png","width":1920,"height":1080,"caption":"grafika z pracownikami"},{"@type":"BreadcrumbList","@id":"https:\/\/msk.lodz.pl\/tymczasowa-zmiana-lokalizacji-naszych-zajec\/#breadcrumb","itemListElement":[{"@type":"ListItem","position":1,"name":"Strona g\u0142\u00f3wna","item":"http:\/\/msk.lodz.pl\/en\/"},{"@type":"ListItem","position":2,"name":"Tymczasowa zmiana lokalizacji naszych zaj\u0119\u0107"}]},{"@type":"WebSite","@id":"https:\/\/msk.lodz.pl\/#website","url":"https:\/\/msk.lodz.pl\/","name":"MSK - \u0141\u00f3d\u017a","description":"","publisher":{"@id":"https:\/\/msk.lodz.pl\/#organization"},"potentialAction":[{"@type":"SearchAction","target":{"@type":"EntryPoint","urlTemplate":"https:\/\/msk.lodz.pl\/?s={search_term_string}"},"query-input":{"@type":"PropertyValueSpecification","valueRequired":true,"valueName":"search_term_string"}}],"inLanguage":"en-GB"},{"@type":"Organization","@id":"https:\/\/msk.lodz.pl\/#organization","name":"MSK - \u0141\u00f3d\u017a","url":"https:\/\/msk.lodz.pl\/","logo":{"@type":"ImageObject","inLanguage":"en-GB","@id":"https:\/\/msk.lodz.pl\/#\/schema\/logo\/image\/","url":"https:\/\/msk.lodz.pl\/wp-content\/uploads\/2023\/04\/cropped-Fav_icon_MSK.png","contentUrl":"https:\/\/msk.lodz.pl\/wp-content\/uploads\/2023\/04\/cropped-Fav_icon_MSK.png","width":512,"height":512,"caption":"MSK - \u0141\u00f3d\u017a"},"image":{"@id":"https:\/\/msk.lodz.pl\/#\/schema\/logo\/image\/"}},{"@type":"Person","@id":"https:\/\/msk.lodz.pl\/#\/schema\/person\/0a1b8ea56dffd2a70a464e2e9fd49958","name":"Nina Wosik","image":{"@type":"ImageObject","inLanguage":"en-GB","@id":"https:\/\/msk.lodz.pl\/#\/schema\/person\/image\/","url":"https:\/\/secure.gravatar.com\/avatar\/b1350abbe7c946a20231a5e2348a7a1e0f977ccdbd94ce827710df4199a635ce?s=96&d=mm&r=g","contentUrl":"https:\/\/secure.gravatar.com\/avatar\/b1350abbe7c946a20231a5e2348a7a1e0f977ccdbd94ce827710df4199a635ce?s=96&d=mm&r=g","caption":"Nina Wosik"},"url":"https:\/\/msk.lodz.pl\/en\/author\/nina-wosik\/"}]}},"_links":{"self":[{"href":"https:\/\/msk.lodz.pl\/en\/wp-json\/wp\/v2\/posts\/91310","targetHints":{"allow":["GET"]}}],"collection":[{"href":"https:\/\/msk.lodz.pl\/en\/wp-json\/wp\/v2\/posts"}],"about":[{"href":"https:\/\/msk.lodz.pl\/en\/wp-json\/wp\/v2\/types\/post"}],"author":[{"embeddable":true,"href":"https:\/\/msk.lodz.pl\/en\/wp-json\/wp\/v2\/users\/8"}],"replies":[{"embeddable":true,"href":"https:\/\/msk.lodz.pl\/en\/wp-json\/wp\/v2\/comments?post=91310"}],"version-history":[{"count":0,"href":"https:\/\/msk.lodz.pl\/en\/wp-json\/wp\/v2\/posts\/91310\/revisions"}],"wp:featuredmedia":[{"embeddable":true,"href":"https:\/\/msk.lodz.pl\/en\/wp-json\/wp\/v2\/media\/91312"}],"wp:attachment":[{"href":"https:\/\/msk.lodz.pl\/en\/wp-json\/wp\/v2\/media?parent=91310"}],"wp:term":[{"taxonomy":"category","embeddable":true,"href":"https:\/\/msk.lodz.pl\/en\/wp-json\/wp\/v2\/categories?post=91310"},{"taxonomy":"post_tag","embeddable":true,"href":"https:\/\/msk.lodz.pl\/en\/wp-json\/wp\/v2\/tags?post=91310"}],"curies":[{"name":"wp","href":"https:\/\/api.w.org\/{rel}","templated":true}]}}