{"id":9306,"date":"2023-04-11T18:37:35","date_gmt":"2023-04-11T16:37:35","guid":{"rendered":"https:\/\/msk.lodz.pl\/?p=9306"},"modified":"2023-04-11T18:43:45","modified_gmt":"2023-04-11T16:43:45","slug":"ogrod-osrodek-gorna","status":"publish","type":"post","link":"https:\/\/msk.lodz.pl\/en\/ogrod-osrodek-gorna\/","title":{"rendered":"Ogr\u00f3d | O\u015brodek G\u00f3rna"},"content":{"rendered":"<p><\/p>\n\n\n\n<figure class=\"wp-block-gallery has-nested-images columns-default is-cropped wp-block-gallery-1 is-layout-flex wp-block-gallery-is-layout-flex\">\n<figure class=\"wp-block-image size-large\"><img fetchpriority=\"high\" decoding=\"async\" width=\"960\" height=\"468\" data-id=\"9312\" src=\"https:\/\/msk.lodz.pl\/wp-content\/uploads\/2023\/04\/106611335_2645965452340412_9187584190721869719_n.jpg\" alt=\"\" class=\"wp-image-9312\" srcset=\"https:\/\/msk.lodz.pl\/wp-content\/uploads\/2023\/04\/106611335_2645965452340412_9187584190721869719_n.jpg 960w, https:\/\/msk.lodz.pl\/wp-content\/uploads\/2023\/04\/106611335_2645965452340412_9187584190721869719_n-600x293.jpg 600w, https:\/\/msk.lodz.pl\/wp-content\/uploads\/2023\/04\/106611335_2645965452340412_9187584190721869719_n-300x146.jpg 300w, https:\/\/msk.lodz.pl\/wp-content\/uploads\/2023\/04\/106611335_2645965452340412_9187584190721869719_n-768x374.jpg 768w, https:\/\/msk.lodz.pl\/wp-content\/uploads\/2023\/04\/106611335_2645965452340412_9187584190721869719_n-18x9.jpg 18w\" sizes=\"(max-width: 960px) 100vw, 960px\" \/><\/figure>\n\n\n\n<figure class=\"wp-block-image size-large\"><img decoding=\"async\" width=\"1024\" height=\"577\" data-id=\"9316\" data-src=\"https:\/\/msk.lodz.pl\/wp-content\/uploads\/2023\/04\/116435260_2668400703430220_7485469907555919216_n-1-1024x577.jpg\" alt=\"\" class=\"wp-image-9316 lazyload\" data-srcset=\"https:\/\/msk.lodz.pl\/wp-content\/uploads\/2023\/04\/116435260_2668400703430220_7485469907555919216_n-1-1024x577.jpg 1024w, https:\/\/msk.lodz.pl\/wp-content\/uploads\/2023\/04\/116435260_2668400703430220_7485469907555919216_n-1-600x338.jpg 600w, https:\/\/msk.lodz.pl\/wp-content\/uploads\/2023\/04\/116435260_2668400703430220_7485469907555919216_n-1-300x169.jpg 300w, https:\/\/msk.lodz.pl\/wp-content\/uploads\/2023\/04\/116435260_2668400703430220_7485469907555919216_n-1-768x433.jpg 768w, https:\/\/msk.lodz.pl\/wp-content\/uploads\/2023\/04\/116435260_2668400703430220_7485469907555919216_n-1-1536x865.jpg 1536w, https:\/\/msk.lodz.pl\/wp-content\/uploads\/2023\/04\/116435260_2668400703430220_7485469907555919216_n-1-18x10.jpg 18w, https:\/\/msk.lodz.pl\/wp-content\/uploads\/2023\/04\/116435260_2668400703430220_7485469907555919216_n-1.jpg 1944w\" data-sizes=\"(max-width: 1024px) 100vw, 1024px\" src=\"data:image\/gif;base64,R0lGODlhAQABAAAAACH5BAEKAAEALAAAAAABAAEAAAICTAEAOw==\" style=\"--smush-placeholder-width: 1024px; --smush-placeholder-aspect-ratio: 1024\/577;\" \/><noscript><img decoding=\"async\" width=\"1024\" height=\"577\" data-id=\"9316\" src=\"https:\/\/msk.lodz.pl\/wp-content\/uploads\/2023\/04\/116435260_2668400703430220_7485469907555919216_n-1-1024x577.jpg\" alt=\"\" class=\"wp-image-9316\" srcset=\"https:\/\/msk.lodz.pl\/wp-content\/uploads\/2023\/04\/116435260_2668400703430220_7485469907555919216_n-1-1024x577.jpg 1024w, https:\/\/msk.lodz.pl\/wp-content\/uploads\/2023\/04\/116435260_2668400703430220_7485469907555919216_n-1-600x338.jpg 600w, https:\/\/msk.lodz.pl\/wp-content\/uploads\/2023\/04\/116435260_2668400703430220_7485469907555919216_n-1-300x169.jpg 300w, https:\/\/msk.lodz.pl\/wp-content\/uploads\/2023\/04\/116435260_2668400703430220_7485469907555919216_n-1-768x433.jpg 768w, https:\/\/msk.lodz.pl\/wp-content\/uploads\/2023\/04\/116435260_2668400703430220_7485469907555919216_n-1-1536x865.jpg 1536w, https:\/\/msk.lodz.pl\/wp-content\/uploads\/2023\/04\/116435260_2668400703430220_7485469907555919216_n-1-18x10.jpg 18w, https:\/\/msk.lodz.pl\/wp-content\/uploads\/2023\/04\/116435260_2668400703430220_7485469907555919216_n-1.jpg 1944w\" sizes=\"(max-width: 1024px) 100vw, 1024px\" \/><\/noscript><\/figure>\n\n\n\n<figure class=\"wp-block-image size-large\"><img decoding=\"async\" width=\"960\" height=\"720\" data-id=\"9317\" data-src=\"https:\/\/msk.lodz.pl\/wp-content\/uploads\/2023\/04\/118765144_2698220457114911_7877622997274262162_n.jpg\" alt=\"\" class=\"wp-image-9317 lazyload\" data-srcset=\"https:\/\/msk.lodz.pl\/wp-content\/uploads\/2023\/04\/118765144_2698220457114911_7877622997274262162_n.jpg 960w, https:\/\/msk.lodz.pl\/wp-content\/uploads\/2023\/04\/118765144_2698220457114911_7877622997274262162_n-600x450.jpg 600w, https:\/\/msk.lodz.pl\/wp-content\/uploads\/2023\/04\/118765144_2698220457114911_7877622997274262162_n-300x225.jpg 300w, https:\/\/msk.lodz.pl\/wp-content\/uploads\/2023\/04\/118765144_2698220457114911_7877622997274262162_n-768x576.jpg 768w, https:\/\/msk.lodz.pl\/wp-content\/uploads\/2023\/04\/118765144_2698220457114911_7877622997274262162_n-16x12.jpg 16w\" data-sizes=\"(max-width: 960px) 100vw, 960px\" src=\"data:image\/gif;base64,R0lGODlhAQABAAAAACH5BAEKAAEALAAAAAABAAEAAAICTAEAOw==\" style=\"--smush-placeholder-width: 960px; --smush-placeholder-aspect-ratio: 960\/720;\" \/><noscript><img decoding=\"async\" width=\"960\" height=\"720\" data-id=\"9317\" src=\"https:\/\/msk.lodz.pl\/wp-content\/uploads\/2023\/04\/118765144_2698220457114911_7877622997274262162_n.jpg\" alt=\"\" class=\"wp-image-9317\" srcset=\"https:\/\/msk.lodz.pl\/wp-content\/uploads\/2023\/04\/118765144_2698220457114911_7877622997274262162_n.jpg 960w, https:\/\/msk.lodz.pl\/wp-content\/uploads\/2023\/04\/118765144_2698220457114911_7877622997274262162_n-600x450.jpg 600w, https:\/\/msk.lodz.pl\/wp-content\/uploads\/2023\/04\/118765144_2698220457114911_7877622997274262162_n-300x225.jpg 300w, https:\/\/msk.lodz.pl\/wp-content\/uploads\/2023\/04\/118765144_2698220457114911_7877622997274262162_n-768x576.jpg 768w, https:\/\/msk.lodz.pl\/wp-content\/uploads\/2023\/04\/118765144_2698220457114911_7877622997274262162_n-16x12.jpg 16w\" sizes=\"(max-width: 960px) 100vw, 960px\" \/><\/noscript><\/figure>\n<\/figure>\n\n\n\n<div style=\"height:60px\" aria-hidden=\"true\" class=\"wp-block-spacer\"><\/div>\n\n\n\n<p class=\"has-medium-font-size\"><strong>Purpose:<\/strong>&nbsp;koncerty, spektakle, imprezy, warsztaty<\/p>\n\n\n\n<p class=\"has-medium-font-size\"><strong>Area:<\/strong> ok. 1500 m2&nbsp;&nbsp;&nbsp;&nbsp;&nbsp;&nbsp;&nbsp;&nbsp;&nbsp;&nbsp;&nbsp;&nbsp;&nbsp;&nbsp;&nbsp;&nbsp;&nbsp;&nbsp;&nbsp;&nbsp;&nbsp;<\/p>\n\n\n\n<p class=\"has-medium-font-size\"><strong>letnia scena plenerowa<\/strong>: \u0142awki, hu\u015btawki, 2 sto\u0142y do szach\u00f3w, st\u00f3\u0142 do ping ponga\u00a0\u00a0\u00a0\u00a0\u00a0\u00a0<\/p>\n\n\n\n<ul class=\"wp-block-list\">\n<li>Za dodatkow\u0105 op\u0142at\u0105 istnieje mo\u017cliwo\u015b\u0107 wynajmu bia\u0142ego namiotu idealnego na uroczysto\u015bci.<\/li>\n<\/ul>\n\n\n\n<p>wymiary: 6 x 4 m<\/p>\n\n\n\n<figure class=\"wp-block-gallery has-nested-images columns-default is-cropped wp-block-gallery-2 is-layout-flex wp-block-gallery-is-layout-flex\">\n<figure class=\"wp-block-image size-large\"><img loading=\"lazy\" decoding=\"async\" width=\"1024\" height=\"576\" data-id=\"9318\" data-src=\"https:\/\/msk.lodz.pl\/wp-content\/uploads\/2023\/04\/DSC00974-1024x576.jpeg\" alt=\"\" class=\"wp-image-9318 lazyload\" data-srcset=\"https:\/\/msk.lodz.pl\/wp-content\/uploads\/2023\/04\/DSC00974-1024x576.jpeg 1024w, https:\/\/msk.lodz.pl\/wp-content\/uploads\/2023\/04\/DSC00974-scaled-600x338.jpeg 600w, https:\/\/msk.lodz.pl\/wp-content\/uploads\/2023\/04\/DSC00974-300x169.jpeg 300w, https:\/\/msk.lodz.pl\/wp-content\/uploads\/2023\/04\/DSC00974-768x432.jpeg 768w, https:\/\/msk.lodz.pl\/wp-content\/uploads\/2023\/04\/DSC00974-1536x864.jpeg 1536w, https:\/\/msk.lodz.pl\/wp-content\/uploads\/2023\/04\/DSC00974-2048x1152.jpeg 2048w, https:\/\/msk.lodz.pl\/wp-content\/uploads\/2023\/04\/DSC00974-18x10.jpeg 18w\" data-sizes=\"(max-width: 1024px) 100vw, 1024px\" src=\"data:image\/gif;base64,R0lGODlhAQABAAAAACH5BAEKAAEALAAAAAABAAEAAAICTAEAOw==\" style=\"--smush-placeholder-width: 1024px; --smush-placeholder-aspect-ratio: 1024\/576;\" \/><noscript><img loading=\"lazy\" decoding=\"async\" width=\"1024\" height=\"576\" data-id=\"9318\" src=\"https:\/\/msk.lodz.pl\/wp-content\/uploads\/2023\/04\/DSC00974-1024x576.jpeg\" alt=\"\" class=\"wp-image-9318\" srcset=\"https:\/\/msk.lodz.pl\/wp-content\/uploads\/2023\/04\/DSC00974-1024x576.jpeg 1024w, https:\/\/msk.lodz.pl\/wp-content\/uploads\/2023\/04\/DSC00974-scaled-600x338.jpeg 600w, https:\/\/msk.lodz.pl\/wp-content\/uploads\/2023\/04\/DSC00974-300x169.jpeg 300w, https:\/\/msk.lodz.pl\/wp-content\/uploads\/2023\/04\/DSC00974-768x432.jpeg 768w, https:\/\/msk.lodz.pl\/wp-content\/uploads\/2023\/04\/DSC00974-1536x864.jpeg 1536w, https:\/\/msk.lodz.pl\/wp-content\/uploads\/2023\/04\/DSC00974-2048x1152.jpeg 2048w, https:\/\/msk.lodz.pl\/wp-content\/uploads\/2023\/04\/DSC00974-18x10.jpeg 18w\" sizes=\"(max-width: 1024px) 100vw, 1024px\" \/><\/noscript><\/figure>\n\n\n\n<figure class=\"wp-block-image size-large\"><img loading=\"lazy\" decoding=\"async\" width=\"1024\" height=\"576\" data-id=\"9319\" data-src=\"https:\/\/msk.lodz.pl\/wp-content\/uploads\/2023\/04\/DSC00979-1024x576.jpeg\" alt=\"\" class=\"wp-image-9319 lazyload\" data-srcset=\"https:\/\/msk.lodz.pl\/wp-content\/uploads\/2023\/04\/DSC00979-1024x576.jpeg 1024w, https:\/\/msk.lodz.pl\/wp-content\/uploads\/2023\/04\/DSC00979-scaled-600x338.jpeg 600w, https:\/\/msk.lodz.pl\/wp-content\/uploads\/2023\/04\/DSC00979-300x169.jpeg 300w, https:\/\/msk.lodz.pl\/wp-content\/uploads\/2023\/04\/DSC00979-768x432.jpeg 768w, https:\/\/msk.lodz.pl\/wp-content\/uploads\/2023\/04\/DSC00979-1536x864.jpeg 1536w, https:\/\/msk.lodz.pl\/wp-content\/uploads\/2023\/04\/DSC00979-2048x1152.jpeg 2048w, https:\/\/msk.lodz.pl\/wp-content\/uploads\/2023\/04\/DSC00979-18x10.jpeg 18w\" data-sizes=\"(max-width: 1024px) 100vw, 1024px\" src=\"data:image\/gif;base64,R0lGODlhAQABAAAAACH5BAEKAAEALAAAAAABAAEAAAICTAEAOw==\" style=\"--smush-placeholder-width: 1024px; --smush-placeholder-aspect-ratio: 1024\/576;\" \/><noscript><img loading=\"lazy\" decoding=\"async\" width=\"1024\" height=\"576\" data-id=\"9319\" src=\"https:\/\/msk.lodz.pl\/wp-content\/uploads\/2023\/04\/DSC00979-1024x576.jpeg\" alt=\"\" class=\"wp-image-9319\" srcset=\"https:\/\/msk.lodz.pl\/wp-content\/uploads\/2023\/04\/DSC00979-1024x576.jpeg 1024w, https:\/\/msk.lodz.pl\/wp-content\/uploads\/2023\/04\/DSC00979-scaled-600x338.jpeg 600w, https:\/\/msk.lodz.pl\/wp-content\/uploads\/2023\/04\/DSC00979-300x169.jpeg 300w, https:\/\/msk.lodz.pl\/wp-content\/uploads\/2023\/04\/DSC00979-768x432.jpeg 768w, https:\/\/msk.lodz.pl\/wp-content\/uploads\/2023\/04\/DSC00979-1536x864.jpeg 1536w, https:\/\/msk.lodz.pl\/wp-content\/uploads\/2023\/04\/DSC00979-2048x1152.jpeg 2048w, https:\/\/msk.lodz.pl\/wp-content\/uploads\/2023\/04\/DSC00979-18x10.jpeg 18w\" sizes=\"(max-width: 1024px) 100vw, 1024px\" \/><\/noscript><\/figure>\n\n\n\n<figure class=\"wp-block-image size-large\"><img loading=\"lazy\" decoding=\"async\" width=\"1024\" height=\"1024\" data-id=\"6334\" data-src=\"https:\/\/msk.lodz.pl\/wp-content\/uploads\/2023\/02\/KWADRATY-1-2-1024x1024.png\" alt=\"\" class=\"wp-image-6334 lazyload\" data-srcset=\"https:\/\/msk.lodz.pl\/wp-content\/uploads\/2023\/02\/KWADRATY-1-2-1024x1024.png 1024w, https:\/\/msk.lodz.pl\/wp-content\/uploads\/2023\/02\/KWADRATY-1-2-300x300.png 300w, https:\/\/msk.lodz.pl\/wp-content\/uploads\/2023\/02\/KWADRATY-1-2-100x100.png 100w, https:\/\/msk.lodz.pl\/wp-content\/uploads\/2023\/02\/KWADRATY-1-2-600x600.png 600w, https:\/\/msk.lodz.pl\/wp-content\/uploads\/2023\/02\/KWADRATY-1-2-150x150.png 150w, https:\/\/msk.lodz.pl\/wp-content\/uploads\/2023\/02\/KWADRATY-1-2-768x768.png 768w, https:\/\/msk.lodz.pl\/wp-content\/uploads\/2023\/02\/KWADRATY-1-2.png 1080w\" data-sizes=\"(max-width: 1024px) 100vw, 1024px\" src=\"data:image\/gif;base64,R0lGODlhAQABAAAAACH5BAEKAAEALAAAAAABAAEAAAICTAEAOw==\" style=\"--smush-placeholder-width: 1024px; --smush-placeholder-aspect-ratio: 1024\/1024;\" \/><noscript><img loading=\"lazy\" decoding=\"async\" width=\"1024\" height=\"1024\" data-id=\"6334\" src=\"https:\/\/msk.lodz.pl\/wp-content\/uploads\/2023\/02\/KWADRATY-1-2-1024x1024.png\" alt=\"\" class=\"wp-image-6334\" srcset=\"https:\/\/msk.lodz.pl\/wp-content\/uploads\/2023\/02\/KWADRATY-1-2-1024x1024.png 1024w, https:\/\/msk.lodz.pl\/wp-content\/uploads\/2023\/02\/KWADRATY-1-2-300x300.png 300w, https:\/\/msk.lodz.pl\/wp-content\/uploads\/2023\/02\/KWADRATY-1-2-100x100.png 100w, https:\/\/msk.lodz.pl\/wp-content\/uploads\/2023\/02\/KWADRATY-1-2-600x600.png 600w, https:\/\/msk.lodz.pl\/wp-content\/uploads\/2023\/02\/KWADRATY-1-2-150x150.png 150w, https:\/\/msk.lodz.pl\/wp-content\/uploads\/2023\/02\/KWADRATY-1-2-768x768.png 768w, https:\/\/msk.lodz.pl\/wp-content\/uploads\/2023\/02\/KWADRATY-1-2.png 1080w\" sizes=\"(max-width: 1024px) 100vw, 1024px\" \/><\/noscript><\/figure>\n<\/figure>\n\n\n\n<p class=\"has-medium-font-size\">\u00a0\u00a0\u00a0\u00a0<\/p>\n\n\n\n<div style=\"height:60px\" aria-hidden=\"true\" class=\"wp-block-spacer\"><\/div>\n\n\n\n<p class=\"has-medium-font-size\">Szczeg\u00f3\u0142owych informacji udziela:&nbsp;<strong>Jolanta Antosiak&nbsp;<\/strong>\u2013&nbsp;<a href=\"mailto:osrodekgorna@msk.lodz.pl\">osrodekgorna@msk.lodz.pl<\/a>, tel.&nbsp;<strong>42-684-66-47<\/strong>;&nbsp;<strong>42 684-51-02 wew. 25&nbsp;<\/strong><\/p>","protected":false},"excerpt":{"rendered":"<p>Przeznaczenie:&nbsp;koncerty, spektakle, imprezy, warsztaty Powierzchnia: ok. 1500 m2&nbsp;&nbsp;&nbsp;&nbsp;&nbsp;&nbsp;&nbsp;&nbsp;&nbsp;&nbsp;&nbsp;&nbsp;&nbsp;&nbsp;&nbsp;&nbsp;&nbsp;&nbsp;&nbsp;&nbsp;&nbsp; letnia scena plenerowa: \u0142awki, hu\u015btawki, 2 sto\u0142y do szach\u00f3w, st\u00f3\u0142 do ping ponga\u00a0\u00a0\u00a0\u00a0\u00a0\u00a0 wymiary: 6 x 4 m \u00a0\u00a0\u00a0\u00a0 Szczeg\u00f3\u0142owych informacji udziela:&nbsp;Jolanta Antosiak&nbsp;\u2013&nbsp;osrodekgorna@msk.lodz.pl, tel.&nbsp;42-684-66-47;&nbsp;42 684-51-02 wew. 25&nbsp;<\/p>","protected":false},"author":3,"featured_media":0,"comment_status":"open","ping_status":"open","sticky":false,"template":"","format":"standard","meta":{"footnotes":""},"categories":[1],"tags":[],"class_list":["post-9306","post","type-post","status-publish","format-standard","hentry","category-nieprzypisane"],"yoast_head":"<!-- This site is optimized with the Yoast SEO plugin v26.5 - https:\/\/yoast.com\/wordpress\/plugins\/seo\/ -->\n<title>Ogr\u00f3d | O\u015brodek G\u00f3rna - MSK<\/title>\n<meta name=\"robots\" content=\"index, follow, max-snippet:-1, max-image-preview:large, max-video-preview:-1\" \/>\n<link rel=\"canonical\" href=\"https:\/\/msk.lodz.pl\/en\/ogrod-osrodek-gorna\/\" \/>\n<meta property=\"og:locale\" content=\"en_GB\" \/>\n<meta property=\"og:type\" content=\"article\" \/>\n<meta property=\"og:title\" content=\"Ogr\u00f3d | O\u015brodek G\u00f3rna - MSK\" \/>\n<meta property=\"og:description\" content=\"Przeznaczenie:&nbsp;koncerty, spektakle, imprezy, warsztaty Powierzchnia: ok. 1500 m2&nbsp;&nbsp;&nbsp;&nbsp;&nbsp;&nbsp;&nbsp;&nbsp;&nbsp;&nbsp;&nbsp;&nbsp;&nbsp;&nbsp;&nbsp;&nbsp;&nbsp;&nbsp;&nbsp;&nbsp;&nbsp; letnia scena plenerowa: \u0142awki, hu\u015btawki, 2 sto\u0142y do szach\u00f3w, st\u00f3\u0142 do ping ponga\u00a0\u00a0\u00a0\u00a0\u00a0\u00a0 wymiary: 6 x 4 m \u00a0\u00a0\u00a0\u00a0 Szczeg\u00f3\u0142owych informacji udziela:&nbsp;Jolanta Antosiak&nbsp;\u2013&nbsp;osrodekgorna@msk.lodz.pl, tel.&nbsp;42-684-66-47;&nbsp;42 684-51-02 wew. 25&nbsp;\" \/>\n<meta property=\"og:url\" content=\"https:\/\/msk.lodz.pl\/en\/ogrod-osrodek-gorna\/\" \/>\n<meta property=\"og:site_name\" content=\"MSK\" \/>\n<meta property=\"article:published_time\" content=\"2023-04-11T16:37:35+00:00\" \/>\n<meta property=\"article:modified_time\" content=\"2023-04-11T16:43:45+00:00\" \/>\n<meta property=\"og:image\" content=\"https:\/\/msk.lodz.pl\/wp-content\/uploads\/2023\/04\/106611335_2645965452340412_9187584190721869719_n.jpg\" \/>\n\t<meta property=\"og:image:width\" content=\"960\" \/>\n\t<meta property=\"og:image:height\" content=\"468\" \/>\n\t<meta property=\"og:image:type\" content=\"image\/jpeg\" \/>\n<meta name=\"author\" content=\"Aleksandra Sowa\" \/>\n<meta name=\"twitter:card\" content=\"summary_large_image\" \/>\n<meta name=\"twitter:label1\" content=\"Written by\" \/>\n\t<meta name=\"twitter:data1\" content=\"Aleksandra Sowa\" \/>\n<script type=\"application\/ld+json\" class=\"yoast-schema-graph\">{\"@context\":\"https:\/\/schema.org\",\"@graph\":[{\"@type\":\"Article\",\"@id\":\"https:\/\/msk.lodz.pl\/ogrod-osrodek-gorna\/#article\",\"isPartOf\":{\"@id\":\"https:\/\/msk.lodz.pl\/ogrod-osrodek-gorna\/\"},\"author\":{\"name\":\"Aleksandra Sowa\",\"@id\":\"https:\/\/msk.lodz.pl\/#\/schema\/person\/7a397b10f9bac91b62bc4836aff6fed8\"},\"headline\":\"Ogr\u00f3d | O\u015brodek G\u00f3rna\",\"datePublished\":\"2023-04-11T16:37:35+00:00\",\"dateModified\":\"2023-04-11T16:43:45+00:00\",\"mainEntityOfPage\":{\"@id\":\"https:\/\/msk.lodz.pl\/ogrod-osrodek-gorna\/\"},\"wordCount\":92,\"commentCount\":0,\"publisher\":{\"@id\":\"https:\/\/msk.lodz.pl\/#organization\"},\"image\":{\"@id\":\"https:\/\/msk.lodz.pl\/ogrod-osrodek-gorna\/#primaryimage\"},\"thumbnailUrl\":\"https:\/\/msk.lodz.pl\/wp-content\/uploads\/2023\/04\/106611335_2645965452340412_9187584190721869719_n.jpg\",\"articleSection\":[\"Nie przypisane\"],\"inLanguage\":\"en-GB\",\"potentialAction\":[{\"@type\":\"CommentAction\",\"name\":\"Comment\",\"target\":[\"https:\/\/msk.lodz.pl\/ogrod-osrodek-gorna\/#respond\"]}]},{\"@type\":\"WebPage\",\"@id\":\"https:\/\/msk.lodz.pl\/ogrod-osrodek-gorna\/\",\"url\":\"https:\/\/msk.lodz.pl\/ogrod-osrodek-gorna\/\",\"name\":\"Ogr\u00f3d | O\u015brodek G\u00f3rna - MSK\",\"isPartOf\":{\"@id\":\"https:\/\/msk.lodz.pl\/#website\"},\"primaryImageOfPage\":{\"@id\":\"https:\/\/msk.lodz.pl\/ogrod-osrodek-gorna\/#primaryimage\"},\"image\":{\"@id\":\"https:\/\/msk.lodz.pl\/ogrod-osrodek-gorna\/#primaryimage\"},\"thumbnailUrl\":\"https:\/\/msk.lodz.pl\/wp-content\/uploads\/2023\/04\/106611335_2645965452340412_9187584190721869719_n.jpg\",\"datePublished\":\"2023-04-11T16:37:35+00:00\",\"dateModified\":\"2023-04-11T16:43:45+00:00\",\"breadcrumb\":{\"@id\":\"https:\/\/msk.lodz.pl\/ogrod-osrodek-gorna\/#breadcrumb\"},\"inLanguage\":\"en-GB\",\"potentialAction\":[{\"@type\":\"ReadAction\",\"target\":[\"https:\/\/msk.lodz.pl\/ogrod-osrodek-gorna\/\"]}]},{\"@type\":\"ImageObject\",\"inLanguage\":\"en-GB\",\"@id\":\"https:\/\/msk.lodz.pl\/ogrod-osrodek-gorna\/#primaryimage\",\"url\":\"https:\/\/msk.lodz.pl\/wp-content\/uploads\/2023\/04\/106611335_2645965452340412_9187584190721869719_n.jpg\",\"contentUrl\":\"https:\/\/msk.lodz.pl\/wp-content\/uploads\/2023\/04\/106611335_2645965452340412_9187584190721869719_n.jpg\"},{\"@type\":\"BreadcrumbList\",\"@id\":\"https:\/\/msk.lodz.pl\/ogrod-osrodek-gorna\/#breadcrumb\",\"itemListElement\":[{\"@type\":\"ListItem\",\"position\":1,\"name\":\"Strona g\u0142\u00f3wna\",\"item\":\"http:\/\/msk.lodz.pl\/en\/\"},{\"@type\":\"ListItem\",\"position\":2,\"name\":\"Ogr\u00f3d | O\u015brodek G\u00f3rna\"}]},{\"@type\":\"WebSite\",\"@id\":\"https:\/\/msk.lodz.pl\/#website\",\"url\":\"https:\/\/msk.lodz.pl\/\",\"name\":\"MSK - \u0141\u00f3d\u017a\",\"description\":\"\",\"publisher\":{\"@id\":\"https:\/\/msk.lodz.pl\/#organization\"},\"potentialAction\":[{\"@type\":\"SearchAction\",\"target\":{\"@type\":\"EntryPoint\",\"urlTemplate\":\"https:\/\/msk.lodz.pl\/?s={search_term_string}\"},\"query-input\":{\"@type\":\"PropertyValueSpecification\",\"valueRequired\":true,\"valueName\":\"search_term_string\"}}],\"inLanguage\":\"en-GB\"},{\"@type\":\"Organization\",\"@id\":\"https:\/\/msk.lodz.pl\/#organization\",\"name\":\"MSK - \u0141\u00f3d\u017a\",\"url\":\"https:\/\/msk.lodz.pl\/\",\"logo\":{\"@type\":\"ImageObject\",\"inLanguage\":\"en-GB\",\"@id\":\"https:\/\/msk.lodz.pl\/#\/schema\/logo\/image\/\",\"url\":\"https:\/\/msk.lodz.pl\/wp-content\/uploads\/2023\/04\/cropped-Fav_icon_MSK.png\",\"contentUrl\":\"https:\/\/msk.lodz.pl\/wp-content\/uploads\/2023\/04\/cropped-Fav_icon_MSK.png\",\"width\":512,\"height\":512,\"caption\":\"MSK - \u0141\u00f3d\u017a\"},\"image\":{\"@id\":\"https:\/\/msk.lodz.pl\/#\/schema\/logo\/image\/\"}},{\"@type\":\"Person\",\"@id\":\"https:\/\/msk.lodz.pl\/#\/schema\/person\/7a397b10f9bac91b62bc4836aff6fed8\",\"name\":\"Aleksandra Sowa\",\"image\":{\"@type\":\"ImageObject\",\"inLanguage\":\"en-GB\",\"@id\":\"https:\/\/msk.lodz.pl\/#\/schema\/person\/image\/\",\"url\":\"https:\/\/secure.gravatar.com\/avatar\/7d16c1079266eae429b8725d6b8f490a80ccf7fbb4e3b6223f499aa34088ea85?s=96&d=mm&r=g\",\"contentUrl\":\"https:\/\/secure.gravatar.com\/avatar\/7d16c1079266eae429b8725d6b8f490a80ccf7fbb4e3b6223f499aa34088ea85?s=96&d=mm&r=g\",\"caption\":\"Aleksandra Sowa\"},\"url\":\"https:\/\/msk.lodz.pl\/en\/author\/a-sowa\/\"}]}<\/script>\n<!-- \/ Yoast SEO plugin. -->","yoast_head_json":{"title":"Ogr\u00f3d | O\u015brodek G\u00f3rna - MSK","robots":{"index":"index","follow":"follow","max-snippet":"max-snippet:-1","max-image-preview":"max-image-preview:large","max-video-preview":"max-video-preview:-1"},"canonical":"https:\/\/msk.lodz.pl\/en\/ogrod-osrodek-gorna\/","og_locale":"en_GB","og_type":"article","og_title":"Ogr\u00f3d | O\u015brodek G\u00f3rna - MSK","og_description":"Przeznaczenie:&nbsp;koncerty, spektakle, imprezy, warsztaty Powierzchnia: ok. 1500 m2&nbsp;&nbsp;&nbsp;&nbsp;&nbsp;&nbsp;&nbsp;&nbsp;&nbsp;&nbsp;&nbsp;&nbsp;&nbsp;&nbsp;&nbsp;&nbsp;&nbsp;&nbsp;&nbsp;&nbsp;&nbsp; letnia scena plenerowa: \u0142awki, hu\u015btawki, 2 sto\u0142y do szach\u00f3w, st\u00f3\u0142 do ping ponga\u00a0\u00a0\u00a0\u00a0\u00a0\u00a0 wymiary: 6 x 4 m \u00a0\u00a0\u00a0\u00a0 Szczeg\u00f3\u0142owych informacji udziela:&nbsp;Jolanta Antosiak&nbsp;\u2013&nbsp;osrodekgorna@msk.lodz.pl, tel.&nbsp;42-684-66-47;&nbsp;42 684-51-02 wew. 25&nbsp;","og_url":"https:\/\/msk.lodz.pl\/en\/ogrod-osrodek-gorna\/","og_site_name":"MSK","article_published_time":"2023-04-11T16:37:35+00:00","article_modified_time":"2023-04-11T16:43:45+00:00","og_image":[{"width":960,"height":468,"url":"https:\/\/msk.lodz.pl\/wp-content\/uploads\/2023\/04\/106611335_2645965452340412_9187584190721869719_n.jpg","type":"image\/jpeg"}],"author":"Aleksandra Sowa","twitter_card":"summary_large_image","twitter_misc":{"Written by":"Aleksandra Sowa"},"schema":{"@context":"https:\/\/schema.org","@graph":[{"@type":"Article","@id":"https:\/\/msk.lodz.pl\/ogrod-osrodek-gorna\/#article","isPartOf":{"@id":"https:\/\/msk.lodz.pl\/ogrod-osrodek-gorna\/"},"author":{"name":"Aleksandra Sowa","@id":"https:\/\/msk.lodz.pl\/#\/schema\/person\/7a397b10f9bac91b62bc4836aff6fed8"},"headline":"Ogr\u00f3d | O\u015brodek G\u00f3rna","datePublished":"2023-04-11T16:37:35+00:00","dateModified":"2023-04-11T16:43:45+00:00","mainEntityOfPage":{"@id":"https:\/\/msk.lodz.pl\/ogrod-osrodek-gorna\/"},"wordCount":92,"commentCount":0,"publisher":{"@id":"https:\/\/msk.lodz.pl\/#organization"},"image":{"@id":"https:\/\/msk.lodz.pl\/ogrod-osrodek-gorna\/#primaryimage"},"thumbnailUrl":"https:\/\/msk.lodz.pl\/wp-content\/uploads\/2023\/04\/106611335_2645965452340412_9187584190721869719_n.jpg","articleSection":["Nie przypisane"],"inLanguage":"en-GB","potentialAction":[{"@type":"CommentAction","name":"Comment","target":["https:\/\/msk.lodz.pl\/ogrod-osrodek-gorna\/#respond"]}]},{"@type":"WebPage","@id":"https:\/\/msk.lodz.pl\/ogrod-osrodek-gorna\/","url":"https:\/\/msk.lodz.pl\/ogrod-osrodek-gorna\/","name":"Ogr\u00f3d | O\u015brodek G\u00f3rna - MSK","isPartOf":{"@id":"https:\/\/msk.lodz.pl\/#website"},"primaryImageOfPage":{"@id":"https:\/\/msk.lodz.pl\/ogrod-osrodek-gorna\/#primaryimage"},"image":{"@id":"https:\/\/msk.lodz.pl\/ogrod-osrodek-gorna\/#primaryimage"},"thumbnailUrl":"https:\/\/msk.lodz.pl\/wp-content\/uploads\/2023\/04\/106611335_2645965452340412_9187584190721869719_n.jpg","datePublished":"2023-04-11T16:37:35+00:00","dateModified":"2023-04-11T16:43:45+00:00","breadcrumb":{"@id":"https:\/\/msk.lodz.pl\/ogrod-osrodek-gorna\/#breadcrumb"},"inLanguage":"en-GB","potentialAction":[{"@type":"ReadAction","target":["https:\/\/msk.lodz.pl\/ogrod-osrodek-gorna\/"]}]},{"@type":"ImageObject","inLanguage":"en-GB","@id":"https:\/\/msk.lodz.pl\/ogrod-osrodek-gorna\/#primaryimage","url":"https:\/\/msk.lodz.pl\/wp-content\/uploads\/2023\/04\/106611335_2645965452340412_9187584190721869719_n.jpg","contentUrl":"https:\/\/msk.lodz.pl\/wp-content\/uploads\/2023\/04\/106611335_2645965452340412_9187584190721869719_n.jpg"},{"@type":"BreadcrumbList","@id":"https:\/\/msk.lodz.pl\/ogrod-osrodek-gorna\/#breadcrumb","itemListElement":[{"@type":"ListItem","position":1,"name":"Strona g\u0142\u00f3wna","item":"http:\/\/msk.lodz.pl\/en\/"},{"@type":"ListItem","position":2,"name":"Ogr\u00f3d | O\u015brodek G\u00f3rna"}]},{"@type":"WebSite","@id":"https:\/\/msk.lodz.pl\/#website","url":"https:\/\/msk.lodz.pl\/","name":"MSK - \u0141\u00f3d\u017a","description":"","publisher":{"@id":"https:\/\/msk.lodz.pl\/#organization"},"potentialAction":[{"@type":"SearchAction","target":{"@type":"EntryPoint","urlTemplate":"https:\/\/msk.lodz.pl\/?s={search_term_string}"},"query-input":{"@type":"PropertyValueSpecification","valueRequired":true,"valueName":"search_term_string"}}],"inLanguage":"en-GB"},{"@type":"Organization","@id":"https:\/\/msk.lodz.pl\/#organization","name":"MSK - \u0141\u00f3d\u017a","url":"https:\/\/msk.lodz.pl\/","logo":{"@type":"ImageObject","inLanguage":"en-GB","@id":"https:\/\/msk.lodz.pl\/#\/schema\/logo\/image\/","url":"https:\/\/msk.lodz.pl\/wp-content\/uploads\/2023\/04\/cropped-Fav_icon_MSK.png","contentUrl":"https:\/\/msk.lodz.pl\/wp-content\/uploads\/2023\/04\/cropped-Fav_icon_MSK.png","width":512,"height":512,"caption":"MSK - \u0141\u00f3d\u017a"},"image":{"@id":"https:\/\/msk.lodz.pl\/#\/schema\/logo\/image\/"}},{"@type":"Person","@id":"https:\/\/msk.lodz.pl\/#\/schema\/person\/7a397b10f9bac91b62bc4836aff6fed8","name":"Aleksandra Sowa","image":{"@type":"ImageObject","inLanguage":"en-GB","@id":"https:\/\/msk.lodz.pl\/#\/schema\/person\/image\/","url":"https:\/\/secure.gravatar.com\/avatar\/7d16c1079266eae429b8725d6b8f490a80ccf7fbb4e3b6223f499aa34088ea85?s=96&d=mm&r=g","contentUrl":"https:\/\/secure.gravatar.com\/avatar\/7d16c1079266eae429b8725d6b8f490a80ccf7fbb4e3b6223f499aa34088ea85?s=96&d=mm&r=g","caption":"Aleksandra Sowa"},"url":"https:\/\/msk.lodz.pl\/en\/author\/a-sowa\/"}]}},"_links":{"self":[{"href":"https:\/\/msk.lodz.pl\/en\/wp-json\/wp\/v2\/posts\/9306","targetHints":{"allow":["GET"]}}],"collection":[{"href":"https:\/\/msk.lodz.pl\/en\/wp-json\/wp\/v2\/posts"}],"about":[{"href":"https:\/\/msk.lodz.pl\/en\/wp-json\/wp\/v2\/types\/post"}],"author":[{"embeddable":true,"href":"https:\/\/msk.lodz.pl\/en\/wp-json\/wp\/v2\/users\/3"}],"replies":[{"embeddable":true,"href":"https:\/\/msk.lodz.pl\/en\/wp-json\/wp\/v2\/comments?post=9306"}],"version-history":[{"count":0,"href":"https:\/\/msk.lodz.pl\/en\/wp-json\/wp\/v2\/posts\/9306\/revisions"}],"wp:attachment":[{"href":"https:\/\/msk.lodz.pl\/en\/wp-json\/wp\/v2\/media?parent=9306"}],"wp:term":[{"taxonomy":"category","embeddable":true,"href":"https:\/\/msk.lodz.pl\/en\/wp-json\/wp\/v2\/categories?post=9306"},{"taxonomy":"post_tag","embeddable":true,"href":"https:\/\/msk.lodz.pl\/en\/wp-json\/wp\/v2\/tags?post=9306"}],"curies":[{"name":"wp","href":"https:\/\/api.w.org\/{rel}","templated":true}]}}