{"id":9381,"date":"2023-04-17T22:34:13","date_gmt":"2023-04-17T20:34:13","guid":{"rendered":"https:\/\/msk.lodz.pl\/?p=9381"},"modified":"2023-04-20T18:16:29","modified_gmt":"2023-04-20T16:16:29","slug":"zakochaj-sie-w-lodzi-koncert-zpit-lodz","status":"publish","type":"post","link":"https:\/\/msk.lodz.pl\/en\/zakochaj-sie-w-lodzi-koncert-zpit-lodz\/","title":{"rendered":"Zakochaj si\u0119 w \u0141ODZI &#8211; koncert ZPiT \u0141\u00d3D\u0179"},"content":{"rendered":"<p class=\"has-medium-font-size\">Zakochaj si\u0119 w &#8222;\u0141odzi&#8221; na wiosn\u0119 to koncert Zespo\u0142u Pie\u015bni i Ta\u0144ca &#8222;\u0141\u00f3d\u017a&#8221;. Zapraszamy ju\u017c 21 i 22 kwietnia do Miejskiej Strefy Kultury, tym razem do filii Dom Kultury 502.<\/p>\n\n\n\n<p class=\"has-medium-font-size\"><br>Przy akompaniamencie kapeli ludowej prezentacja polskich ta\u0144c\u00f3w narodowych oraz ta\u0144c\u00f3w i przy\u015bpiewek z wybranych region\u00f3w Polski.<\/p>\n\n\n\n<p class=\"has-medium-font-size\"><br>Wydarzenia zaplanowane jest w ramach ca\u0142orocznego projektu &#8222;Nakr\u0119\u0107my si\u0119 Folklorem&#8221; realizowanego z okazji 40-lecia pracy artystycznej ZPiT &#8222;\u0141\u00f3d\u017a&#8221;.<br>Bezp\u0142atne wej\u015bci\u00f3wki do odbioru na portierni Domu Kultury 502 (ul. Sacharowa 18) oraz Centrum Kultury M\u0142odych (ul. Lokatorska 13)<\/p>\n\n\n\n<div style=\"height:35px\" aria-hidden=\"true\" class=\"wp-block-spacer\"><\/div>\n\n\n\n<p class=\"has-medium-font-size\">Deadlines:<\/p>\n\n\n\n<p class=\"has-medium-font-size\">21.04.2023r. godz. 19:00<br>22.04.2023r. godz. 12:00<\/p>\n\n\n\n<p class=\"has-medium-font-size\">miejsce: MSK, filia Dom Kultury 502<\/p>","protected":false},"excerpt":{"rendered":"<p>Zakochaj si\u0119 w &#8222;\u0141odzi&#8221; na wiosn\u0119 to koncert Zespo\u0142u Pie\u015bni i Ta\u0144ca &#8222;\u0141\u00f3d\u017a&#8221;. Zapraszamy ju\u017c 21 i 22 kwietnia do Miejskiej Strefy Kultury, tym razem do filii Dom Kultury 502. Przy akompaniamencie kapeli ludowej prezentacja polskich ta\u0144c\u00f3w narodowych oraz ta\u0144c\u00f3w i przy\u015bpiewek z wybranych region\u00f3w Polski. Wydarzenia zaplanowane jest w ramach ca\u0142orocznego projektu &#8222;Nakr\u0119\u0107my si\u0119 [&hellip;]<\/p>","protected":false},"author":35,"featured_media":9382,"comment_status":"open","ping_status":"open","sticky":false,"template":"","format":"standard","meta":{"footnotes":""},"categories":[212,211],"tags":[],"class_list":["post-9381","post","type-post","status-publish","format-standard","has-post-thumbnail","hentry","category-aktualnosci-msk-chojny","category-msk-chojny"],"yoast_head":"<!-- This site is optimized with the Yoast SEO plugin v26.5 - https:\/\/yoast.com\/wordpress\/plugins\/seo\/ -->\n<title>Zakochaj si\u0119 w \u0141ODZI - koncert ZPiT \u0141\u00d3D\u0179 - MSK<\/title>\n<meta name=\"robots\" content=\"index, follow, max-snippet:-1, max-image-preview:large, max-video-preview:-1\" \/>\n<link rel=\"canonical\" href=\"https:\/\/msk.lodz.pl\/en\/zakochaj-sie-w-lodzi-koncert-zpit-lodz\/\" \/>\n<meta property=\"og:locale\" content=\"en_GB\" \/>\n<meta property=\"og:type\" content=\"article\" \/>\n<meta property=\"og:title\" content=\"Zakochaj si\u0119 w \u0141ODZI - koncert ZPiT \u0141\u00d3D\u0179 - MSK\" \/>\n<meta property=\"og:description\" content=\"Zakochaj si\u0119 w &#8222;\u0141odzi&#8221; na wiosn\u0119 to koncert Zespo\u0142u Pie\u015bni i Ta\u0144ca &#8222;\u0141\u00f3d\u017a&#8221;. Zapraszamy ju\u017c 21 i 22 kwietnia do Miejskiej Strefy Kultury, tym razem do filii Dom Kultury 502. Przy akompaniamencie kapeli ludowej prezentacja polskich ta\u0144c\u00f3w narodowych oraz ta\u0144c\u00f3w i przy\u015bpiewek z wybranych region\u00f3w Polski. Wydarzenia zaplanowane jest w ramach ca\u0142orocznego projektu &#8222;Nakr\u0119\u0107my si\u0119 [&hellip;]\" \/>\n<meta property=\"og:url\" content=\"https:\/\/msk.lodz.pl\/en\/zakochaj-sie-w-lodzi-koncert-zpit-lodz\/\" \/>\n<meta property=\"og:site_name\" content=\"MSK\" \/>\n<meta property=\"article:published_time\" content=\"2023-04-17T20:34:13+00:00\" \/>\n<meta property=\"article:modified_time\" content=\"2023-04-20T16:16:29+00:00\" \/>\n<meta property=\"og:image\" content=\"https:\/\/msk.lodz.pl\/wp-content\/uploads\/2023\/04\/338758326_166590956281397_2038869517336587834_n.jpg\" \/>\n\t<meta property=\"og:image:width\" content=\"2048\" \/>\n\t<meta property=\"og:image:height\" content=\"1365\" \/>\n\t<meta property=\"og:image:type\" content=\"image\/jpeg\" \/>\n<meta name=\"author\" content=\"ola test roli uzytkownika\" \/>\n<meta name=\"twitter:card\" content=\"summary_large_image\" \/>\n<meta name=\"twitter:label1\" content=\"Written by\" \/>\n\t<meta name=\"twitter:data1\" content=\"ola test roli uzytkownika\" \/>\n\t<meta name=\"twitter:label2\" content=\"Estimated reading time\" \/>\n\t<meta name=\"twitter:data2\" content=\"1 minute\" \/>\n<script type=\"application\/ld+json\" class=\"yoast-schema-graph\">{\"@context\":\"https:\/\/schema.org\",\"@graph\":[{\"@type\":\"Article\",\"@id\":\"https:\/\/msk.lodz.pl\/en\/zakochaj-sie-w-lodzi-koncert-zpit-lodz\/#article\",\"isPartOf\":{\"@id\":\"https:\/\/msk.lodz.pl\/en\/zakochaj-sie-w-lodzi-koncert-zpit-lodz\/\"},\"author\":{\"name\":\"ola test roli uzytkownika\",\"@id\":\"https:\/\/msk.lodz.pl\/#\/schema\/person\/cffd6ce75eb48ce35df7076fa7a0512e\"},\"headline\":\"Zakochaj si\u0119 w \u0141ODZI &#8211; koncert ZPiT \u0141\u00d3D\u0179\",\"datePublished\":\"2023-04-17T20:34:13+00:00\",\"dateModified\":\"2023-04-20T16:16:29+00:00\",\"mainEntityOfPage\":{\"@id\":\"https:\/\/msk.lodz.pl\/en\/zakochaj-sie-w-lodzi-koncert-zpit-lodz\/\"},\"wordCount\":110,\"commentCount\":0,\"publisher\":{\"@id\":\"https:\/\/msk.lodz.pl\/#organization\"},\"image\":{\"@id\":\"https:\/\/msk.lodz.pl\/en\/zakochaj-sie-w-lodzi-koncert-zpit-lodz\/#primaryimage\"},\"thumbnailUrl\":\"https:\/\/msk.lodz.pl\/wp-content\/uploads\/2023\/04\/338758326_166590956281397_2038869517336587834_n.jpg\",\"articleSection\":[\"Aktualno\u015bci\",\"MSK: Chojny\"],\"inLanguage\":\"en-GB\",\"potentialAction\":[{\"@type\":\"CommentAction\",\"name\":\"Comment\",\"target\":[\"https:\/\/msk.lodz.pl\/en\/zakochaj-sie-w-lodzi-koncert-zpit-lodz\/#respond\"]}]},{\"@type\":\"WebPage\",\"@id\":\"https:\/\/msk.lodz.pl\/en\/zakochaj-sie-w-lodzi-koncert-zpit-lodz\/\",\"url\":\"https:\/\/msk.lodz.pl\/en\/zakochaj-sie-w-lodzi-koncert-zpit-lodz\/\",\"name\":\"Zakochaj si\u0119 w \u0141ODZI - koncert ZPiT \u0141\u00d3D\u0179 - MSK\",\"isPartOf\":{\"@id\":\"https:\/\/msk.lodz.pl\/#website\"},\"primaryImageOfPage\":{\"@id\":\"https:\/\/msk.lodz.pl\/en\/zakochaj-sie-w-lodzi-koncert-zpit-lodz\/#primaryimage\"},\"image\":{\"@id\":\"https:\/\/msk.lodz.pl\/en\/zakochaj-sie-w-lodzi-koncert-zpit-lodz\/#primaryimage\"},\"thumbnailUrl\":\"https:\/\/msk.lodz.pl\/wp-content\/uploads\/2023\/04\/338758326_166590956281397_2038869517336587834_n.jpg\",\"datePublished\":\"2023-04-17T20:34:13+00:00\",\"dateModified\":\"2023-04-20T16:16:29+00:00\",\"breadcrumb\":{\"@id\":\"https:\/\/msk.lodz.pl\/en\/zakochaj-sie-w-lodzi-koncert-zpit-lodz\/#breadcrumb\"},\"inLanguage\":\"en-GB\",\"potentialAction\":[{\"@type\":\"ReadAction\",\"target\":[\"https:\/\/msk.lodz.pl\/en\/zakochaj-sie-w-lodzi-koncert-zpit-lodz\/\"]}]},{\"@type\":\"ImageObject\",\"inLanguage\":\"en-GB\",\"@id\":\"https:\/\/msk.lodz.pl\/en\/zakochaj-sie-w-lodzi-koncert-zpit-lodz\/#primaryimage\",\"url\":\"https:\/\/msk.lodz.pl\/wp-content\/uploads\/2023\/04\/338758326_166590956281397_2038869517336587834_n.jpg\",\"contentUrl\":\"https:\/\/msk.lodz.pl\/wp-content\/uploads\/2023\/04\/338758326_166590956281397_2038869517336587834_n.jpg\",\"width\":2048,\"height\":1365},{\"@type\":\"BreadcrumbList\",\"@id\":\"https:\/\/msk.lodz.pl\/en\/zakochaj-sie-w-lodzi-koncert-zpit-lodz\/#breadcrumb\",\"itemListElement\":[{\"@type\":\"ListItem\",\"position\":1,\"name\":\"Strona g\u0142\u00f3wna\",\"item\":\"http:\/\/msk.lodz.pl\/en\/\"},{\"@type\":\"ListItem\",\"position\":2,\"name\":\"Zakochaj si\u0119 w \u0141ODZI &#8211; koncert ZPiT \u0141\u00d3D\u0179\"}]},{\"@type\":\"WebSite\",\"@id\":\"https:\/\/msk.lodz.pl\/#website\",\"url\":\"https:\/\/msk.lodz.pl\/\",\"name\":\"MSK - \u0141\u00f3d\u017a\",\"description\":\"\",\"publisher\":{\"@id\":\"https:\/\/msk.lodz.pl\/#organization\"},\"potentialAction\":[{\"@type\":\"SearchAction\",\"target\":{\"@type\":\"EntryPoint\",\"urlTemplate\":\"https:\/\/msk.lodz.pl\/?s={search_term_string}\"},\"query-input\":{\"@type\":\"PropertyValueSpecification\",\"valueRequired\":true,\"valueName\":\"search_term_string\"}}],\"inLanguage\":\"en-GB\"},{\"@type\":\"Organization\",\"@id\":\"https:\/\/msk.lodz.pl\/#organization\",\"name\":\"MSK - \u0141\u00f3d\u017a\",\"url\":\"https:\/\/msk.lodz.pl\/\",\"logo\":{\"@type\":\"ImageObject\",\"inLanguage\":\"en-GB\",\"@id\":\"https:\/\/msk.lodz.pl\/#\/schema\/logo\/image\/\",\"url\":\"https:\/\/msk.lodz.pl\/wp-content\/uploads\/2023\/04\/cropped-Fav_icon_MSK.png\",\"contentUrl\":\"https:\/\/msk.lodz.pl\/wp-content\/uploads\/2023\/04\/cropped-Fav_icon_MSK.png\",\"width\":512,\"height\":512,\"caption\":\"MSK - \u0141\u00f3d\u017a\"},\"image\":{\"@id\":\"https:\/\/msk.lodz.pl\/#\/schema\/logo\/image\/\"}},{\"@type\":\"Person\",\"@id\":\"https:\/\/msk.lodz.pl\/#\/schema\/person\/cffd6ce75eb48ce35df7076fa7a0512e\",\"name\":\"ola test roli uzytkownika\",\"image\":{\"@type\":\"ImageObject\",\"inLanguage\":\"en-GB\",\"@id\":\"https:\/\/msk.lodz.pl\/#\/schema\/person\/image\/\",\"url\":\"https:\/\/secure.gravatar.com\/avatar\/71d3e77f9bce51ec51e6c2a261588e6a5c0ce07befceafdde7dbe75517c0b10d?s=96&d=mm&r=g\",\"contentUrl\":\"https:\/\/secure.gravatar.com\/avatar\/71d3e77f9bce51ec51e6c2a261588e6a5c0ce07befceafdde7dbe75517c0b10d?s=96&d=mm&r=g\",\"caption\":\"ola test roli uzytkownika\"},\"url\":\"https:\/\/msk.lodz.pl\/en\/author\/ola-test-roli-uzytkownika\/\"}]}<\/script>\n<!-- \/ Yoast SEO plugin. -->","yoast_head_json":{"title":"Zakochaj si\u0119 w \u0141ODZI - koncert ZPiT \u0141\u00d3D\u0179 - MSK","robots":{"index":"index","follow":"follow","max-snippet":"max-snippet:-1","max-image-preview":"max-image-preview:large","max-video-preview":"max-video-preview:-1"},"canonical":"https:\/\/msk.lodz.pl\/en\/zakochaj-sie-w-lodzi-koncert-zpit-lodz\/","og_locale":"en_GB","og_type":"article","og_title":"Zakochaj si\u0119 w \u0141ODZI - koncert ZPiT \u0141\u00d3D\u0179 - MSK","og_description":"Zakochaj si\u0119 w &#8222;\u0141odzi&#8221; na wiosn\u0119 to koncert Zespo\u0142u Pie\u015bni i Ta\u0144ca &#8222;\u0141\u00f3d\u017a&#8221;. Zapraszamy ju\u017c 21 i 22 kwietnia do Miejskiej Strefy Kultury, tym razem do filii Dom Kultury 502. Przy akompaniamencie kapeli ludowej prezentacja polskich ta\u0144c\u00f3w narodowych oraz ta\u0144c\u00f3w i przy\u015bpiewek z wybranych region\u00f3w Polski. Wydarzenia zaplanowane jest w ramach ca\u0142orocznego projektu &#8222;Nakr\u0119\u0107my si\u0119 [&hellip;]","og_url":"https:\/\/msk.lodz.pl\/en\/zakochaj-sie-w-lodzi-koncert-zpit-lodz\/","og_site_name":"MSK","article_published_time":"2023-04-17T20:34:13+00:00","article_modified_time":"2023-04-20T16:16:29+00:00","og_image":[{"width":2048,"height":1365,"url":"https:\/\/msk.lodz.pl\/wp-content\/uploads\/2023\/04\/338758326_166590956281397_2038869517336587834_n.jpg","type":"image\/jpeg"}],"author":"ola test roli uzytkownika","twitter_card":"summary_large_image","twitter_misc":{"Written by":"ola test roli uzytkownika","Estimated reading time":"1 minute"},"schema":{"@context":"https:\/\/schema.org","@graph":[{"@type":"Article","@id":"https:\/\/msk.lodz.pl\/en\/zakochaj-sie-w-lodzi-koncert-zpit-lodz\/#article","isPartOf":{"@id":"https:\/\/msk.lodz.pl\/en\/zakochaj-sie-w-lodzi-koncert-zpit-lodz\/"},"author":{"name":"ola test roli uzytkownika","@id":"https:\/\/msk.lodz.pl\/#\/schema\/person\/cffd6ce75eb48ce35df7076fa7a0512e"},"headline":"Zakochaj si\u0119 w \u0141ODZI &#8211; koncert ZPiT \u0141\u00d3D\u0179","datePublished":"2023-04-17T20:34:13+00:00","dateModified":"2023-04-20T16:16:29+00:00","mainEntityOfPage":{"@id":"https:\/\/msk.lodz.pl\/en\/zakochaj-sie-w-lodzi-koncert-zpit-lodz\/"},"wordCount":110,"commentCount":0,"publisher":{"@id":"https:\/\/msk.lodz.pl\/#organization"},"image":{"@id":"https:\/\/msk.lodz.pl\/en\/zakochaj-sie-w-lodzi-koncert-zpit-lodz\/#primaryimage"},"thumbnailUrl":"https:\/\/msk.lodz.pl\/wp-content\/uploads\/2023\/04\/338758326_166590956281397_2038869517336587834_n.jpg","articleSection":["Aktualno\u015bci","MSK: Chojny"],"inLanguage":"en-GB","potentialAction":[{"@type":"CommentAction","name":"Comment","target":["https:\/\/msk.lodz.pl\/en\/zakochaj-sie-w-lodzi-koncert-zpit-lodz\/#respond"]}]},{"@type":"WebPage","@id":"https:\/\/msk.lodz.pl\/en\/zakochaj-sie-w-lodzi-koncert-zpit-lodz\/","url":"https:\/\/msk.lodz.pl\/en\/zakochaj-sie-w-lodzi-koncert-zpit-lodz\/","name":"Zakochaj si\u0119 w \u0141ODZI - koncert ZPiT \u0141\u00d3D\u0179 - MSK","isPartOf":{"@id":"https:\/\/msk.lodz.pl\/#website"},"primaryImageOfPage":{"@id":"https:\/\/msk.lodz.pl\/en\/zakochaj-sie-w-lodzi-koncert-zpit-lodz\/#primaryimage"},"image":{"@id":"https:\/\/msk.lodz.pl\/en\/zakochaj-sie-w-lodzi-koncert-zpit-lodz\/#primaryimage"},"thumbnailUrl":"https:\/\/msk.lodz.pl\/wp-content\/uploads\/2023\/04\/338758326_166590956281397_2038869517336587834_n.jpg","datePublished":"2023-04-17T20:34:13+00:00","dateModified":"2023-04-20T16:16:29+00:00","breadcrumb":{"@id":"https:\/\/msk.lodz.pl\/en\/zakochaj-sie-w-lodzi-koncert-zpit-lodz\/#breadcrumb"},"inLanguage":"en-GB","potentialAction":[{"@type":"ReadAction","target":["https:\/\/msk.lodz.pl\/en\/zakochaj-sie-w-lodzi-koncert-zpit-lodz\/"]}]},{"@type":"ImageObject","inLanguage":"en-GB","@id":"https:\/\/msk.lodz.pl\/en\/zakochaj-sie-w-lodzi-koncert-zpit-lodz\/#primaryimage","url":"https:\/\/msk.lodz.pl\/wp-content\/uploads\/2023\/04\/338758326_166590956281397_2038869517336587834_n.jpg","contentUrl":"https:\/\/msk.lodz.pl\/wp-content\/uploads\/2023\/04\/338758326_166590956281397_2038869517336587834_n.jpg","width":2048,"height":1365},{"@type":"BreadcrumbList","@id":"https:\/\/msk.lodz.pl\/en\/zakochaj-sie-w-lodzi-koncert-zpit-lodz\/#breadcrumb","itemListElement":[{"@type":"ListItem","position":1,"name":"Strona g\u0142\u00f3wna","item":"http:\/\/msk.lodz.pl\/en\/"},{"@type":"ListItem","position":2,"name":"Zakochaj si\u0119 w \u0141ODZI &#8211; koncert ZPiT \u0141\u00d3D\u0179"}]},{"@type":"WebSite","@id":"https:\/\/msk.lodz.pl\/#website","url":"https:\/\/msk.lodz.pl\/","name":"MSK - \u0141\u00f3d\u017a","description":"","publisher":{"@id":"https:\/\/msk.lodz.pl\/#organization"},"potentialAction":[{"@type":"SearchAction","target":{"@type":"EntryPoint","urlTemplate":"https:\/\/msk.lodz.pl\/?s={search_term_string}"},"query-input":{"@type":"PropertyValueSpecification","valueRequired":true,"valueName":"search_term_string"}}],"inLanguage":"en-GB"},{"@type":"Organization","@id":"https:\/\/msk.lodz.pl\/#organization","name":"MSK - \u0141\u00f3d\u017a","url":"https:\/\/msk.lodz.pl\/","logo":{"@type":"ImageObject","inLanguage":"en-GB","@id":"https:\/\/msk.lodz.pl\/#\/schema\/logo\/image\/","url":"https:\/\/msk.lodz.pl\/wp-content\/uploads\/2023\/04\/cropped-Fav_icon_MSK.png","contentUrl":"https:\/\/msk.lodz.pl\/wp-content\/uploads\/2023\/04\/cropped-Fav_icon_MSK.png","width":512,"height":512,"caption":"MSK - \u0141\u00f3d\u017a"},"image":{"@id":"https:\/\/msk.lodz.pl\/#\/schema\/logo\/image\/"}},{"@type":"Person","@id":"https:\/\/msk.lodz.pl\/#\/schema\/person\/cffd6ce75eb48ce35df7076fa7a0512e","name":"ola test roli uzytkownika","image":{"@type":"ImageObject","inLanguage":"en-GB","@id":"https:\/\/msk.lodz.pl\/#\/schema\/person\/image\/","url":"https:\/\/secure.gravatar.com\/avatar\/71d3e77f9bce51ec51e6c2a261588e6a5c0ce07befceafdde7dbe75517c0b10d?s=96&d=mm&r=g","contentUrl":"https:\/\/secure.gravatar.com\/avatar\/71d3e77f9bce51ec51e6c2a261588e6a5c0ce07befceafdde7dbe75517c0b10d?s=96&d=mm&r=g","caption":"ola test roli uzytkownika"},"url":"https:\/\/msk.lodz.pl\/en\/author\/ola-test-roli-uzytkownika\/"}]}},"_links":{"self":[{"href":"https:\/\/msk.lodz.pl\/en\/wp-json\/wp\/v2\/posts\/9381","targetHints":{"allow":["GET"]}}],"collection":[{"href":"https:\/\/msk.lodz.pl\/en\/wp-json\/wp\/v2\/posts"}],"about":[{"href":"https:\/\/msk.lodz.pl\/en\/wp-json\/wp\/v2\/types\/post"}],"author":[{"embeddable":true,"href":"https:\/\/msk.lodz.pl\/en\/wp-json\/wp\/v2\/users\/35"}],"replies":[{"embeddable":true,"href":"https:\/\/msk.lodz.pl\/en\/wp-json\/wp\/v2\/comments?post=9381"}],"version-history":[{"count":0,"href":"https:\/\/msk.lodz.pl\/en\/wp-json\/wp\/v2\/posts\/9381\/revisions"}],"wp:featuredmedia":[{"embeddable":true,"href":"https:\/\/msk.lodz.pl\/en\/wp-json\/wp\/v2\/media\/9382"}],"wp:attachment":[{"href":"https:\/\/msk.lodz.pl\/en\/wp-json\/wp\/v2\/media?parent=9381"}],"wp:term":[{"taxonomy":"category","embeddable":true,"href":"https:\/\/msk.lodz.pl\/en\/wp-json\/wp\/v2\/categories?post=9381"},{"taxonomy":"post_tag","embeddable":true,"href":"https:\/\/msk.lodz.pl\/en\/wp-json\/wp\/v2\/tags?post=9381"}],"curies":[{"name":"wp","href":"https:\/\/api.w.org\/{rel}","templated":true}]}}