{"id":9398,"date":"2023-04-11T23:05:35","date_gmt":"2023-04-11T21:05:35","guid":{"rendered":"https:\/\/msk.lodz.pl\/?p=9398"},"modified":"2023-04-11T23:07:10","modified_gmt":"2023-04-11T21:07:10","slug":"wernisaz-wystawy-estetyka-na-zawsze-sztuka-na-co-dzien-plakaty-jana-zielinskiego","status":"publish","type":"post","link":"https:\/\/msk.lodz.pl\/en\/wernisaz-wystawy-estetyka-na-zawsze-sztuka-na-co-dzien-plakaty-jana-zielinskiego\/","title":{"rendered":"Wernisa\u017c wystawy \u201eEstetyka na zawsze, sztuka na co dzie\u0144. Plakaty Jana Zieli\u0144skiego\u201d"},"content":{"rendered":"<p class=\"has-medium-font-size\">13 kwietnia o 17:00 zapraszamy na niepowtarzalny wernisa\u017c wystawy plakat\u00f3w Jana Zieli\u0144skiego. Wystawa jest prezentacj\u0105 plakat\u00f3w artysty wykonywanych dla \u00f3wczesnego Poleskiego O\u015brodka Sztuki (obecnie O\u015brodek Sztuki, filia MSK) w latach 1991\u20132012. S\u0105 to oryginalne, odr\u0119czne, nigdy niedrukowane prace, kt\u00f3re znajduj\u0105 si\u0119 obecnie w znacznej cz\u0119\u015bci w archiwum Miejskiej Strefy Kultury w \u0141odzi oraz w zbiorach prywatnych.<\/p>\n\n\n\n<p class=\"has-medium-font-size\">Wydarzenie stanowi zatem wyj\u0105tkow\u0105 okazj\u0119 poznania warsztatu artysty.<\/p>\n\n\n\n<p class=\"has-medium-font-size\">Wystawa organizowana jest przez Uniwersytet \u0141\u00f3dzki we wsp\u00f3\u0142pracy z O\u015brodkiem Sztuki Miejskiej Strefy Kultury w \u0141odzi.<\/p>\n\n\n\n<p class=\"has-medium-font-size\">Kuratork\u0105 wystawy jest prof. Wioletta Kazimierska-Jerzyk z Instytutu Filozofii Uniwersytetu \u0141\u00f3dzkiego, kt\u00f3ra specjalizuje si\u0119 w tematyce plakatu artystycznego.<\/p>\n\n\n\n<p class=\"has-medium-font-size\">Wernisa\u017cowi towarzyszy\u0107 b\u0119dzie spotkanie z Jadwig\u0105 S\u0105ci\u0144sk\u0105 \u2013 re\u017cyserk\u0105 spektakli w Teatrze Lalek Arlekin i organizatork\u0105 wydarze\u0144 w Poleskim O\u015brodku Sztuki; Ma\u0142gorzat\u0105 Wola\u0144sk\u0105 \u2013 aktork\u0105 Teatru Lalek Arlekin; Ma\u0142gorzat\u0105 Uptas \u2013 wieloletni\u0105 dyrektork\u0105 Poleskiego O\u015brodka Sztuki oraz Danut\u0105 Pospiech \u2013 kuratork\u0105 wystaw w O\u015brodku Sztuki.<\/p>\n\n\n\n<div style=\"height:36px\" aria-hidden=\"true\" class=\"wp-block-spacer\"><\/div>\n\n\n\n<p class=\"has-medium-font-size\">Jan Zieli\u0144ski [1946\u20132018] scenograf, malarz, rysownik, satyryk, karykaturzysta i grafik specjalizuj\u0105cy si\u0119 w formach u\u017cytkowych. Uko\u0144czy\u0142 Pa\u0144stwow\u0105 Wy\u017csz\u0105 Szko\u0142\u0119 Sztuk Plastycznych w \u0141odzi. Wsp\u00f3\u0142pracowa\u0142 z 24 teatrami w Polsce, zaprojektowa\u0142 opraw\u0119 graficzn\u0105 do 70 ksi\u0105\u017cek, by\u0142 tw\u00f3rc\u0105 film\u00f3w animowanych i lalkowych. Rysunek satyryczny oraz plakat by\u0142y szczeg\u00f3lnymi pasjami artysty.<\/p>","protected":false},"excerpt":{"rendered":"<p>13 kwietnia o 17:00 zapraszamy na niepowtarzalny wernisa\u017c wystawy plakat\u00f3w Jana Zieli\u0144skiego. Wystawa jest prezentacj\u0105 plakat\u00f3w artysty wykonywanych dla \u00f3wczesnego Poleskiego O\u015brodka Sztuki (obecnie O\u015brodek Sztuki, filia MSK) w latach 1991\u20132012. S\u0105 to oryginalne, odr\u0119czne, nigdy niedrukowane prace, kt\u00f3re znajduj\u0105 si\u0119 obecnie w znacznej cz\u0119\u015bci w archiwum Miejskiej Strefy Kultury w \u0141odzi oraz w zbiorach [&hellip;]<\/p>","protected":false},"author":35,"featured_media":9215,"comment_status":"open","ping_status":"open","sticky":false,"template":"","format":"standard","meta":{"footnotes":""},"categories":[169,168],"tags":[],"class_list":["post-9398","post","type-post","status-publish","format-standard","has-post-thumbnail","hentry","category-aktualnosci-msk-polesie","category-msk-polesie"],"yoast_head":"<!-- This site is optimized with the Yoast SEO plugin v26.5 - https:\/\/yoast.com\/wordpress\/plugins\/seo\/ -->\n<title>Wernisa\u017c wystawy \u201eEstetyka na zawsze, sztuka na co dzie\u0144. Plakaty Jana Zieli\u0144skiego\u201d - MSK<\/title>\n<meta name=\"robots\" content=\"index, follow, max-snippet:-1, max-image-preview:large, max-video-preview:-1\" \/>\n<link rel=\"canonical\" href=\"https:\/\/msk.lodz.pl\/en\/wernisaz-wystawy-estetyka-na-zawsze-sztuka-na-co-dzien-plakaty-jana-zielinskiego\/\" \/>\n<meta property=\"og:locale\" content=\"en_GB\" \/>\n<meta property=\"og:type\" content=\"article\" \/>\n<meta property=\"og:title\" content=\"Wernisa\u017c wystawy \u201eEstetyka na zawsze, sztuka na co dzie\u0144. Plakaty Jana Zieli\u0144skiego\u201d - MSK\" \/>\n<meta property=\"og:description\" content=\"13 kwietnia o 17:00 zapraszamy na niepowtarzalny wernisa\u017c wystawy plakat\u00f3w Jana Zieli\u0144skiego. Wystawa jest prezentacj\u0105 plakat\u00f3w artysty wykonywanych dla \u00f3wczesnego Poleskiego O\u015brodka Sztuki (obecnie O\u015brodek Sztuki, filia MSK) w latach 1991\u20132012. S\u0105 to oryginalne, odr\u0119czne, nigdy niedrukowane prace, kt\u00f3re znajduj\u0105 si\u0119 obecnie w znacznej cz\u0119\u015bci w archiwum Miejskiej Strefy Kultury w \u0141odzi oraz w zbiorach [&hellip;]\" \/>\n<meta property=\"og:url\" content=\"https:\/\/msk.lodz.pl\/en\/wernisaz-wystawy-estetyka-na-zawsze-sztuka-na-co-dzien-plakaty-jana-zielinskiego\/\" \/>\n<meta property=\"og:site_name\" content=\"MSK\" \/>\n<meta property=\"article:published_time\" content=\"2023-04-11T21:05:35+00:00\" \/>\n<meta property=\"article:modified_time\" content=\"2023-04-11T21:07:10+00:00\" \/>\n<meta property=\"og:image\" content=\"https:\/\/msk.lodz.pl\/wp-content\/uploads\/2023\/04\/Zielinski_w_tle-2-1024x536.jpg\" \/>\n\t<meta property=\"og:image:width\" content=\"1024\" \/>\n\t<meta property=\"og:image:height\" content=\"536\" \/>\n\t<meta property=\"og:image:type\" content=\"image\/jpeg\" \/>\n<meta name=\"author\" content=\"ola test roli uzytkownika\" \/>\n<meta name=\"twitter:card\" content=\"summary_large_image\" \/>\n<meta name=\"twitter:label1\" content=\"Written by\" \/>\n\t<meta name=\"twitter:data1\" content=\"ola test roli uzytkownika\" \/>\n\t<meta name=\"twitter:label2\" content=\"Estimated reading time\" \/>\n\t<meta name=\"twitter:data2\" content=\"1 minute\" \/>\n<script type=\"application\/ld+json\" class=\"yoast-schema-graph\">{\"@context\":\"https:\/\/schema.org\",\"@graph\":[{\"@type\":\"Article\",\"@id\":\"https:\/\/msk.lodz.pl\/en\/wernisaz-wystawy-estetyka-na-zawsze-sztuka-na-co-dzien-plakaty-jana-zielinskiego\/#article\",\"isPartOf\":{\"@id\":\"https:\/\/msk.lodz.pl\/en\/wernisaz-wystawy-estetyka-na-zawsze-sztuka-na-co-dzien-plakaty-jana-zielinskiego\/\"},\"author\":{\"name\":\"ola test roli uzytkownika\",\"@id\":\"https:\/\/msk.lodz.pl\/#\/schema\/person\/cffd6ce75eb48ce35df7076fa7a0512e\"},\"headline\":\"Wernisa\u017c wystawy \u201eEstetyka na zawsze, sztuka na co dzie\u0144. Plakaty Jana Zieli\u0144skiego\u201d\",\"datePublished\":\"2023-04-11T21:05:35+00:00\",\"dateModified\":\"2023-04-11T21:07:10+00:00\",\"mainEntityOfPage\":{\"@id\":\"https:\/\/msk.lodz.pl\/en\/wernisaz-wystawy-estetyka-na-zawsze-sztuka-na-co-dzien-plakaty-jana-zielinskiego\/\"},\"wordCount\":230,\"commentCount\":0,\"publisher\":{\"@id\":\"https:\/\/msk.lodz.pl\/#organization\"},\"image\":{\"@id\":\"https:\/\/msk.lodz.pl\/en\/wernisaz-wystawy-estetyka-na-zawsze-sztuka-na-co-dzien-plakaty-jana-zielinskiego\/#primaryimage\"},\"thumbnailUrl\":\"https:\/\/msk.lodz.pl\/wp-content\/uploads\/2023\/04\/Zielinski_w_tle-2.jpg\",\"articleSection\":[\"Aktualno\u015bci\",\"MSK: Polesie\"],\"inLanguage\":\"en-GB\",\"potentialAction\":[{\"@type\":\"CommentAction\",\"name\":\"Comment\",\"target\":[\"https:\/\/msk.lodz.pl\/en\/wernisaz-wystawy-estetyka-na-zawsze-sztuka-na-co-dzien-plakaty-jana-zielinskiego\/#respond\"]}]},{\"@type\":\"WebPage\",\"@id\":\"https:\/\/msk.lodz.pl\/en\/wernisaz-wystawy-estetyka-na-zawsze-sztuka-na-co-dzien-plakaty-jana-zielinskiego\/\",\"url\":\"https:\/\/msk.lodz.pl\/en\/wernisaz-wystawy-estetyka-na-zawsze-sztuka-na-co-dzien-plakaty-jana-zielinskiego\/\",\"name\":\"Wernisa\u017c wystawy \u201eEstetyka na zawsze, sztuka na co dzie\u0144. Plakaty Jana Zieli\u0144skiego\u201d - MSK\",\"isPartOf\":{\"@id\":\"https:\/\/msk.lodz.pl\/#website\"},\"primaryImageOfPage\":{\"@id\":\"https:\/\/msk.lodz.pl\/en\/wernisaz-wystawy-estetyka-na-zawsze-sztuka-na-co-dzien-plakaty-jana-zielinskiego\/#primaryimage\"},\"image\":{\"@id\":\"https:\/\/msk.lodz.pl\/en\/wernisaz-wystawy-estetyka-na-zawsze-sztuka-na-co-dzien-plakaty-jana-zielinskiego\/#primaryimage\"},\"thumbnailUrl\":\"https:\/\/msk.lodz.pl\/wp-content\/uploads\/2023\/04\/Zielinski_w_tle-2.jpg\",\"datePublished\":\"2023-04-11T21:05:35+00:00\",\"dateModified\":\"2023-04-11T21:07:10+00:00\",\"breadcrumb\":{\"@id\":\"https:\/\/msk.lodz.pl\/en\/wernisaz-wystawy-estetyka-na-zawsze-sztuka-na-co-dzien-plakaty-jana-zielinskiego\/#breadcrumb\"},\"inLanguage\":\"en-GB\",\"potentialAction\":[{\"@type\":\"ReadAction\",\"target\":[\"https:\/\/msk.lodz.pl\/en\/wernisaz-wystawy-estetyka-na-zawsze-sztuka-na-co-dzien-plakaty-jana-zielinskiego\/\"]}]},{\"@type\":\"ImageObject\",\"inLanguage\":\"en-GB\",\"@id\":\"https:\/\/msk.lodz.pl\/en\/wernisaz-wystawy-estetyka-na-zawsze-sztuka-na-co-dzien-plakaty-jana-zielinskiego\/#primaryimage\",\"url\":\"https:\/\/msk.lodz.pl\/wp-content\/uploads\/2023\/04\/Zielinski_w_tle-2.jpg\",\"contentUrl\":\"https:\/\/msk.lodz.pl\/wp-content\/uploads\/2023\/04\/Zielinski_w_tle-2.jpg\",\"width\":2000,\"height\":1047,\"caption\":\"Plakaty Jana Zieli\u0144skiego\"},{\"@type\":\"BreadcrumbList\",\"@id\":\"https:\/\/msk.lodz.pl\/en\/wernisaz-wystawy-estetyka-na-zawsze-sztuka-na-co-dzien-plakaty-jana-zielinskiego\/#breadcrumb\",\"itemListElement\":[{\"@type\":\"ListItem\",\"position\":1,\"name\":\"Strona g\u0142\u00f3wna\",\"item\":\"http:\/\/msk.lodz.pl\/en\/\"},{\"@type\":\"ListItem\",\"position\":2,\"name\":\"Wernisa\u017c wystawy \u201eEstetyka na zawsze, sztuka na co dzie\u0144. Plakaty Jana Zieli\u0144skiego\u201d\"}]},{\"@type\":\"WebSite\",\"@id\":\"https:\/\/msk.lodz.pl\/#website\",\"url\":\"https:\/\/msk.lodz.pl\/\",\"name\":\"MSK - \u0141\u00f3d\u017a\",\"description\":\"\",\"publisher\":{\"@id\":\"https:\/\/msk.lodz.pl\/#organization\"},\"potentialAction\":[{\"@type\":\"SearchAction\",\"target\":{\"@type\":\"EntryPoint\",\"urlTemplate\":\"https:\/\/msk.lodz.pl\/?s={search_term_string}\"},\"query-input\":{\"@type\":\"PropertyValueSpecification\",\"valueRequired\":true,\"valueName\":\"search_term_string\"}}],\"inLanguage\":\"en-GB\"},{\"@type\":\"Organization\",\"@id\":\"https:\/\/msk.lodz.pl\/#organization\",\"name\":\"MSK - \u0141\u00f3d\u017a\",\"url\":\"https:\/\/msk.lodz.pl\/\",\"logo\":{\"@type\":\"ImageObject\",\"inLanguage\":\"en-GB\",\"@id\":\"https:\/\/msk.lodz.pl\/#\/schema\/logo\/image\/\",\"url\":\"https:\/\/msk.lodz.pl\/wp-content\/uploads\/2023\/04\/cropped-Fav_icon_MSK.png\",\"contentUrl\":\"https:\/\/msk.lodz.pl\/wp-content\/uploads\/2023\/04\/cropped-Fav_icon_MSK.png\",\"width\":512,\"height\":512,\"caption\":\"MSK - \u0141\u00f3d\u017a\"},\"image\":{\"@id\":\"https:\/\/msk.lodz.pl\/#\/schema\/logo\/image\/\"}},{\"@type\":\"Person\",\"@id\":\"https:\/\/msk.lodz.pl\/#\/schema\/person\/cffd6ce75eb48ce35df7076fa7a0512e\",\"name\":\"ola test roli uzytkownika\",\"image\":{\"@type\":\"ImageObject\",\"inLanguage\":\"en-GB\",\"@id\":\"https:\/\/msk.lodz.pl\/#\/schema\/person\/image\/\",\"url\":\"https:\/\/secure.gravatar.com\/avatar\/71d3e77f9bce51ec51e6c2a261588e6a5c0ce07befceafdde7dbe75517c0b10d?s=96&d=mm&r=g\",\"contentUrl\":\"https:\/\/secure.gravatar.com\/avatar\/71d3e77f9bce51ec51e6c2a261588e6a5c0ce07befceafdde7dbe75517c0b10d?s=96&d=mm&r=g\",\"caption\":\"ola test roli uzytkownika\"},\"url\":\"https:\/\/msk.lodz.pl\/en\/author\/ola-test-roli-uzytkownika\/\"}]}<\/script>\n<!-- \/ Yoast SEO plugin. -->","yoast_head_json":{"title":"Wernisa\u017c wystawy \u201eEstetyka na zawsze, sztuka na co dzie\u0144. Plakaty Jana Zieli\u0144skiego\u201d - MSK","robots":{"index":"index","follow":"follow","max-snippet":"max-snippet:-1","max-image-preview":"max-image-preview:large","max-video-preview":"max-video-preview:-1"},"canonical":"https:\/\/msk.lodz.pl\/en\/wernisaz-wystawy-estetyka-na-zawsze-sztuka-na-co-dzien-plakaty-jana-zielinskiego\/","og_locale":"en_GB","og_type":"article","og_title":"Wernisa\u017c wystawy \u201eEstetyka na zawsze, sztuka na co dzie\u0144. Plakaty Jana Zieli\u0144skiego\u201d - MSK","og_description":"13 kwietnia o 17:00 zapraszamy na niepowtarzalny wernisa\u017c wystawy plakat\u00f3w Jana Zieli\u0144skiego. Wystawa jest prezentacj\u0105 plakat\u00f3w artysty wykonywanych dla \u00f3wczesnego Poleskiego O\u015brodka Sztuki (obecnie O\u015brodek Sztuki, filia MSK) w latach 1991\u20132012. S\u0105 to oryginalne, odr\u0119czne, nigdy niedrukowane prace, kt\u00f3re znajduj\u0105 si\u0119 obecnie w znacznej cz\u0119\u015bci w archiwum Miejskiej Strefy Kultury w \u0141odzi oraz w zbiorach [&hellip;]","og_url":"https:\/\/msk.lodz.pl\/en\/wernisaz-wystawy-estetyka-na-zawsze-sztuka-na-co-dzien-plakaty-jana-zielinskiego\/","og_site_name":"MSK","article_published_time":"2023-04-11T21:05:35+00:00","article_modified_time":"2023-04-11T21:07:10+00:00","og_image":[{"width":1024,"height":536,"url":"https:\/\/msk.lodz.pl\/wp-content\/uploads\/2023\/04\/Zielinski_w_tle-2-1024x536.jpg","type":"image\/jpeg"}],"author":"ola test roli uzytkownika","twitter_card":"summary_large_image","twitter_misc":{"Written by":"ola test roli uzytkownika","Estimated reading time":"1 minute"},"schema":{"@context":"https:\/\/schema.org","@graph":[{"@type":"Article","@id":"https:\/\/msk.lodz.pl\/en\/wernisaz-wystawy-estetyka-na-zawsze-sztuka-na-co-dzien-plakaty-jana-zielinskiego\/#article","isPartOf":{"@id":"https:\/\/msk.lodz.pl\/en\/wernisaz-wystawy-estetyka-na-zawsze-sztuka-na-co-dzien-plakaty-jana-zielinskiego\/"},"author":{"name":"ola test roli uzytkownika","@id":"https:\/\/msk.lodz.pl\/#\/schema\/person\/cffd6ce75eb48ce35df7076fa7a0512e"},"headline":"Wernisa\u017c wystawy \u201eEstetyka na zawsze, sztuka na co dzie\u0144. Plakaty Jana Zieli\u0144skiego\u201d","datePublished":"2023-04-11T21:05:35+00:00","dateModified":"2023-04-11T21:07:10+00:00","mainEntityOfPage":{"@id":"https:\/\/msk.lodz.pl\/en\/wernisaz-wystawy-estetyka-na-zawsze-sztuka-na-co-dzien-plakaty-jana-zielinskiego\/"},"wordCount":230,"commentCount":0,"publisher":{"@id":"https:\/\/msk.lodz.pl\/#organization"},"image":{"@id":"https:\/\/msk.lodz.pl\/en\/wernisaz-wystawy-estetyka-na-zawsze-sztuka-na-co-dzien-plakaty-jana-zielinskiego\/#primaryimage"},"thumbnailUrl":"https:\/\/msk.lodz.pl\/wp-content\/uploads\/2023\/04\/Zielinski_w_tle-2.jpg","articleSection":["Aktualno\u015bci","MSK: Polesie"],"inLanguage":"en-GB","potentialAction":[{"@type":"CommentAction","name":"Comment","target":["https:\/\/msk.lodz.pl\/en\/wernisaz-wystawy-estetyka-na-zawsze-sztuka-na-co-dzien-plakaty-jana-zielinskiego\/#respond"]}]},{"@type":"WebPage","@id":"https:\/\/msk.lodz.pl\/en\/wernisaz-wystawy-estetyka-na-zawsze-sztuka-na-co-dzien-plakaty-jana-zielinskiego\/","url":"https:\/\/msk.lodz.pl\/en\/wernisaz-wystawy-estetyka-na-zawsze-sztuka-na-co-dzien-plakaty-jana-zielinskiego\/","name":"Wernisa\u017c wystawy \u201eEstetyka na zawsze, sztuka na co dzie\u0144. Plakaty Jana Zieli\u0144skiego\u201d - MSK","isPartOf":{"@id":"https:\/\/msk.lodz.pl\/#website"},"primaryImageOfPage":{"@id":"https:\/\/msk.lodz.pl\/en\/wernisaz-wystawy-estetyka-na-zawsze-sztuka-na-co-dzien-plakaty-jana-zielinskiego\/#primaryimage"},"image":{"@id":"https:\/\/msk.lodz.pl\/en\/wernisaz-wystawy-estetyka-na-zawsze-sztuka-na-co-dzien-plakaty-jana-zielinskiego\/#primaryimage"},"thumbnailUrl":"https:\/\/msk.lodz.pl\/wp-content\/uploads\/2023\/04\/Zielinski_w_tle-2.jpg","datePublished":"2023-04-11T21:05:35+00:00","dateModified":"2023-04-11T21:07:10+00:00","breadcrumb":{"@id":"https:\/\/msk.lodz.pl\/en\/wernisaz-wystawy-estetyka-na-zawsze-sztuka-na-co-dzien-plakaty-jana-zielinskiego\/#breadcrumb"},"inLanguage":"en-GB","potentialAction":[{"@type":"ReadAction","target":["https:\/\/msk.lodz.pl\/en\/wernisaz-wystawy-estetyka-na-zawsze-sztuka-na-co-dzien-plakaty-jana-zielinskiego\/"]}]},{"@type":"ImageObject","inLanguage":"en-GB","@id":"https:\/\/msk.lodz.pl\/en\/wernisaz-wystawy-estetyka-na-zawsze-sztuka-na-co-dzien-plakaty-jana-zielinskiego\/#primaryimage","url":"https:\/\/msk.lodz.pl\/wp-content\/uploads\/2023\/04\/Zielinski_w_tle-2.jpg","contentUrl":"https:\/\/msk.lodz.pl\/wp-content\/uploads\/2023\/04\/Zielinski_w_tle-2.jpg","width":2000,"height":1047,"caption":"Plakaty Jana Zieli\u0144skiego"},{"@type":"BreadcrumbList","@id":"https:\/\/msk.lodz.pl\/en\/wernisaz-wystawy-estetyka-na-zawsze-sztuka-na-co-dzien-plakaty-jana-zielinskiego\/#breadcrumb","itemListElement":[{"@type":"ListItem","position":1,"name":"Strona g\u0142\u00f3wna","item":"http:\/\/msk.lodz.pl\/en\/"},{"@type":"ListItem","position":2,"name":"Wernisa\u017c wystawy \u201eEstetyka na zawsze, sztuka na co dzie\u0144. Plakaty Jana Zieli\u0144skiego\u201d"}]},{"@type":"WebSite","@id":"https:\/\/msk.lodz.pl\/#website","url":"https:\/\/msk.lodz.pl\/","name":"MSK - \u0141\u00f3d\u017a","description":"","publisher":{"@id":"https:\/\/msk.lodz.pl\/#organization"},"potentialAction":[{"@type":"SearchAction","target":{"@type":"EntryPoint","urlTemplate":"https:\/\/msk.lodz.pl\/?s={search_term_string}"},"query-input":{"@type":"PropertyValueSpecification","valueRequired":true,"valueName":"search_term_string"}}],"inLanguage":"en-GB"},{"@type":"Organization","@id":"https:\/\/msk.lodz.pl\/#organization","name":"MSK - \u0141\u00f3d\u017a","url":"https:\/\/msk.lodz.pl\/","logo":{"@type":"ImageObject","inLanguage":"en-GB","@id":"https:\/\/msk.lodz.pl\/#\/schema\/logo\/image\/","url":"https:\/\/msk.lodz.pl\/wp-content\/uploads\/2023\/04\/cropped-Fav_icon_MSK.png","contentUrl":"https:\/\/msk.lodz.pl\/wp-content\/uploads\/2023\/04\/cropped-Fav_icon_MSK.png","width":512,"height":512,"caption":"MSK - \u0141\u00f3d\u017a"},"image":{"@id":"https:\/\/msk.lodz.pl\/#\/schema\/logo\/image\/"}},{"@type":"Person","@id":"https:\/\/msk.lodz.pl\/#\/schema\/person\/cffd6ce75eb48ce35df7076fa7a0512e","name":"ola test roli uzytkownika","image":{"@type":"ImageObject","inLanguage":"en-GB","@id":"https:\/\/msk.lodz.pl\/#\/schema\/person\/image\/","url":"https:\/\/secure.gravatar.com\/avatar\/71d3e77f9bce51ec51e6c2a261588e6a5c0ce07befceafdde7dbe75517c0b10d?s=96&d=mm&r=g","contentUrl":"https:\/\/secure.gravatar.com\/avatar\/71d3e77f9bce51ec51e6c2a261588e6a5c0ce07befceafdde7dbe75517c0b10d?s=96&d=mm&r=g","caption":"ola test roli uzytkownika"},"url":"https:\/\/msk.lodz.pl\/en\/author\/ola-test-roli-uzytkownika\/"}]}},"_links":{"self":[{"href":"https:\/\/msk.lodz.pl\/en\/wp-json\/wp\/v2\/posts\/9398","targetHints":{"allow":["GET"]}}],"collection":[{"href":"https:\/\/msk.lodz.pl\/en\/wp-json\/wp\/v2\/posts"}],"about":[{"href":"https:\/\/msk.lodz.pl\/en\/wp-json\/wp\/v2\/types\/post"}],"author":[{"embeddable":true,"href":"https:\/\/msk.lodz.pl\/en\/wp-json\/wp\/v2\/users\/35"}],"replies":[{"embeddable":true,"href":"https:\/\/msk.lodz.pl\/en\/wp-json\/wp\/v2\/comments?post=9398"}],"version-history":[{"count":0,"href":"https:\/\/msk.lodz.pl\/en\/wp-json\/wp\/v2\/posts\/9398\/revisions"}],"wp:featuredmedia":[{"embeddable":true,"href":"https:\/\/msk.lodz.pl\/en\/wp-json\/wp\/v2\/media\/9215"}],"wp:attachment":[{"href":"https:\/\/msk.lodz.pl\/en\/wp-json\/wp\/v2\/media?parent=9398"}],"wp:term":[{"taxonomy":"category","embeddable":true,"href":"https:\/\/msk.lodz.pl\/en\/wp-json\/wp\/v2\/categories?post=9398"},{"taxonomy":"post_tag","embeddable":true,"href":"https:\/\/msk.lodz.pl\/en\/wp-json\/wp\/v2\/tags?post=9398"}],"curies":[{"name":"wp","href":"https:\/\/api.w.org\/{rel}","templated":true}]}}