{"id":94949,"date":"2025-04-10T16:41:11","date_gmt":"2025-04-10T14:41:11","guid":{"rendered":"https:\/\/msk.lodz.pl\/?p=94949"},"modified":"2025-04-10T16:41:11","modified_gmt":"2025-04-10T14:41:11","slug":"koncert-piosenek-seweryna-krajewskiego","status":"publish","type":"post","link":"https:\/\/msk.lodz.pl\/en\/koncert-piosenek-seweryna-krajewskiego\/","title":{"rendered":"Koncert Piosenek Seweryna Krajewskiego"},"content":{"rendered":"<p class=\"has-medium-font-size\"><strong>Zapraszamy na wyj\u0105tkowy koncert piosenek Seweryna Krajewskiego!<\/strong><\/p>\n\n\n\n<p class=\"has-medium-font-size\">Ju\u017c <strong>11 kwietnia<\/strong> o godzinie <strong>16:00 <\/strong>spotkamy si\u0119, by wsp\u00f3lnie zanurzy\u0107 si\u0119 w pi\u0119knie melodii i tekst\u00f3w jednego z najwi\u0119kszych tw\u00f3rc\u00f3w polskiej muzyki.<\/p>\n\n\n\n<p class=\"has-medium-font-size\">Za wokal, gitar\u0119 oraz instrumenty klawiszowe odpowiada utalentowany <strong>Adrian Latosiewicz<\/strong>, kt\u00f3ry zabierze nas w muzyczn\u0105 podr\u00f3\u017c pe\u0142n\u0105 nostalgii i emocji.<\/p>\n\n\n\n<p class=\"has-medium-font-size\">Nie przegapcie tej okazji \u2013 do zobaczenia!<\/p>\n\n\n\n<p><\/p>","protected":false},"excerpt":{"rendered":"<p>Zapraszamy na wyj\u0105tkowy koncert piosenek Seweryna Krajewskiego! Ju\u017c 11 kwietnia o godzinie 16:00 spotkamy si\u0119, by wsp\u00f3lnie zanurzy\u0107 si\u0119 w pi\u0119knie melodii i tekst\u00f3w jednego z najwi\u0119kszych tw\u00f3rc\u00f3w polskiej muzyki. Za wokal, gitar\u0119 oraz instrumenty klawiszowe odpowiada utalentowany Adrian Latosiewicz, kt\u00f3ry zabierze nas w muzyczn\u0105 podr\u00f3\u017c pe\u0142n\u0105 nostalgii i emocji. Nie przegapcie tej okazji \u2013 [&hellip;]<\/p>","protected":false},"author":113,"featured_media":94952,"comment_status":"closed","ping_status":"","sticky":false,"template":"","format":"standard","meta":{"footnotes":""},"categories":[217,216],"tags":[],"class_list":["post-94949","post","type-post","status-publish","format-standard","has-post-thumbnail","hentry","category-aktualnosci-msk-dabrowa","category-msk-dabrowa"],"yoast_head":"<!-- This site is optimized with the Yoast SEO plugin v26.5 - https:\/\/yoast.com\/wordpress\/plugins\/seo\/ -->\n<title>Koncert Piosenek Seweryna Krajewskiego - MSK<\/title>\n<meta name=\"robots\" content=\"index, follow, max-snippet:-1, max-image-preview:large, max-video-preview:-1\" \/>\n<link rel=\"canonical\" href=\"https:\/\/msk.lodz.pl\/en\/koncert-piosenek-seweryna-krajewskiego\/\" \/>\n<meta property=\"og:locale\" content=\"en_GB\" \/>\n<meta property=\"og:type\" content=\"article\" \/>\n<meta property=\"og:title\" content=\"Koncert Piosenek Seweryna Krajewskiego - MSK\" \/>\n<meta property=\"og:description\" content=\"Zapraszamy na wyj\u0105tkowy koncert piosenek Seweryna Krajewskiego! Ju\u017c 11 kwietnia o godzinie 16:00 spotkamy si\u0119, by wsp\u00f3lnie zanurzy\u0107 si\u0119 w pi\u0119knie melodii i tekst\u00f3w jednego z najwi\u0119kszych tw\u00f3rc\u00f3w polskiej muzyki. Za wokal, gitar\u0119 oraz instrumenty klawiszowe odpowiada utalentowany Adrian Latosiewicz, kt\u00f3ry zabierze nas w muzyczn\u0105 podr\u00f3\u017c pe\u0142n\u0105 nostalgii i emocji. Nie przegapcie tej okazji \u2013 [&hellip;]\" \/>\n<meta property=\"og:url\" content=\"https:\/\/msk.lodz.pl\/en\/koncert-piosenek-seweryna-krajewskiego\/\" \/>\n<meta property=\"og:site_name\" content=\"MSK\" \/>\n<meta property=\"article:published_time\" content=\"2025-04-10T14:41:11+00:00\" \/>\n<meta property=\"og:image\" content=\"https:\/\/msk.lodz.pl\/wp-content\/uploads\/2025\/04\/LATOSIEWICZ.png\" \/>\n\t<meta property=\"og:image:width\" content=\"1424\" \/>\n\t<meta property=\"og:image:height\" content=\"1024\" \/>\n\t<meta property=\"og:image:type\" content=\"image\/png\" \/>\n<meta name=\"author\" content=\"Ma\u0142gorzata Kaczmarek\" \/>\n<meta name=\"twitter:card\" content=\"summary_large_image\" \/>\n<meta name=\"twitter:label1\" content=\"Written by\" \/>\n\t<meta name=\"twitter:data1\" content=\"Ma\u0142gorzata Kaczmarek\" \/>\n<script type=\"application\/ld+json\" class=\"yoast-schema-graph\">{\"@context\":\"https:\/\/schema.org\",\"@graph\":[{\"@type\":\"Article\",\"@id\":\"https:\/\/msk.lodz.pl\/en\/koncert-piosenek-seweryna-krajewskiego\/#article\",\"isPartOf\":{\"@id\":\"https:\/\/msk.lodz.pl\/en\/koncert-piosenek-seweryna-krajewskiego\/\"},\"author\":{\"name\":\"Ma\u0142gorzata Kaczmarek\",\"@id\":\"https:\/\/msk.lodz.pl\/#\/schema\/person\/19b7468aa9fae425a9e7bbe0ad5e8fd3\"},\"headline\":\"Koncert Piosenek Seweryna Krajewskiego\",\"datePublished\":\"2025-04-10T14:41:11+00:00\",\"mainEntityOfPage\":{\"@id\":\"https:\/\/msk.lodz.pl\/en\/koncert-piosenek-seweryna-krajewskiego\/\"},\"wordCount\":67,\"publisher\":{\"@id\":\"https:\/\/msk.lodz.pl\/#organization\"},\"image\":{\"@id\":\"https:\/\/msk.lodz.pl\/en\/koncert-piosenek-seweryna-krajewskiego\/#primaryimage\"},\"thumbnailUrl\":\"https:\/\/msk.lodz.pl\/wp-content\/uploads\/2025\/04\/LATOSIEWICZ.png\",\"articleSection\":[\"Aktualno\u015bci\",\"MSK: D\u0105browa\"],\"inLanguage\":\"en-GB\"},{\"@type\":\"WebPage\",\"@id\":\"https:\/\/msk.lodz.pl\/en\/koncert-piosenek-seweryna-krajewskiego\/\",\"url\":\"https:\/\/msk.lodz.pl\/en\/koncert-piosenek-seweryna-krajewskiego\/\",\"name\":\"Koncert Piosenek Seweryna Krajewskiego - MSK\",\"isPartOf\":{\"@id\":\"https:\/\/msk.lodz.pl\/#website\"},\"primaryImageOfPage\":{\"@id\":\"https:\/\/msk.lodz.pl\/en\/koncert-piosenek-seweryna-krajewskiego\/#primaryimage\"},\"image\":{\"@id\":\"https:\/\/msk.lodz.pl\/en\/koncert-piosenek-seweryna-krajewskiego\/#primaryimage\"},\"thumbnailUrl\":\"https:\/\/msk.lodz.pl\/wp-content\/uploads\/2025\/04\/LATOSIEWICZ.png\",\"datePublished\":\"2025-04-10T14:41:11+00:00\",\"breadcrumb\":{\"@id\":\"https:\/\/msk.lodz.pl\/en\/koncert-piosenek-seweryna-krajewskiego\/#breadcrumb\"},\"inLanguage\":\"en-GB\",\"potentialAction\":[{\"@type\":\"ReadAction\",\"target\":[\"https:\/\/msk.lodz.pl\/en\/koncert-piosenek-seweryna-krajewskiego\/\"]}]},{\"@type\":\"ImageObject\",\"inLanguage\":\"en-GB\",\"@id\":\"https:\/\/msk.lodz.pl\/en\/koncert-piosenek-seweryna-krajewskiego\/#primaryimage\",\"url\":\"https:\/\/msk.lodz.pl\/wp-content\/uploads\/2025\/04\/LATOSIEWICZ.png\",\"contentUrl\":\"https:\/\/msk.lodz.pl\/wp-content\/uploads\/2025\/04\/LATOSIEWICZ.png\",\"width\":1424,\"height\":1024},{\"@type\":\"BreadcrumbList\",\"@id\":\"https:\/\/msk.lodz.pl\/en\/koncert-piosenek-seweryna-krajewskiego\/#breadcrumb\",\"itemListElement\":[{\"@type\":\"ListItem\",\"position\":1,\"name\":\"Strona g\u0142\u00f3wna\",\"item\":\"http:\/\/msk.lodz.pl\/en\/\"},{\"@type\":\"ListItem\",\"position\":2,\"name\":\"Koncert Piosenek Seweryna Krajewskiego\"}]},{\"@type\":\"WebSite\",\"@id\":\"https:\/\/msk.lodz.pl\/#website\",\"url\":\"https:\/\/msk.lodz.pl\/\",\"name\":\"MSK - \u0141\u00f3d\u017a\",\"description\":\"\",\"publisher\":{\"@id\":\"https:\/\/msk.lodz.pl\/#organization\"},\"potentialAction\":[{\"@type\":\"SearchAction\",\"target\":{\"@type\":\"EntryPoint\",\"urlTemplate\":\"https:\/\/msk.lodz.pl\/?s={search_term_string}\"},\"query-input\":{\"@type\":\"PropertyValueSpecification\",\"valueRequired\":true,\"valueName\":\"search_term_string\"}}],\"inLanguage\":\"en-GB\"},{\"@type\":\"Organization\",\"@id\":\"https:\/\/msk.lodz.pl\/#organization\",\"name\":\"MSK - \u0141\u00f3d\u017a\",\"url\":\"https:\/\/msk.lodz.pl\/\",\"logo\":{\"@type\":\"ImageObject\",\"inLanguage\":\"en-GB\",\"@id\":\"https:\/\/msk.lodz.pl\/#\/schema\/logo\/image\/\",\"url\":\"https:\/\/msk.lodz.pl\/wp-content\/uploads\/2023\/04\/cropped-Fav_icon_MSK.png\",\"contentUrl\":\"https:\/\/msk.lodz.pl\/wp-content\/uploads\/2023\/04\/cropped-Fav_icon_MSK.png\",\"width\":512,\"height\":512,\"caption\":\"MSK - \u0141\u00f3d\u017a\"},\"image\":{\"@id\":\"https:\/\/msk.lodz.pl\/#\/schema\/logo\/image\/\"}},{\"@type\":\"Person\",\"@id\":\"https:\/\/msk.lodz.pl\/#\/schema\/person\/19b7468aa9fae425a9e7bbe0ad5e8fd3\",\"name\":\"Ma\u0142gorzata Kaczmarek\",\"image\":{\"@type\":\"ImageObject\",\"inLanguage\":\"en-GB\",\"@id\":\"https:\/\/msk.lodz.pl\/#\/schema\/person\/image\/\",\"url\":\"https:\/\/secure.gravatar.com\/avatar\/adfb23171c346e6d278377a759d2df571cccc6df41aadc2314236687119d28f3?s=96&d=mm&r=g\",\"contentUrl\":\"https:\/\/secure.gravatar.com\/avatar\/adfb23171c346e6d278377a759d2df571cccc6df41aadc2314236687119d28f3?s=96&d=mm&r=g\",\"caption\":\"Ma\u0142gorzata Kaczmarek\"},\"url\":\"https:\/\/msk.lodz.pl\/en\/author\/m-kaczmarek\/\"}]}<\/script>\n<!-- \/ Yoast SEO plugin. -->","yoast_head_json":{"title":"Koncert Piosenek Seweryna Krajewskiego - MSK","robots":{"index":"index","follow":"follow","max-snippet":"max-snippet:-1","max-image-preview":"max-image-preview:large","max-video-preview":"max-video-preview:-1"},"canonical":"https:\/\/msk.lodz.pl\/en\/koncert-piosenek-seweryna-krajewskiego\/","og_locale":"en_GB","og_type":"article","og_title":"Koncert Piosenek Seweryna Krajewskiego - MSK","og_description":"Zapraszamy na wyj\u0105tkowy koncert piosenek Seweryna Krajewskiego! Ju\u017c 11 kwietnia o godzinie 16:00 spotkamy si\u0119, by wsp\u00f3lnie zanurzy\u0107 si\u0119 w pi\u0119knie melodii i tekst\u00f3w jednego z najwi\u0119kszych tw\u00f3rc\u00f3w polskiej muzyki. Za wokal, gitar\u0119 oraz instrumenty klawiszowe odpowiada utalentowany Adrian Latosiewicz, kt\u00f3ry zabierze nas w muzyczn\u0105 podr\u00f3\u017c pe\u0142n\u0105 nostalgii i emocji. Nie przegapcie tej okazji \u2013 [&hellip;]","og_url":"https:\/\/msk.lodz.pl\/en\/koncert-piosenek-seweryna-krajewskiego\/","og_site_name":"MSK","article_published_time":"2025-04-10T14:41:11+00:00","og_image":[{"width":1424,"height":1024,"url":"https:\/\/msk.lodz.pl\/wp-content\/uploads\/2025\/04\/LATOSIEWICZ.png","type":"image\/png"}],"author":"Ma\u0142gorzata Kaczmarek","twitter_card":"summary_large_image","twitter_misc":{"Written by":"Ma\u0142gorzata Kaczmarek"},"schema":{"@context":"https:\/\/schema.org","@graph":[{"@type":"Article","@id":"https:\/\/msk.lodz.pl\/en\/koncert-piosenek-seweryna-krajewskiego\/#article","isPartOf":{"@id":"https:\/\/msk.lodz.pl\/en\/koncert-piosenek-seweryna-krajewskiego\/"},"author":{"name":"Ma\u0142gorzata Kaczmarek","@id":"https:\/\/msk.lodz.pl\/#\/schema\/person\/19b7468aa9fae425a9e7bbe0ad5e8fd3"},"headline":"Koncert Piosenek Seweryna Krajewskiego","datePublished":"2025-04-10T14:41:11+00:00","mainEntityOfPage":{"@id":"https:\/\/msk.lodz.pl\/en\/koncert-piosenek-seweryna-krajewskiego\/"},"wordCount":67,"publisher":{"@id":"https:\/\/msk.lodz.pl\/#organization"},"image":{"@id":"https:\/\/msk.lodz.pl\/en\/koncert-piosenek-seweryna-krajewskiego\/#primaryimage"},"thumbnailUrl":"https:\/\/msk.lodz.pl\/wp-content\/uploads\/2025\/04\/LATOSIEWICZ.png","articleSection":["Aktualno\u015bci","MSK: D\u0105browa"],"inLanguage":"en-GB"},{"@type":"WebPage","@id":"https:\/\/msk.lodz.pl\/en\/koncert-piosenek-seweryna-krajewskiego\/","url":"https:\/\/msk.lodz.pl\/en\/koncert-piosenek-seweryna-krajewskiego\/","name":"Koncert Piosenek Seweryna Krajewskiego - MSK","isPartOf":{"@id":"https:\/\/msk.lodz.pl\/#website"},"primaryImageOfPage":{"@id":"https:\/\/msk.lodz.pl\/en\/koncert-piosenek-seweryna-krajewskiego\/#primaryimage"},"image":{"@id":"https:\/\/msk.lodz.pl\/en\/koncert-piosenek-seweryna-krajewskiego\/#primaryimage"},"thumbnailUrl":"https:\/\/msk.lodz.pl\/wp-content\/uploads\/2025\/04\/LATOSIEWICZ.png","datePublished":"2025-04-10T14:41:11+00:00","breadcrumb":{"@id":"https:\/\/msk.lodz.pl\/en\/koncert-piosenek-seweryna-krajewskiego\/#breadcrumb"},"inLanguage":"en-GB","potentialAction":[{"@type":"ReadAction","target":["https:\/\/msk.lodz.pl\/en\/koncert-piosenek-seweryna-krajewskiego\/"]}]},{"@type":"ImageObject","inLanguage":"en-GB","@id":"https:\/\/msk.lodz.pl\/en\/koncert-piosenek-seweryna-krajewskiego\/#primaryimage","url":"https:\/\/msk.lodz.pl\/wp-content\/uploads\/2025\/04\/LATOSIEWICZ.png","contentUrl":"https:\/\/msk.lodz.pl\/wp-content\/uploads\/2025\/04\/LATOSIEWICZ.png","width":1424,"height":1024},{"@type":"BreadcrumbList","@id":"https:\/\/msk.lodz.pl\/en\/koncert-piosenek-seweryna-krajewskiego\/#breadcrumb","itemListElement":[{"@type":"ListItem","position":1,"name":"Strona g\u0142\u00f3wna","item":"http:\/\/msk.lodz.pl\/en\/"},{"@type":"ListItem","position":2,"name":"Koncert Piosenek Seweryna Krajewskiego"}]},{"@type":"WebSite","@id":"https:\/\/msk.lodz.pl\/#website","url":"https:\/\/msk.lodz.pl\/","name":"MSK - \u0141\u00f3d\u017a","description":"","publisher":{"@id":"https:\/\/msk.lodz.pl\/#organization"},"potentialAction":[{"@type":"SearchAction","target":{"@type":"EntryPoint","urlTemplate":"https:\/\/msk.lodz.pl\/?s={search_term_string}"},"query-input":{"@type":"PropertyValueSpecification","valueRequired":true,"valueName":"search_term_string"}}],"inLanguage":"en-GB"},{"@type":"Organization","@id":"https:\/\/msk.lodz.pl\/#organization","name":"MSK - \u0141\u00f3d\u017a","url":"https:\/\/msk.lodz.pl\/","logo":{"@type":"ImageObject","inLanguage":"en-GB","@id":"https:\/\/msk.lodz.pl\/#\/schema\/logo\/image\/","url":"https:\/\/msk.lodz.pl\/wp-content\/uploads\/2023\/04\/cropped-Fav_icon_MSK.png","contentUrl":"https:\/\/msk.lodz.pl\/wp-content\/uploads\/2023\/04\/cropped-Fav_icon_MSK.png","width":512,"height":512,"caption":"MSK - \u0141\u00f3d\u017a"},"image":{"@id":"https:\/\/msk.lodz.pl\/#\/schema\/logo\/image\/"}},{"@type":"Person","@id":"https:\/\/msk.lodz.pl\/#\/schema\/person\/19b7468aa9fae425a9e7bbe0ad5e8fd3","name":"Ma\u0142gorzata Kaczmarek","image":{"@type":"ImageObject","inLanguage":"en-GB","@id":"https:\/\/msk.lodz.pl\/#\/schema\/person\/image\/","url":"https:\/\/secure.gravatar.com\/avatar\/adfb23171c346e6d278377a759d2df571cccc6df41aadc2314236687119d28f3?s=96&d=mm&r=g","contentUrl":"https:\/\/secure.gravatar.com\/avatar\/adfb23171c346e6d278377a759d2df571cccc6df41aadc2314236687119d28f3?s=96&d=mm&r=g","caption":"Ma\u0142gorzata Kaczmarek"},"url":"https:\/\/msk.lodz.pl\/en\/author\/m-kaczmarek\/"}]}},"_links":{"self":[{"href":"https:\/\/msk.lodz.pl\/en\/wp-json\/wp\/v2\/posts\/94949","targetHints":{"allow":["GET"]}}],"collection":[{"href":"https:\/\/msk.lodz.pl\/en\/wp-json\/wp\/v2\/posts"}],"about":[{"href":"https:\/\/msk.lodz.pl\/en\/wp-json\/wp\/v2\/types\/post"}],"author":[{"embeddable":true,"href":"https:\/\/msk.lodz.pl\/en\/wp-json\/wp\/v2\/users\/113"}],"replies":[{"embeddable":true,"href":"https:\/\/msk.lodz.pl\/en\/wp-json\/wp\/v2\/comments?post=94949"}],"version-history":[{"count":0,"href":"https:\/\/msk.lodz.pl\/en\/wp-json\/wp\/v2\/posts\/94949\/revisions"}],"wp:featuredmedia":[{"embeddable":true,"href":"https:\/\/msk.lodz.pl\/en\/wp-json\/wp\/v2\/media\/94952"}],"wp:attachment":[{"href":"https:\/\/msk.lodz.pl\/en\/wp-json\/wp\/v2\/media?parent=94949"}],"wp:term":[{"taxonomy":"category","embeddable":true,"href":"https:\/\/msk.lodz.pl\/en\/wp-json\/wp\/v2\/categories?post=94949"},{"taxonomy":"post_tag","embeddable":true,"href":"https:\/\/msk.lodz.pl\/en\/wp-json\/wp\/v2\/tags?post=94949"}],"curies":[{"name":"wp","href":"https:\/\/api.w.org\/{rel}","templated":true}]}}