{"id":9499,"date":"2023-04-12T13:01:39","date_gmt":"2023-04-12T11:01:39","guid":{"rendered":"https:\/\/msk.lodz.pl\/?p=9499"},"modified":"2023-04-13T18:28:22","modified_gmt":"2023-04-13T16:28:22","slug":"miedzynarodowy-dzien-tanca-w-ariadnie","status":"publish","type":"post","link":"https:\/\/msk.lodz.pl\/en\/miedzynarodowy-dzien-tanca-w-ariadnie\/","title":{"rendered":"Mi\u0119dzynarodowy Dzie\u0144 Ta\u0144ca w Ariadnie"},"content":{"rendered":"<p class=\"has-medium-font-size\">Edukacja taneczna jest jednym z filar\u00f3w naszej dzia\u0142alno\u015bci. Kochamy taniec w ka\u017cdej formie, dlatego Mi\u0119dzynarodowy Dzie\u0144 Ta\u0144ca to dla nas wyj\u0105tkowe \u015bwi\u0119to.<\/p>\n\n\n\n<p class=\"has-medium-font-size\">W tym roku po\u0142\u0105czyli\u015bmy si\u0142y z Instytutem Choreografii i Technik Ta\u0144ca Akademii Muzycznej im. Gra\u017cyny i Kiejstuta Bacewicz\u00f3w w \u0141odzi i wsp\u00f3lnie organizujemy wyst\u0119p student\u00f3w tej specjalizacji.<\/p>\n\n\n\n<p class=\"has-medium-font-size\">Zapraszamy ju\u017c 22 kwietnia o godz. 16:00 do Domu Kultury Ariadna. W programie znajd\u0105 si\u0119 prace indywidualne i grupowe stworzone samodzielnie przez student\u00f3w lub pod kierunkiem pedagog\u00f3w kierunku. Jako, \u017ce taniec ma r\u00f3\u017cne oblicza, na scenie nie zabraknie r\u00f3\u017cnorodnych gatunk\u00f3w i kreacji.<\/p>\n\n\n\n<p class=\"has-medium-font-size\">Widzowie zobacz\u0105 m.in. zabaw\u0119 rytmem i form\u0105, a tak\u017ce metaforyczn\u0105 mozaik\u0119 poruszaj\u0105cych si\u0119 cia\u0142, kt\u00f3re wsp\u00f3lnie tworz\u0105 kszta\u0142ty, linie i figury. Co kryje si\u0119 pod intryguj\u0105cymi tytu\u0142ami <em>Ekspresja to nazwa kawy, czy 90 sekund do p\u00f3\u0142nocy? Czym jest Zegar Zag\u0142ady? Czy choreografia mo\u017ce by\u0107 jak wiersz?<\/em><\/p>\n\n\n\n<p class=\"has-medium-font-size\">Patronem akcji ta\u0144czMY jest Narodowy Instytut Muzyki i Ta\u0144ca. <\/p>\n\n\n\n<p class=\"has-medium-font-size\">Zapraszamy wszystkich mi\u0142o\u015bnik\u00f3w ta\u0144ca do wsp\u00f3lnego celebrowania!<\/p>\n\n\n\n<p class=\"has-medium-font-size\">Wst\u0119p bezp\u0142atny. Obowi\u0105zuj\u0105 zapisy<\/p>","protected":false},"excerpt":{"rendered":"<p>Edukacja taneczna jest jednym z filar\u00f3w naszej dzia\u0142alno\u015bci. Kochamy taniec w ka\u017cdej formie, dlatego Mi\u0119dzynarodowy Dzie\u0144 Ta\u0144ca to dla nas wyj\u0105tkowe \u015bwi\u0119to. W tym roku po\u0142\u0105czyli\u015bmy si\u0142y z Instytutem Choreografii i Technik Ta\u0144ca Akademii Muzycznej im. Gra\u017cyny i Kiejstuta Bacewicz\u00f3w w \u0141odzi i wsp\u00f3lnie organizujemy wyst\u0119p student\u00f3w tej specjalizacji. Zapraszamy ju\u017c 22 kwietnia o godz. [&hellip;]<\/p>","protected":false},"author":35,"featured_media":9600,"comment_status":"open","ping_status":"open","sticky":false,"template":"","format":"standard","meta":{"footnotes":""},"categories":[222,221],"tags":[],"class_list":["post-9499","post","type-post","status-publish","format-standard","has-post-thumbnail","hentry","category-aktualnosci-msk-niciarniana","category-msk-niciarniana"],"yoast_head":"<!-- This site is optimized with the Yoast SEO plugin v26.5 - https:\/\/yoast.com\/wordpress\/plugins\/seo\/ -->\n<title>Mi\u0119dzynarodowy Dzie\u0144 Ta\u0144ca w Ariadnie - MSK<\/title>\n<meta name=\"robots\" content=\"index, follow, max-snippet:-1, max-image-preview:large, max-video-preview:-1\" \/>\n<link rel=\"canonical\" href=\"https:\/\/msk.lodz.pl\/en\/miedzynarodowy-dzien-tanca-w-ariadnie\/\" \/>\n<meta property=\"og:locale\" content=\"en_GB\" \/>\n<meta property=\"og:type\" content=\"article\" \/>\n<meta property=\"og:title\" content=\"Mi\u0119dzynarodowy Dzie\u0144 Ta\u0144ca w Ariadnie - MSK\" \/>\n<meta property=\"og:description\" content=\"Edukacja taneczna jest jednym z filar\u00f3w naszej dzia\u0142alno\u015bci. Kochamy taniec w ka\u017cdej formie, dlatego Mi\u0119dzynarodowy Dzie\u0144 Ta\u0144ca to dla nas wyj\u0105tkowe \u015bwi\u0119to. W tym roku po\u0142\u0105czyli\u015bmy si\u0142y z Instytutem Choreografii i Technik Ta\u0144ca Akademii Muzycznej im. Gra\u017cyny i Kiejstuta Bacewicz\u00f3w w \u0141odzi i wsp\u00f3lnie organizujemy wyst\u0119p student\u00f3w tej specjalizacji. Zapraszamy ju\u017c 22 kwietnia o godz. [&hellip;]\" \/>\n<meta property=\"og:url\" content=\"https:\/\/msk.lodz.pl\/en\/miedzynarodowy-dzien-tanca-w-ariadnie\/\" \/>\n<meta property=\"og:site_name\" content=\"MSK\" \/>\n<meta property=\"article:published_time\" content=\"2023-04-12T11:01:39+00:00\" \/>\n<meta property=\"article:modified_time\" content=\"2023-04-13T16:28:22+00:00\" \/>\n<meta property=\"og:image\" content=\"https:\/\/msk.lodz.pl\/wp-content\/uploads\/2023\/04\/MSK-Niciarniana-Dzien-Tanca-scaled.jpg\" \/>\n\t<meta property=\"og:image:width\" content=\"2560\" \/>\n\t<meta property=\"og:image:height\" content=\"1707\" \/>\n\t<meta property=\"og:image:type\" content=\"image\/jpeg\" \/>\n<meta name=\"author\" content=\"ola test roli uzytkownika\" \/>\n<meta name=\"twitter:card\" content=\"summary_large_image\" \/>\n<meta name=\"twitter:label1\" content=\"Written by\" \/>\n\t<meta name=\"twitter:data1\" content=\"ola test roli uzytkownika\" \/>\n\t<meta name=\"twitter:label2\" content=\"Estimated reading time\" \/>\n\t<meta name=\"twitter:data2\" content=\"1 minute\" \/>\n<script type=\"application\/ld+json\" class=\"yoast-schema-graph\">{\"@context\":\"https:\/\/schema.org\",\"@graph\":[{\"@type\":\"Article\",\"@id\":\"https:\/\/msk.lodz.pl\/miedzynarodowy-dzien-tanca-w-ariadnie\/#article\",\"isPartOf\":{\"@id\":\"https:\/\/msk.lodz.pl\/miedzynarodowy-dzien-tanca-w-ariadnie\/\"},\"author\":{\"name\":\"ola test roli uzytkownika\",\"@id\":\"https:\/\/msk.lodz.pl\/#\/schema\/person\/cffd6ce75eb48ce35df7076fa7a0512e\"},\"headline\":\"Mi\u0119dzynarodowy Dzie\u0144 Ta\u0144ca w Ariadnie\",\"datePublished\":\"2023-04-12T11:01:39+00:00\",\"dateModified\":\"2023-04-13T16:28:22+00:00\",\"mainEntityOfPage\":{\"@id\":\"https:\/\/msk.lodz.pl\/miedzynarodowy-dzien-tanca-w-ariadnie\/\"},\"wordCount\":204,\"commentCount\":0,\"publisher\":{\"@id\":\"https:\/\/msk.lodz.pl\/#organization\"},\"image\":{\"@id\":\"https:\/\/msk.lodz.pl\/miedzynarodowy-dzien-tanca-w-ariadnie\/#primaryimage\"},\"thumbnailUrl\":\"https:\/\/msk.lodz.pl\/wp-content\/uploads\/2023\/04\/MSK-Niciarniana-Dzien-Tanca-scaled.jpg\",\"articleSection\":[\"Aktualno\u015bci\",\"MSK: Niciarniana\"],\"inLanguage\":\"en-GB\",\"potentialAction\":[{\"@type\":\"CommentAction\",\"name\":\"Comment\",\"target\":[\"https:\/\/msk.lodz.pl\/miedzynarodowy-dzien-tanca-w-ariadnie\/#respond\"]}]},{\"@type\":\"WebPage\",\"@id\":\"https:\/\/msk.lodz.pl\/miedzynarodowy-dzien-tanca-w-ariadnie\/\",\"url\":\"https:\/\/msk.lodz.pl\/miedzynarodowy-dzien-tanca-w-ariadnie\/\",\"name\":\"Mi\u0119dzynarodowy Dzie\u0144 Ta\u0144ca w Ariadnie - MSK\",\"isPartOf\":{\"@id\":\"https:\/\/msk.lodz.pl\/#website\"},\"primaryImageOfPage\":{\"@id\":\"https:\/\/msk.lodz.pl\/miedzynarodowy-dzien-tanca-w-ariadnie\/#primaryimage\"},\"image\":{\"@id\":\"https:\/\/msk.lodz.pl\/miedzynarodowy-dzien-tanca-w-ariadnie\/#primaryimage\"},\"thumbnailUrl\":\"https:\/\/msk.lodz.pl\/wp-content\/uploads\/2023\/04\/MSK-Niciarniana-Dzien-Tanca-scaled.jpg\",\"datePublished\":\"2023-04-12T11:01:39+00:00\",\"dateModified\":\"2023-04-13T16:28:22+00:00\",\"breadcrumb\":{\"@id\":\"https:\/\/msk.lodz.pl\/miedzynarodowy-dzien-tanca-w-ariadnie\/#breadcrumb\"},\"inLanguage\":\"en-GB\",\"potentialAction\":[{\"@type\":\"ReadAction\",\"target\":[\"https:\/\/msk.lodz.pl\/miedzynarodowy-dzien-tanca-w-ariadnie\/\"]}]},{\"@type\":\"ImageObject\",\"inLanguage\":\"en-GB\",\"@id\":\"https:\/\/msk.lodz.pl\/miedzynarodowy-dzien-tanca-w-ariadnie\/#primaryimage\",\"url\":\"https:\/\/msk.lodz.pl\/wp-content\/uploads\/2023\/04\/MSK-Niciarniana-Dzien-Tanca-scaled.jpg\",\"contentUrl\":\"https:\/\/msk.lodz.pl\/wp-content\/uploads\/2023\/04\/MSK-Niciarniana-Dzien-Tanca-scaled.jpg\",\"width\":2560,\"height\":1707,\"caption\":\"Rozmyta posta\u0107 ta\u0144cz\u0105cej kobiety. Po \u015brodku napisy: Mi\u0119dzynarodowy Dzie\u0144 Ta\u0144ca. W dolnym prawym rogu logo Ta\u0144czmy.\"},{\"@type\":\"BreadcrumbList\",\"@id\":\"https:\/\/msk.lodz.pl\/miedzynarodowy-dzien-tanca-w-ariadnie\/#breadcrumb\",\"itemListElement\":[{\"@type\":\"ListItem\",\"position\":1,\"name\":\"Strona g\u0142\u00f3wna\",\"item\":\"http:\/\/msk.lodz.pl\/en\/\"},{\"@type\":\"ListItem\",\"position\":2,\"name\":\"Mi\u0119dzynarodowy Dzie\u0144 Ta\u0144ca w Ariadnie\"}]},{\"@type\":\"WebSite\",\"@id\":\"https:\/\/msk.lodz.pl\/#website\",\"url\":\"https:\/\/msk.lodz.pl\/\",\"name\":\"MSK - \u0141\u00f3d\u017a\",\"description\":\"\",\"publisher\":{\"@id\":\"https:\/\/msk.lodz.pl\/#organization\"},\"potentialAction\":[{\"@type\":\"SearchAction\",\"target\":{\"@type\":\"EntryPoint\",\"urlTemplate\":\"https:\/\/msk.lodz.pl\/?s={search_term_string}\"},\"query-input\":{\"@type\":\"PropertyValueSpecification\",\"valueRequired\":true,\"valueName\":\"search_term_string\"}}],\"inLanguage\":\"en-GB\"},{\"@type\":\"Organization\",\"@id\":\"https:\/\/msk.lodz.pl\/#organization\",\"name\":\"MSK - \u0141\u00f3d\u017a\",\"url\":\"https:\/\/msk.lodz.pl\/\",\"logo\":{\"@type\":\"ImageObject\",\"inLanguage\":\"en-GB\",\"@id\":\"https:\/\/msk.lodz.pl\/#\/schema\/logo\/image\/\",\"url\":\"https:\/\/msk.lodz.pl\/wp-content\/uploads\/2023\/04\/cropped-Fav_icon_MSK.png\",\"contentUrl\":\"https:\/\/msk.lodz.pl\/wp-content\/uploads\/2023\/04\/cropped-Fav_icon_MSK.png\",\"width\":512,\"height\":512,\"caption\":\"MSK - \u0141\u00f3d\u017a\"},\"image\":{\"@id\":\"https:\/\/msk.lodz.pl\/#\/schema\/logo\/image\/\"}},{\"@type\":\"Person\",\"@id\":\"https:\/\/msk.lodz.pl\/#\/schema\/person\/cffd6ce75eb48ce35df7076fa7a0512e\",\"name\":\"ola test roli uzytkownika\",\"image\":{\"@type\":\"ImageObject\",\"inLanguage\":\"en-GB\",\"@id\":\"https:\/\/msk.lodz.pl\/#\/schema\/person\/image\/\",\"url\":\"https:\/\/secure.gravatar.com\/avatar\/71d3e77f9bce51ec51e6c2a261588e6a5c0ce07befceafdde7dbe75517c0b10d?s=96&d=mm&r=g\",\"contentUrl\":\"https:\/\/secure.gravatar.com\/avatar\/71d3e77f9bce51ec51e6c2a261588e6a5c0ce07befceafdde7dbe75517c0b10d?s=96&d=mm&r=g\",\"caption\":\"ola test roli uzytkownika\"},\"url\":\"https:\/\/msk.lodz.pl\/en\/author\/ola-test-roli-uzytkownika\/\"}]}<\/script>\n<!-- \/ Yoast SEO plugin. -->","yoast_head_json":{"title":"Mi\u0119dzynarodowy Dzie\u0144 Ta\u0144ca w Ariadnie - MSK","robots":{"index":"index","follow":"follow","max-snippet":"max-snippet:-1","max-image-preview":"max-image-preview:large","max-video-preview":"max-video-preview:-1"},"canonical":"https:\/\/msk.lodz.pl\/en\/miedzynarodowy-dzien-tanca-w-ariadnie\/","og_locale":"en_GB","og_type":"article","og_title":"Mi\u0119dzynarodowy Dzie\u0144 Ta\u0144ca w Ariadnie - MSK","og_description":"Edukacja taneczna jest jednym z filar\u00f3w naszej dzia\u0142alno\u015bci. Kochamy taniec w ka\u017cdej formie, dlatego Mi\u0119dzynarodowy Dzie\u0144 Ta\u0144ca to dla nas wyj\u0105tkowe \u015bwi\u0119to. W tym roku po\u0142\u0105czyli\u015bmy si\u0142y z Instytutem Choreografii i Technik Ta\u0144ca Akademii Muzycznej im. Gra\u017cyny i Kiejstuta Bacewicz\u00f3w w \u0141odzi i wsp\u00f3lnie organizujemy wyst\u0119p student\u00f3w tej specjalizacji. Zapraszamy ju\u017c 22 kwietnia o godz. [&hellip;]","og_url":"https:\/\/msk.lodz.pl\/en\/miedzynarodowy-dzien-tanca-w-ariadnie\/","og_site_name":"MSK","article_published_time":"2023-04-12T11:01:39+00:00","article_modified_time":"2023-04-13T16:28:22+00:00","og_image":[{"width":2560,"height":1707,"url":"https:\/\/msk.lodz.pl\/wp-content\/uploads\/2023\/04\/MSK-Niciarniana-Dzien-Tanca-scaled.jpg","type":"image\/jpeg"}],"author":"ola test roli uzytkownika","twitter_card":"summary_large_image","twitter_misc":{"Written by":"ola test roli uzytkownika","Estimated reading time":"1 minute"},"schema":{"@context":"https:\/\/schema.org","@graph":[{"@type":"Article","@id":"https:\/\/msk.lodz.pl\/miedzynarodowy-dzien-tanca-w-ariadnie\/#article","isPartOf":{"@id":"https:\/\/msk.lodz.pl\/miedzynarodowy-dzien-tanca-w-ariadnie\/"},"author":{"name":"ola test roli uzytkownika","@id":"https:\/\/msk.lodz.pl\/#\/schema\/person\/cffd6ce75eb48ce35df7076fa7a0512e"},"headline":"Mi\u0119dzynarodowy Dzie\u0144 Ta\u0144ca w Ariadnie","datePublished":"2023-04-12T11:01:39+00:00","dateModified":"2023-04-13T16:28:22+00:00","mainEntityOfPage":{"@id":"https:\/\/msk.lodz.pl\/miedzynarodowy-dzien-tanca-w-ariadnie\/"},"wordCount":204,"commentCount":0,"publisher":{"@id":"https:\/\/msk.lodz.pl\/#organization"},"image":{"@id":"https:\/\/msk.lodz.pl\/miedzynarodowy-dzien-tanca-w-ariadnie\/#primaryimage"},"thumbnailUrl":"https:\/\/msk.lodz.pl\/wp-content\/uploads\/2023\/04\/MSK-Niciarniana-Dzien-Tanca-scaled.jpg","articleSection":["Aktualno\u015bci","MSK: Niciarniana"],"inLanguage":"en-GB","potentialAction":[{"@type":"CommentAction","name":"Comment","target":["https:\/\/msk.lodz.pl\/miedzynarodowy-dzien-tanca-w-ariadnie\/#respond"]}]},{"@type":"WebPage","@id":"https:\/\/msk.lodz.pl\/miedzynarodowy-dzien-tanca-w-ariadnie\/","url":"https:\/\/msk.lodz.pl\/miedzynarodowy-dzien-tanca-w-ariadnie\/","name":"Mi\u0119dzynarodowy Dzie\u0144 Ta\u0144ca w Ariadnie - MSK","isPartOf":{"@id":"https:\/\/msk.lodz.pl\/#website"},"primaryImageOfPage":{"@id":"https:\/\/msk.lodz.pl\/miedzynarodowy-dzien-tanca-w-ariadnie\/#primaryimage"},"image":{"@id":"https:\/\/msk.lodz.pl\/miedzynarodowy-dzien-tanca-w-ariadnie\/#primaryimage"},"thumbnailUrl":"https:\/\/msk.lodz.pl\/wp-content\/uploads\/2023\/04\/MSK-Niciarniana-Dzien-Tanca-scaled.jpg","datePublished":"2023-04-12T11:01:39+00:00","dateModified":"2023-04-13T16:28:22+00:00","breadcrumb":{"@id":"https:\/\/msk.lodz.pl\/miedzynarodowy-dzien-tanca-w-ariadnie\/#breadcrumb"},"inLanguage":"en-GB","potentialAction":[{"@type":"ReadAction","target":["https:\/\/msk.lodz.pl\/miedzynarodowy-dzien-tanca-w-ariadnie\/"]}]},{"@type":"ImageObject","inLanguage":"en-GB","@id":"https:\/\/msk.lodz.pl\/miedzynarodowy-dzien-tanca-w-ariadnie\/#primaryimage","url":"https:\/\/msk.lodz.pl\/wp-content\/uploads\/2023\/04\/MSK-Niciarniana-Dzien-Tanca-scaled.jpg","contentUrl":"https:\/\/msk.lodz.pl\/wp-content\/uploads\/2023\/04\/MSK-Niciarniana-Dzien-Tanca-scaled.jpg","width":2560,"height":1707,"caption":"Rozmyta posta\u0107 ta\u0144cz\u0105cej kobiety. Po \u015brodku napisy: Mi\u0119dzynarodowy Dzie\u0144 Ta\u0144ca. W dolnym prawym rogu logo Ta\u0144czmy."},{"@type":"BreadcrumbList","@id":"https:\/\/msk.lodz.pl\/miedzynarodowy-dzien-tanca-w-ariadnie\/#breadcrumb","itemListElement":[{"@type":"ListItem","position":1,"name":"Strona g\u0142\u00f3wna","item":"http:\/\/msk.lodz.pl\/en\/"},{"@type":"ListItem","position":2,"name":"Mi\u0119dzynarodowy Dzie\u0144 Ta\u0144ca w Ariadnie"}]},{"@type":"WebSite","@id":"https:\/\/msk.lodz.pl\/#website","url":"https:\/\/msk.lodz.pl\/","name":"MSK - \u0141\u00f3d\u017a","description":"","publisher":{"@id":"https:\/\/msk.lodz.pl\/#organization"},"potentialAction":[{"@type":"SearchAction","target":{"@type":"EntryPoint","urlTemplate":"https:\/\/msk.lodz.pl\/?s={search_term_string}"},"query-input":{"@type":"PropertyValueSpecification","valueRequired":true,"valueName":"search_term_string"}}],"inLanguage":"en-GB"},{"@type":"Organization","@id":"https:\/\/msk.lodz.pl\/#organization","name":"MSK - \u0141\u00f3d\u017a","url":"https:\/\/msk.lodz.pl\/","logo":{"@type":"ImageObject","inLanguage":"en-GB","@id":"https:\/\/msk.lodz.pl\/#\/schema\/logo\/image\/","url":"https:\/\/msk.lodz.pl\/wp-content\/uploads\/2023\/04\/cropped-Fav_icon_MSK.png","contentUrl":"https:\/\/msk.lodz.pl\/wp-content\/uploads\/2023\/04\/cropped-Fav_icon_MSK.png","width":512,"height":512,"caption":"MSK - \u0141\u00f3d\u017a"},"image":{"@id":"https:\/\/msk.lodz.pl\/#\/schema\/logo\/image\/"}},{"@type":"Person","@id":"https:\/\/msk.lodz.pl\/#\/schema\/person\/cffd6ce75eb48ce35df7076fa7a0512e","name":"ola test roli uzytkownika","image":{"@type":"ImageObject","inLanguage":"en-GB","@id":"https:\/\/msk.lodz.pl\/#\/schema\/person\/image\/","url":"https:\/\/secure.gravatar.com\/avatar\/71d3e77f9bce51ec51e6c2a261588e6a5c0ce07befceafdde7dbe75517c0b10d?s=96&d=mm&r=g","contentUrl":"https:\/\/secure.gravatar.com\/avatar\/71d3e77f9bce51ec51e6c2a261588e6a5c0ce07befceafdde7dbe75517c0b10d?s=96&d=mm&r=g","caption":"ola test roli uzytkownika"},"url":"https:\/\/msk.lodz.pl\/en\/author\/ola-test-roli-uzytkownika\/"}]}},"_links":{"self":[{"href":"https:\/\/msk.lodz.pl\/en\/wp-json\/wp\/v2\/posts\/9499","targetHints":{"allow":["GET"]}}],"collection":[{"href":"https:\/\/msk.lodz.pl\/en\/wp-json\/wp\/v2\/posts"}],"about":[{"href":"https:\/\/msk.lodz.pl\/en\/wp-json\/wp\/v2\/types\/post"}],"author":[{"embeddable":true,"href":"https:\/\/msk.lodz.pl\/en\/wp-json\/wp\/v2\/users\/35"}],"replies":[{"embeddable":true,"href":"https:\/\/msk.lodz.pl\/en\/wp-json\/wp\/v2\/comments?post=9499"}],"version-history":[{"count":0,"href":"https:\/\/msk.lodz.pl\/en\/wp-json\/wp\/v2\/posts\/9499\/revisions"}],"wp:featuredmedia":[{"embeddable":true,"href":"https:\/\/msk.lodz.pl\/en\/wp-json\/wp\/v2\/media\/9600"}],"wp:attachment":[{"href":"https:\/\/msk.lodz.pl\/en\/wp-json\/wp\/v2\/media?parent=9499"}],"wp:term":[{"taxonomy":"category","embeddable":true,"href":"https:\/\/msk.lodz.pl\/en\/wp-json\/wp\/v2\/categories?post=9499"},{"taxonomy":"post_tag","embeddable":true,"href":"https:\/\/msk.lodz.pl\/en\/wp-json\/wp\/v2\/tags?post=9499"}],"curies":[{"name":"wp","href":"https:\/\/api.w.org\/{rel}","templated":true}]}}