{"id":97585,"date":"2025-05-05T19:27:03","date_gmt":"2025-05-05T17:27:03","guid":{"rendered":"https:\/\/msk.lodz.pl\/?p=97585"},"modified":"2025-05-05T19:27:03","modified_gmt":"2025-05-05T17:27:03","slug":"francuski-wieczor-teatralny-wydarzenie","status":"publish","type":"post","link":"https:\/\/msk.lodz.pl\/en\/francuski-wieczor-teatralny-wydarzenie\/","title":{"rendered":"Francuski Wiecz\u00f3r Teatralny \/\/ wydarzenie"},"content":{"rendered":"<p class=\"has-medium-font-size\">23 maja 2025 <\/p>\n\n\n\n<p class=\"has-medium-font-size\">godz. 18.00<\/p>\n\n\n\n<p>wst\u0119p bezp\u0142atny<\/p>\n\n\n\n<p><\/p>\n\n\n\n<p><\/p>\n\n\n\n<p class=\"has-medium-font-size\">Francuski Wiecz\u00f3r Teatralny, to idealna propozycja dla mi\u0142o\u015bnik\u00f3w teatru, j\u0119zyka francuskiego oraz dla ceni\u0105cych sobie tw\u00f3rczo\u015b\u0107 pe\u0142n\u0105 pasji i autentyczno\u015bci.<\/p>\n\n\n\n<p class=\"has-medium-font-size\">W tym wyj\u0105tkowym wieczorze ze sztuk\u0105 francusk\u0105, kt\u00f3ry zaprezentuje Grupa Teatralna DEJA VU znajdziemy dwa zr\u00f3\u017cnicowane stylistycznie spektakle w wersji francusko-polskiej, dzi\u0119ki czemu wydarzenie stanie si\u0119 nie tylko kulturaln\u0105 uczt\u0105, ale r\u00f3wnie\u017c okazj\u0105 do obcowania z j\u0119zykiem francuskim w oryginalnej formie.<\/p>\n\n\n\n<p class=\"has-medium-font-size\"><strong>\u201eSzata\u0144ska filozofia\u201d<\/strong><\/p>\n\n\n\n<p class=\"has-medium-font-size\">Adaptacja sztuki Erica-Emmanuela Schmitta, znanego francuskiego dramaturga, filozofa i powie\u015bciopisarza. Spektakl w re\u017cyserii Inki Serdakowskiej-S\u0142owik to sztuka z elementami groteski, w kt\u00f3rej poruszane s\u0105 tematy wolno\u015bci, moralno\u015bci i natury ludzkiego wyboru. Wyst\u0119puj\u0105: Krystian Papuga, Oskar Kornacki, Mateusz Pietrzak, Zofia S\u0142omi\u0144ska, Marcel Sierny, Igor Cikota, Bartosz Adamczewski, Laura Stasiak vel Stasek, Oliwia Rybicka<\/p>\n\n\n\n<p class=\"has-medium-font-size\"><strong>\u201eKr\u00f3lewna \u015amieszka\u201d<\/strong><\/p>\n\n\n\n<p class=\"has-medium-font-size\">Autorska, pe\u0142na humoru komedia Inki Serdakowskiej o zarozumia\u0142ej dziewczynce, kt\u00f3ra za wszelk\u0105 cen\u0119 pr\u00f3buje znale\u017a\u0107 ksi\u0119cia, wykorzystuj\u0105c do tego ka\u017cdego, kogo spotka. Zabawna opowie\u015b\u0107 inspirowana klasycznymi bajkami, w wykonaniu m\u0142odych aktor\u00f3w: Krystian Papuga, Oskar Kornacki, Mateusz Pietrzak, Zofia S\u0142omi\u0144ska, Marcel Sierny, Igor Cikota, Bartosz Adamczewski, Laura Stasiak vel Stasek, Emilia Thebline, Klaudia S\u0142owik.<\/p>\n\n\n\n<p class=\"has-medium-font-size\"><strong>Piosenka francuska<\/strong><\/p>\n\n\n\n<p class=\"has-medium-font-size\">Wiecz\u00f3r dope\u0142ni muzyczna oprawa \u2013 francuska piosenka, kt\u00f3ra przeniesie publiczno\u015b\u0107 w romantyczny nastr\u00f3j Pary\u017ca. Nastrojowe melodie i poetyckie teksty pozwol\u0105 poczu\u0107 prawdziwy klimat francuskiej kultury.<\/p>","protected":false},"excerpt":{"rendered":"<p>23 maja 2025 godz. 18.00 wst\u0119p bezp\u0142atny Francuski Wiecz\u00f3r Teatralny, to idealna propozycja dla mi\u0142o\u015bnik\u00f3w teatru, j\u0119zyka francuskiego oraz dla ceni\u0105cych sobie tw\u00f3rczo\u015b\u0107 pe\u0142n\u0105 pasji i autentyczno\u015bci. W tym wyj\u0105tkowym wieczorze ze sztuk\u0105 francusk\u0105, kt\u00f3ry zaprezentuje Grupa Teatralna DEJA VU znajdziemy dwa zr\u00f3\u017cnicowane stylistycznie spektakle w wersji francusko-polskiej, dzi\u0119ki czemu wydarzenie stanie si\u0119 nie tylko [&hellip;]<\/p>","protected":false},"author":15,"featured_media":97759,"comment_status":"closed","ping_status":"","sticky":false,"template":"","format":"standard","meta":{"footnotes":""},"categories":[247,246,1],"tags":[192,193,522],"class_list":["post-97585","post","type-post","status-publish","format-standard","has-post-thumbnail","hentry","category-aktualnosci-msk-teofilow","category-msk-teofilow","category-nieprzypisane","tag-dorosli","tag-seniorzy","tag-wydarzenia"],"yoast_head":"<!-- This site is optimized with the Yoast SEO plugin v26.5 - https:\/\/yoast.com\/wordpress\/plugins\/seo\/ -->\n<title>Francuski Wiecz\u00f3r Teatralny \/\/ wydarzenie - MSK<\/title>\n<meta name=\"robots\" content=\"index, follow, max-snippet:-1, max-image-preview:large, max-video-preview:-1\" \/>\n<link rel=\"canonical\" href=\"http:\/\/msk.lodz.pl\/en\/francuski-wieczor-teatralny-wydarzenie\/\" \/>\n<meta property=\"og:locale\" content=\"en_GB\" \/>\n<meta property=\"og:type\" content=\"article\" \/>\n<meta property=\"og:title\" content=\"Francuski Wiecz\u00f3r Teatralny \/\/ wydarzenie - MSK\" \/>\n<meta property=\"og:description\" content=\"23 maja 2025 godz. 18.00 wst\u0119p bezp\u0142atny Francuski Wiecz\u00f3r Teatralny, to idealna propozycja dla mi\u0142o\u015bnik\u00f3w teatru, j\u0119zyka francuskiego oraz dla ceni\u0105cych sobie tw\u00f3rczo\u015b\u0107 pe\u0142n\u0105 pasji i autentyczno\u015bci. W tym wyj\u0105tkowym wieczorze ze sztuk\u0105 francusk\u0105, kt\u00f3ry zaprezentuje Grupa Teatralna DEJA VU znajdziemy dwa zr\u00f3\u017cnicowane stylistycznie spektakle w wersji francusko-polskiej, dzi\u0119ki czemu wydarzenie stanie si\u0119 nie tylko [&hellip;]\" \/>\n<meta property=\"og:url\" content=\"http:\/\/msk.lodz.pl\/en\/francuski-wieczor-teatralny-wydarzenie\/\" \/>\n<meta property=\"og:site_name\" content=\"MSK\" \/>\n<meta property=\"article:published_time\" content=\"2025-05-05T17:27:03+00:00\" \/>\n<meta property=\"og:image\" content=\"https:\/\/msk.lodz.pl\/wp-content\/uploads\/2025\/04\/b3ec743c-1640-4245-a60b-7181dd844f42.jpg\" \/>\n\t<meta property=\"og:image:width\" content=\"1414\" \/>\n\t<meta property=\"og:image:height\" content=\"1999\" \/>\n\t<meta property=\"og:image:type\" content=\"image\/jpeg\" \/>\n<meta name=\"author\" content=\"Joanna Laskowska\" \/>\n<meta name=\"twitter:card\" content=\"summary_large_image\" \/>\n<meta name=\"twitter:label1\" content=\"Written by\" \/>\n\t<meta name=\"twitter:data1\" content=\"Joanna Laskowska\" \/>\n\t<meta name=\"twitter:label2\" content=\"Estimated reading time\" \/>\n\t<meta name=\"twitter:data2\" content=\"1 minute\" \/>\n<script type=\"application\/ld+json\" class=\"yoast-schema-graph\">{\"@context\":\"https:\/\/schema.org\",\"@graph\":[{\"@type\":\"Article\",\"@id\":\"http:\/\/msk.lodz.pl\/en\/francuski-wieczor-teatralny-wydarzenie\/#article\",\"isPartOf\":{\"@id\":\"http:\/\/msk.lodz.pl\/en\/francuski-wieczor-teatralny-wydarzenie\/\"},\"author\":{\"name\":\"Joanna Laskowska\",\"@id\":\"https:\/\/msk.lodz.pl\/#\/schema\/person\/b13ccbf8756b5fbaad57188dbb8a0126\"},\"headline\":\"Francuski Wiecz\u00f3r Teatralny \/\/ wydarzenie\",\"datePublished\":\"2025-05-05T17:27:03+00:00\",\"mainEntityOfPage\":{\"@id\":\"http:\/\/msk.lodz.pl\/en\/francuski-wieczor-teatralny-wydarzenie\/\"},\"wordCount\":250,\"publisher\":{\"@id\":\"https:\/\/msk.lodz.pl\/#organization\"},\"image\":{\"@id\":\"http:\/\/msk.lodz.pl\/en\/francuski-wieczor-teatralny-wydarzenie\/#primaryimage\"},\"thumbnailUrl\":\"https:\/\/msk.lodz.pl\/wp-content\/uploads\/2025\/04\/b3ec743c-1640-4245-a60b-7181dd844f42.jpg\",\"keywords\":[\"Doro\u015bli\",\"Seniorzy\",\"Wydarzenia\"],\"articleSection\":[\"Aktualno\u015bci\",\"MSK: Teofil\u00f3w\",\"Nie przypisane\"],\"inLanguage\":\"en-GB\"},{\"@type\":\"WebPage\",\"@id\":\"http:\/\/msk.lodz.pl\/en\/francuski-wieczor-teatralny-wydarzenie\/\",\"url\":\"http:\/\/msk.lodz.pl\/en\/francuski-wieczor-teatralny-wydarzenie\/\",\"name\":\"Francuski Wiecz\u00f3r Teatralny \/\/ wydarzenie - MSK\",\"isPartOf\":{\"@id\":\"https:\/\/msk.lodz.pl\/#website\"},\"primaryImageOfPage\":{\"@id\":\"http:\/\/msk.lodz.pl\/en\/francuski-wieczor-teatralny-wydarzenie\/#primaryimage\"},\"image\":{\"@id\":\"http:\/\/msk.lodz.pl\/en\/francuski-wieczor-teatralny-wydarzenie\/#primaryimage\"},\"thumbnailUrl\":\"https:\/\/msk.lodz.pl\/wp-content\/uploads\/2025\/04\/b3ec743c-1640-4245-a60b-7181dd844f42.jpg\",\"datePublished\":\"2025-05-05T17:27:03+00:00\",\"breadcrumb\":{\"@id\":\"http:\/\/msk.lodz.pl\/en\/francuski-wieczor-teatralny-wydarzenie\/#breadcrumb\"},\"inLanguage\":\"en-GB\",\"potentialAction\":[{\"@type\":\"ReadAction\",\"target\":[\"http:\/\/msk.lodz.pl\/en\/francuski-wieczor-teatralny-wydarzenie\/\"]}]},{\"@type\":\"ImageObject\",\"inLanguage\":\"en-GB\",\"@id\":\"http:\/\/msk.lodz.pl\/en\/francuski-wieczor-teatralny-wydarzenie\/#primaryimage\",\"url\":\"https:\/\/msk.lodz.pl\/wp-content\/uploads\/2025\/04\/b3ec743c-1640-4245-a60b-7181dd844f42.jpg\",\"contentUrl\":\"https:\/\/msk.lodz.pl\/wp-content\/uploads\/2025\/04\/b3ec743c-1640-4245-a60b-7181dd844f42.jpg\",\"width\":1414,\"height\":1999,\"caption\":\"Plakat Francuskiego Wieczoru Teatralnego. Po lewej stronie tytu\u0142y dw\u00f3ch spektakli i zapowied\u017a piosenki francuskiej. Po prawej kola\u017c, na kt\u00f3ry sk\u0142ada si\u0119 posta\u0107 wydartej z papieru kr\u00f3lewny . Wa\u017cnym elementem kola\u017cu jest r\u0119ka diab\u0142a, Wie\u017ca Eiffla, korona i z\u0142ota rama.\"},{\"@type\":\"BreadcrumbList\",\"@id\":\"http:\/\/msk.lodz.pl\/en\/francuski-wieczor-teatralny-wydarzenie\/#breadcrumb\",\"itemListElement\":[{\"@type\":\"ListItem\",\"position\":1,\"name\":\"Strona g\u0142\u00f3wna\",\"item\":\"http:\/\/msk.lodz.pl\/en\/\"},{\"@type\":\"ListItem\",\"position\":2,\"name\":\"Francuski Wiecz\u00f3r Teatralny \/\/ wydarzenie\"}]},{\"@type\":\"WebSite\",\"@id\":\"https:\/\/msk.lodz.pl\/#website\",\"url\":\"https:\/\/msk.lodz.pl\/\",\"name\":\"MSK - \u0141\u00f3d\u017a\",\"description\":\"\",\"publisher\":{\"@id\":\"https:\/\/msk.lodz.pl\/#organization\"},\"potentialAction\":[{\"@type\":\"SearchAction\",\"target\":{\"@type\":\"EntryPoint\",\"urlTemplate\":\"https:\/\/msk.lodz.pl\/?s={search_term_string}\"},\"query-input\":{\"@type\":\"PropertyValueSpecification\",\"valueRequired\":true,\"valueName\":\"search_term_string\"}}],\"inLanguage\":\"en-GB\"},{\"@type\":\"Organization\",\"@id\":\"https:\/\/msk.lodz.pl\/#organization\",\"name\":\"MSK - \u0141\u00f3d\u017a\",\"url\":\"https:\/\/msk.lodz.pl\/\",\"logo\":{\"@type\":\"ImageObject\",\"inLanguage\":\"en-GB\",\"@id\":\"https:\/\/msk.lodz.pl\/#\/schema\/logo\/image\/\",\"url\":\"https:\/\/msk.lodz.pl\/wp-content\/uploads\/2023\/04\/cropped-Fav_icon_MSK.png\",\"contentUrl\":\"https:\/\/msk.lodz.pl\/wp-content\/uploads\/2023\/04\/cropped-Fav_icon_MSK.png\",\"width\":512,\"height\":512,\"caption\":\"MSK - \u0141\u00f3d\u017a\"},\"image\":{\"@id\":\"https:\/\/msk.lodz.pl\/#\/schema\/logo\/image\/\"}},{\"@type\":\"Person\",\"@id\":\"https:\/\/msk.lodz.pl\/#\/schema\/person\/b13ccbf8756b5fbaad57188dbb8a0126\",\"name\":\"Joanna Laskowska\",\"image\":{\"@type\":\"ImageObject\",\"inLanguage\":\"en-GB\",\"@id\":\"https:\/\/msk.lodz.pl\/#\/schema\/person\/image\/\",\"url\":\"https:\/\/secure.gravatar.com\/avatar\/58471362d8ee181f3fb88212fe4901c0f86fea5c6f2ed03ec885f728d0509b28?s=96&d=mm&r=g\",\"contentUrl\":\"https:\/\/secure.gravatar.com\/avatar\/58471362d8ee181f3fb88212fe4901c0f86fea5c6f2ed03ec885f728d0509b28?s=96&d=mm&r=g\",\"caption\":\"Joanna Laskowska\"},\"url\":\"https:\/\/msk.lodz.pl\/en\/author\/joanna-laskowska\/\"}]}<\/script>\n<!-- \/ Yoast SEO plugin. -->","yoast_head_json":{"title":"Francuski Wiecz\u00f3r Teatralny \/\/ wydarzenie - MSK","robots":{"index":"index","follow":"follow","max-snippet":"max-snippet:-1","max-image-preview":"max-image-preview:large","max-video-preview":"max-video-preview:-1"},"canonical":"http:\/\/msk.lodz.pl\/en\/francuski-wieczor-teatralny-wydarzenie\/","og_locale":"en_GB","og_type":"article","og_title":"Francuski Wiecz\u00f3r Teatralny \/\/ wydarzenie - MSK","og_description":"23 maja 2025 godz. 18.00 wst\u0119p bezp\u0142atny Francuski Wiecz\u00f3r Teatralny, to idealna propozycja dla mi\u0142o\u015bnik\u00f3w teatru, j\u0119zyka francuskiego oraz dla ceni\u0105cych sobie tw\u00f3rczo\u015b\u0107 pe\u0142n\u0105 pasji i autentyczno\u015bci. W tym wyj\u0105tkowym wieczorze ze sztuk\u0105 francusk\u0105, kt\u00f3ry zaprezentuje Grupa Teatralna DEJA VU znajdziemy dwa zr\u00f3\u017cnicowane stylistycznie spektakle w wersji francusko-polskiej, dzi\u0119ki czemu wydarzenie stanie si\u0119 nie tylko [&hellip;]","og_url":"http:\/\/msk.lodz.pl\/en\/francuski-wieczor-teatralny-wydarzenie\/","og_site_name":"MSK","article_published_time":"2025-05-05T17:27:03+00:00","og_image":[{"width":1414,"height":1999,"url":"https:\/\/msk.lodz.pl\/wp-content\/uploads\/2025\/04\/b3ec743c-1640-4245-a60b-7181dd844f42.jpg","type":"image\/jpeg"}],"author":"Joanna Laskowska","twitter_card":"summary_large_image","twitter_misc":{"Written by":"Joanna Laskowska","Estimated reading time":"1 minute"},"schema":{"@context":"https:\/\/schema.org","@graph":[{"@type":"Article","@id":"http:\/\/msk.lodz.pl\/en\/francuski-wieczor-teatralny-wydarzenie\/#article","isPartOf":{"@id":"http:\/\/msk.lodz.pl\/en\/francuski-wieczor-teatralny-wydarzenie\/"},"author":{"name":"Joanna Laskowska","@id":"https:\/\/msk.lodz.pl\/#\/schema\/person\/b13ccbf8756b5fbaad57188dbb8a0126"},"headline":"Francuski Wiecz\u00f3r Teatralny \/\/ wydarzenie","datePublished":"2025-05-05T17:27:03+00:00","mainEntityOfPage":{"@id":"http:\/\/msk.lodz.pl\/en\/francuski-wieczor-teatralny-wydarzenie\/"},"wordCount":250,"publisher":{"@id":"https:\/\/msk.lodz.pl\/#organization"},"image":{"@id":"http:\/\/msk.lodz.pl\/en\/francuski-wieczor-teatralny-wydarzenie\/#primaryimage"},"thumbnailUrl":"https:\/\/msk.lodz.pl\/wp-content\/uploads\/2025\/04\/b3ec743c-1640-4245-a60b-7181dd844f42.jpg","keywords":["Doro\u015bli","Seniorzy","Wydarzenia"],"articleSection":["Aktualno\u015bci","MSK: Teofil\u00f3w","Nie przypisane"],"inLanguage":"en-GB"},{"@type":"WebPage","@id":"http:\/\/msk.lodz.pl\/en\/francuski-wieczor-teatralny-wydarzenie\/","url":"http:\/\/msk.lodz.pl\/en\/francuski-wieczor-teatralny-wydarzenie\/","name":"Francuski Wiecz\u00f3r Teatralny \/\/ wydarzenie - MSK","isPartOf":{"@id":"https:\/\/msk.lodz.pl\/#website"},"primaryImageOfPage":{"@id":"http:\/\/msk.lodz.pl\/en\/francuski-wieczor-teatralny-wydarzenie\/#primaryimage"},"image":{"@id":"http:\/\/msk.lodz.pl\/en\/francuski-wieczor-teatralny-wydarzenie\/#primaryimage"},"thumbnailUrl":"https:\/\/msk.lodz.pl\/wp-content\/uploads\/2025\/04\/b3ec743c-1640-4245-a60b-7181dd844f42.jpg","datePublished":"2025-05-05T17:27:03+00:00","breadcrumb":{"@id":"http:\/\/msk.lodz.pl\/en\/francuski-wieczor-teatralny-wydarzenie\/#breadcrumb"},"inLanguage":"en-GB","potentialAction":[{"@type":"ReadAction","target":["http:\/\/msk.lodz.pl\/en\/francuski-wieczor-teatralny-wydarzenie\/"]}]},{"@type":"ImageObject","inLanguage":"en-GB","@id":"http:\/\/msk.lodz.pl\/en\/francuski-wieczor-teatralny-wydarzenie\/#primaryimage","url":"https:\/\/msk.lodz.pl\/wp-content\/uploads\/2025\/04\/b3ec743c-1640-4245-a60b-7181dd844f42.jpg","contentUrl":"https:\/\/msk.lodz.pl\/wp-content\/uploads\/2025\/04\/b3ec743c-1640-4245-a60b-7181dd844f42.jpg","width":1414,"height":1999,"caption":"Plakat Francuskiego Wieczoru Teatralnego. Po lewej stronie tytu\u0142y dw\u00f3ch spektakli i zapowied\u017a piosenki francuskiej. Po prawej kola\u017c, na kt\u00f3ry sk\u0142ada si\u0119 posta\u0107 wydartej z papieru kr\u00f3lewny . Wa\u017cnym elementem kola\u017cu jest r\u0119ka diab\u0142a, Wie\u017ca Eiffla, korona i z\u0142ota rama."},{"@type":"BreadcrumbList","@id":"http:\/\/msk.lodz.pl\/en\/francuski-wieczor-teatralny-wydarzenie\/#breadcrumb","itemListElement":[{"@type":"ListItem","position":1,"name":"Strona g\u0142\u00f3wna","item":"http:\/\/msk.lodz.pl\/en\/"},{"@type":"ListItem","position":2,"name":"Francuski Wiecz\u00f3r Teatralny \/\/ wydarzenie"}]},{"@type":"WebSite","@id":"https:\/\/msk.lodz.pl\/#website","url":"https:\/\/msk.lodz.pl\/","name":"MSK - \u0141\u00f3d\u017a","description":"","publisher":{"@id":"https:\/\/msk.lodz.pl\/#organization"},"potentialAction":[{"@type":"SearchAction","target":{"@type":"EntryPoint","urlTemplate":"https:\/\/msk.lodz.pl\/?s={search_term_string}"},"query-input":{"@type":"PropertyValueSpecification","valueRequired":true,"valueName":"search_term_string"}}],"inLanguage":"en-GB"},{"@type":"Organization","@id":"https:\/\/msk.lodz.pl\/#organization","name":"MSK - \u0141\u00f3d\u017a","url":"https:\/\/msk.lodz.pl\/","logo":{"@type":"ImageObject","inLanguage":"en-GB","@id":"https:\/\/msk.lodz.pl\/#\/schema\/logo\/image\/","url":"https:\/\/msk.lodz.pl\/wp-content\/uploads\/2023\/04\/cropped-Fav_icon_MSK.png","contentUrl":"https:\/\/msk.lodz.pl\/wp-content\/uploads\/2023\/04\/cropped-Fav_icon_MSK.png","width":512,"height":512,"caption":"MSK - \u0141\u00f3d\u017a"},"image":{"@id":"https:\/\/msk.lodz.pl\/#\/schema\/logo\/image\/"}},{"@type":"Person","@id":"https:\/\/msk.lodz.pl\/#\/schema\/person\/b13ccbf8756b5fbaad57188dbb8a0126","name":"Joanna Laskowska","image":{"@type":"ImageObject","inLanguage":"en-GB","@id":"https:\/\/msk.lodz.pl\/#\/schema\/person\/image\/","url":"https:\/\/secure.gravatar.com\/avatar\/58471362d8ee181f3fb88212fe4901c0f86fea5c6f2ed03ec885f728d0509b28?s=96&d=mm&r=g","contentUrl":"https:\/\/secure.gravatar.com\/avatar\/58471362d8ee181f3fb88212fe4901c0f86fea5c6f2ed03ec885f728d0509b28?s=96&d=mm&r=g","caption":"Joanna Laskowska"},"url":"https:\/\/msk.lodz.pl\/en\/author\/joanna-laskowska\/"}]}},"_links":{"self":[{"href":"https:\/\/msk.lodz.pl\/en\/wp-json\/wp\/v2\/posts\/97585","targetHints":{"allow":["GET"]}}],"collection":[{"href":"https:\/\/msk.lodz.pl\/en\/wp-json\/wp\/v2\/posts"}],"about":[{"href":"https:\/\/msk.lodz.pl\/en\/wp-json\/wp\/v2\/types\/post"}],"author":[{"embeddable":true,"href":"https:\/\/msk.lodz.pl\/en\/wp-json\/wp\/v2\/users\/15"}],"replies":[{"embeddable":true,"href":"https:\/\/msk.lodz.pl\/en\/wp-json\/wp\/v2\/comments?post=97585"}],"version-history":[{"count":0,"href":"https:\/\/msk.lodz.pl\/en\/wp-json\/wp\/v2\/posts\/97585\/revisions"}],"wp:featuredmedia":[{"embeddable":true,"href":"https:\/\/msk.lodz.pl\/en\/wp-json\/wp\/v2\/media\/97759"}],"wp:attachment":[{"href":"https:\/\/msk.lodz.pl\/en\/wp-json\/wp\/v2\/media?parent=97585"}],"wp:term":[{"taxonomy":"category","embeddable":true,"href":"https:\/\/msk.lodz.pl\/en\/wp-json\/wp\/v2\/categories?post=97585"},{"taxonomy":"post_tag","embeddable":true,"href":"https:\/\/msk.lodz.pl\/en\/wp-json\/wp\/v2\/tags?post=97585"}],"curies":[{"name":"wp","href":"https:\/\/api.w.org\/{rel}","templated":true}]}}